{"id":436526,"date":"2022-02-08T19:06:09","date_gmt":"2022-02-08T16:06:09","guid":{"rendered":"http:\/\/arantv.az\/?p=436526"},"modified":"2022-02-08T19:06:09","modified_gmt":"2022-02-08T16:06:09","slug":"medianin-inkisafi-agentliyin%c9%99-yeni-huquqlar-verilib-f%c9%99rman","status":"publish","type":"post","link":"https:\/\/arantv.az\/?p=436526","title":{"rendered":"Median\u0131n \u0130nki\u015faf\u0131 Agentliyin\u0259 yeni h\u00fcquqlar verilib \u2013 F\u018fRMAN"},"content":{"rendered":"<p>Prezident \u0130lham \u018fliyev \u201cAz\u0259rbaycan Respublikas\u0131n\u0131n Median\u0131n \u0130nki\u015faf\u0131 Agentliyinin Nizamnam\u0259si\u201dnd\u0259 d\u0259yi\u015fiklik edilm\u0259si haqq\u0131nda f\u0259rman imzalay\u0131b.<\/p>\n<p>S\u0259n\u0259d\u0259 \u0259sas\u0259n, \u201cAz\u0259rbaycan Respublikas\u0131n\u0131n Median\u0131n \u0130nki\u015faf\u0131 Agentliyinin Nizamnam\u0259si\u201dn\u0259 a\u015fa\u011f\u0131dak\u0131 m\u0259zmunda 3.1.18-1-ci, 3.1.19-1-ci, 3.1.19-2-ci, 3.1.22-1\u20133.1.22-3-c\u00fc, 3.1.25-1\u20133.1.25-3-c\u00fc v\u0259 3.2.5-1-ci yar\u0131mb\u0259ndl\u0259r \u0259lav\u0259 edilib:<\/p>\n<p>\u201c3.1.18-1. Az\u0259rbaycan Respublikas\u0131ndan k\u0259narda yerl\u0259\u015f\u0259n media subyektl\u0259rinin f\u0259aliyy\u0259tind\u0259 \u201cMedia haqq\u0131nda\u201d Az\u0259rbaycan Respublikas\u0131 Qanununun t\u0259l\u0259bl\u0259rinin pozulmas\u0131 hallar\u0131 a\u015fkar edildikd\u0259 Az\u0259rbaycan Respublikas\u0131n\u0131n t\u0259r\u0259fdar \u00e7\u0131xd\u0131\u011f\u0131 beyn\u0259lxalq m\u00fcqavil\u0259l\u0259rd\u0259 v\u0259 \u201cMedia haqq\u0131nda\u201d Az\u0259rbaycan Respublikas\u0131n\u0131n Qanununda n\u0259z\u0259rd\u0259 tutulmu\u015f t\u0259dbirl\u0259ri h\u0259yata ke\u00e7irm\u0259k;\u201d;<\/p>\n<p>\u201c3.1.19-1. Az\u0259rbaycan Respublikas\u0131n\u0131n t\u0259r\u0259fdar \u00e7\u0131xd\u0131\u011f\u0131 beyn\u0259lxalq m\u00fcqavil\u0259l\u0259rd\u0259 n\u0259z\u0259rd\u0259 tutulmad\u0131qda, redaksiyas\u0131n\u0131n daimi yeri Az\u0259rbaycan Respublikas\u0131n\u0131n h\u00fcdudlar\u0131ndan k\u0259narda olan xarici \u00e7ap medias\u0131 m\u0259hsulunun Az\u0259rbaycan Respublikas\u0131n\u0131n \u0259razisind\u0259 yay\u0131lmas\u0131 il\u0259 ba\u011fl\u0131 m\u0259s\u0259l\u0259l\u0259ri h\u0259ll etm\u0259k;<\/p>\n<p>3.1.19-2. \u201cMedia haqq\u0131nda\u201d Az\u0259rbaycan Respublikas\u0131n\u0131n Qanununda n\u0259z\u0259rd\u0259 tutulmu\u015f hallarda \u00e7ap medias\u0131 v\u0259 onlayn media subyektl\u0259rin\u0259 x\u0259b\u0259rdarl\u0131q etm\u0259k, habel\u0259 onlar\u0131n f\u0259aliyy\u0259tinin v\u0259 media m\u0259hsullar\u0131n\u0131n yay\u0131mlanmas\u0131n\u0131n dayand\u0131r\u0131lmas\u0131, el\u0259c\u0259 d\u0259 h\u0259min subyektl\u0259rin f\u0259aliyy\u0259tin\u0259 xitam verilm\u0259si bar\u0259d\u0259 m\u0259hk\u0259m\u0259 qar\u015f\u0131s\u0131nda iddia qald\u0131rmaq;\u201d;<\/p>\n<p>\u201c3.1.22-1. Media Reyestrini formala\u015fd\u0131rmaq, aparmaq, idar\u0259 etm\u0259k, ondan istifad\u0259 edilm\u0259sin\u0259 v\u0259 m\u0259lumatlar\u0131n m\u00fchafiz\u0259sin\u0259 n\u0259zar\u0259t etm\u0259k;<\/p>\n<p>3.1.22-2. Media Reyestrin\u0259 daxil edilmi\u015f \u00e7ap medias\u0131n\u0131n v\u0259 onlayn median\u0131n redaksiyas\u0131n\u0131n loqotipinin (embleminin) d\u0259yi\u015fdirilm\u0259sin\u0259 raz\u0131l\u0131q verm\u0259k;<\/p>\n<p>3.1.22-3. Media Reyestrin\u0259 daxil edilmi\u015f media subyektl\u0259rin\u0259 Media Reyestri \u015f\u0259had\u0259tnam\u0259si, jurnalistl\u0259r\u0259 is\u0259 jurnalist v\u0259siq\u0259si verm\u0259k;\u201d;<\/p>\n<p>\u201c3.1.25-1. \u0259h\u0259miyy\u0259tli t\u0259dbirl\u0259rl\u0259 ba\u011fl\u0131 siyah\u0131n\u0131 h\u0259r il n\u00f6vb\u0259ti il \u00fc\u00e7\u00fcn elan etm\u0259k, bu siyah\u0131n\u0131 \u00f6z\u00fcn\u00fcn r\u0259smi internet sayt\u0131nda yerl\u0259\u015fdirm\u0259k v\u0259 onun m\u00fcnt\u0259z\u0259m olaraq yenil\u0259nm\u0259sini t\u0259min etm\u0259k;<\/p>\n<p>3.1.25-2. media subyekti Media Reyestrind\u0259n \u00e7\u0131xar\u0131ld\u0131qda \u00f6z\u00fcn\u00fcn r\u0259smi internet sayt\u0131nda bu bar\u0259d\u0259 m\u0259lumat yerl\u0259\u015fdirm\u0259k;<\/p>\n<p>3.1.25-3. jurnalist Media Reyestrind\u0259n \u00e7\u0131xar\u0131ld\u0131qda onun jurnalist v\u0259siq\u0259sini l\u0259\u011fv etm\u0259k v\u0259 bu bar\u0259d\u0259 \u00f6z\u00fcn\u00fcn r\u0259smi internet sayt\u0131nda m\u0259lumat yerl\u0259\u015fdirm\u0259k;\u201d;<\/p>\n<p>\u201c3.2.5-1. \u201cMedia haqq\u0131nda\u201d Az\u0259rbaycan Respublikas\u0131 Qanununun 70.3-c\u00fc, 70.5-ci v\u0259 70.6-c\u0131 madd\u0259l\u0259rind\u0259 n\u0259z\u0259rd\u0259 tutulmu\u015f hallarda jurnalist v\u0259siq\u0259sinin t\u0259hvil verilm\u0259sini t\u0259l\u0259b etm\u0259k;\u201d.<\/p>\n","protected":false},"excerpt":{"rendered":"<p>Prezident \u0130lham \u018fliyev \u201cAz\u0259rbaycan Respublikas\u0131n\u0131n Median\u0131n \u0130nki\u015faf\u0131 Agentliyinin Nizamnam\u0259si\u201dnd\u0259 d\u0259yi\u015fiklik edilm\u0259si haqq\u0131nda f\u0259rman imzalay\u0131b. S\u0259n\u0259d\u0259 \u0259sas\u0259n, \u201cAz\u0259rbaycan Respublikas\u0131n\u0131n Median\u0131n \u0130nki\u015faf\u0131 Agentliyinin Nizamnam\u0259si\u201dn\u0259 a\u015fa\u011f\u0131dak\u0131 m\u0259zmunda 3.1.18-1-ci, 3.1.19-1-ci, 3.1.19-2-ci, 3.1.22-1\u20133.1.22-3-c\u00fc, 3.1.25-1\u20133.1.25-3-c\u00fc v\u0259 3.2.5-1-ci yar\u0131mb\u0259ndl\u0259r \u0259lav\u0259 edilib: \u201c3.1.18-1. Az\u0259rbaycan Respublikas\u0131ndan k\u0259narda yerl\u0259\u015f\u0259n media subyektl\u0259rinin f\u0259aliyy\u0259tind\u0259 \u201cMedia haqq\u0131nda\u201d Az\u0259rbaycan Respublikas\u0131 Qanununun t\u0259l\u0259bl\u0259rinin pozulmas\u0131 hallar\u0131 a\u015fkar edildikd\u0259 Az\u0259rbaycan Respublikas\u0131n\u0131n t\u0259r\u0259fdar \u00e7\u0131xd\u0131\u011f\u0131 beyn\u0259lxalq m\u00fcqavil\u0259l\u0259rd\u0259 v\u0259 \u201cMedia haqq\u0131nda\u201d Az\u0259rbaycan Respublikas\u0131n\u0131n Qanununda n\u0259z\u0259rd\u0259 tutulmu\u015f t\u0259dbirl\u0259ri h\u0259yata ke\u00e7irm\u0259k;\u201d; \u201c3.1.19-1. Az\u0259rbaycan Respublikas\u0131n\u0131n t\u0259r\u0259fdar \u00e7\u0131xd\u0131\u011f\u0131 beyn\u0259lxalq m\u00fcqavil\u0259l\u0259rd\u0259 n\u0259z\u0259rd\u0259 tutulmad\u0131qda, redaksiyas\u0131n\u0131n daimi yeri Az\u0259rbaycan Respublikas\u0131n\u0131n h\u00fcdudlar\u0131ndan k\u0259narda olan xarici \u00e7ap medias\u0131 m\u0259hsulunun&hellip;<\/p>\n","protected":false},"author":2,"featured_media":436527,"comment_status":"closed","ping_status":"closed","sticky":false,"template":"","format":"standard","meta":{"om_disable_all_campaigns":false,"_monsterinsights_skip_tracking":false,"_monsterinsights_sitenote_active":false,"_monsterinsights_sitenote_note":"","_monsterinsights_sitenote_category":0},"categories":[8],"tags":[],"aioseo_notices":[],"gutentor_comment":0,"rttpg_featured_image_url":{"full":["https:\/\/arantv.az\/wp-content\/uploads\/2022\/02\/FotoJet-48.jpg",620,413,false],"landscape":["https:\/\/arantv.az\/wp-content\/uploads\/2022\/02\/FotoJet-48.jpg",620,413,false],"portraits":["https:\/\/arantv.az\/wp-content\/uploads\/2022\/02\/FotoJet-48.jpg",620,413,false],"thumbnail":["https:\/\/arantv.az\/wp-content\/uploads\/2022\/02\/FotoJet-48-500x280.jpg",500,280,true],"medium":["https:\/\/arantv.az\/wp-content\/uploads\/2022\/02\/FotoJet-48-548x365.jpg",548,365,true],"large":["https:\/\/arantv.az\/wp-content\/uploads\/2022\/02\/FotoJet-48.jpg",620,413,false],"1536x1536":["https:\/\/arantv.az\/wp-content\/uploads\/2022\/02\/FotoJet-48.jpg",620,413,false],"2048x2048":["https:\/\/arantv.az\/wp-content\/uploads\/2022\/02\/FotoJet-48.jpg",620,413,false],"post-thumbnail":["https:\/\/arantv.az\/wp-content\/uploads\/2022\/02\/FotoJet-48-240x172.jpg",240,172,true],"advps-thumb-one":["https:\/\/arantv.az\/wp-content\/uploads\/2022\/02\/FotoJet-48.jpg",620,413,false]},"rttpg_author":{"display_name":"V\u00fcsal Rafiqo\u011flu","author_link":"https:\/\/arantv.az\/?author=2"},"rttpg_comment":0,"rttpg_category":"<a href=\"https:\/\/arantv.az\/?cat=8\" rel=\"category\">\u018fsas s\u0259hif\u0259<\/a>","rttpg_excerpt":"Prezident \u0130lham \u018fliyev \u201cAz\u0259rbaycan Respublikas\u0131n\u0131n Median\u0131n \u0130nki\u015faf\u0131 Agentliyinin Nizamnam\u0259si\u201dnd\u0259 d\u0259yi\u015fiklik edilm\u0259si haqq\u0131nda f\u0259rman imzalay\u0131b. S\u0259n\u0259d\u0259 \u0259sas\u0259n, \u201cAz\u0259rbaycan Respublikas\u0131n\u0131n Median\u0131n \u0130nki\u015faf\u0131 Agentliyinin Nizamnam\u0259si\u201dn\u0259 a\u015fa\u011f\u0131dak\u0131 m\u0259zmunda 3.1.18-1-ci, 3.1.19-1-ci, 3.1.19-2-ci, 3.1.22-1\u20133.1.22-3-c\u00fc, 3.1.25-1\u20133.1.25-3-c\u00fc v\u0259 3.2.5-1-ci yar\u0131mb\u0259ndl\u0259r \u0259lav\u0259 edilib: \u201c3.1.18-1. Az\u0259rbaycan Respublikas\u0131ndan k\u0259narda yerl\u0259\u015f\u0259n media subyektl\u0259rinin f\u0259aliyy\u0259tind\u0259 \u201cMedia haqq\u0131nda\u201d Az\u0259rbaycan Respublikas\u0131 Qanununun t\u0259l\u0259bl\u0259rinin pozulmas\u0131 hallar\u0131 a\u015fkar edildikd\u0259 Az\u0259rbaycan Respublikas\u0131n\u0131n t\u0259r\u0259fdar&hellip;","_links":{"self":[{"href":"https:\/\/arantv.az\/index.php?rest_route=\/wp\/v2\/posts\/436526"}],"collection":[{"href":"https:\/\/arantv.az\/index.php?rest_route=\/wp\/v2\/posts"}],"about":[{"href":"https:\/\/arantv.az\/index.php?rest_route=\/wp\/v2\/types\/post"}],"author":[{"embeddable":true,"href":"https:\/\/arantv.az\/index.php?rest_route=\/wp\/v2\/users\/2"}],"replies":[{"embeddable":true,"href":"https:\/\/arantv.az\/index.php?rest_route=%2Fwp%2Fv2%2Fcomments&post=436526"}],"version-history":[{"count":0,"href":"https:\/\/arantv.az\/index.php?rest_route=\/wp\/v2\/posts\/436526\/revisions"}],"wp:featuredmedia":[{"embeddable":true,"href":"https:\/\/arantv.az\/index.php?rest_route=\/wp\/v2\/media\/436527"}],"wp:attachment":[{"href":"https:\/\/arantv.az\/index.php?rest_route=%2Fwp%2Fv2%2Fmedia&parent=436526"}],"wp:term":[{"taxonomy":"category","embeddable":true,"href":"https:\/\/arantv.az\/index.php?rest_route=%2Fwp%2Fv2%2Fcategories&post=436526"},{"taxonomy":"post_tag","embeddable":true,"href":"https:\/\/arantv.az\/index.php?rest_route=%2Fwp%2Fv2%2Ftags&post=436526"}],"curies":[{"name":"wp","href":"https:\/\/api.w.org\/{rel}","templated":true}]}}