{"id":436529,"date":"2022-02-08T19:07:09","date_gmt":"2022-02-08T16:07:09","guid":{"rendered":"http:\/\/arantv.az\/?p=436529"},"modified":"2022-02-08T19:07:09","modified_gmt":"2022-02-08T16:07:09","slug":"cavusogludan-yunanistana-reaksiya-avropanin-s%c9%99rh%c9%99dl%c9%99ri-turkiy%c9%99d%c9%99n-baslayir","status":"publish","type":"post","link":"https:\/\/arantv.az\/?p=436529","title":{"rendered":"\u00c7avu\u015fo\u011fludan Yunan\u0131stana REAKS\u0130YA: \u201cAvropan\u0131n s\u0259rh\u0259dl\u0259ri T\u00fcrkiy\u0259d\u0259n ba\u015flay\u0131r\u201d"},"content":{"rendered":"<p>T\u00fcrkiy\u0259 xarici i\u015fl\u0259r naziri M\u00f6vlud \u00c7avu\u015fo\u011flu finlandiyal\u0131 h\u0259mkar\u0131 Pekka Haavisto il\u0259 m\u0259tbuat konfrans\u0131 zaman\u0131 Yunan\u0131stan\u0131n qa\u00e7q\u0131nlara davranl\u015f\u0131 m\u0259s\u0259l\u0259sin\u0259 toxunub.<\/p>\n<p>\u201cHaber Global\u201d\u0131n m\u0259lumat\u0131na g\u00f6r\u0131, o, Yunan\u0131stan\u0131n m\u00fchacirl\u0259ri s\u0131x\u0131\u015fd\u0131rmas\u0131 il\u0259 ba\u011fl\u0131 Avropa \u0130ttifaq\u0131na (A\u0130) s\u0259sl\u0259n\u0259r\u0259k bildirib ki, burada Yunan\u0131stan q\u0259d\u0259r A\u0130-nin d\u0259 g\u00fcnah\u0131 var.<\/p>\n<p>\u201cT\u00fcrkiy\u0259 bunun onda birini ets\u0259, nec\u0259 t\u0259nqid olunaca\u011f\u0131n\u0131 \u00e7ox yax\u015f\u0131 bilirik, amma Yunan\u0131stan is\u0259 \u0259ksin\u0259, d\u0259st\u0259kl\u0259nir. B\u0259han\u0131si d\u0259 budur ki, Avropan\u0131n s\u0259r\u0259dl\u0259rini qoruyur. Halbuki, Avropan\u0131n s\u0259rh\u0259dl\u0259ri T\u00fcrkiy\u0259d\u0259n ba\u015flay\u0131r\u201d.<\/p>\n<p>\u00c7avu\u015fo\u011flu h\u0259m\u00e7inin \u0259lav\u0259 edib ki, s\u0259rh\u0259din qorudu\u011fu \u00fc\u00e7\u00fcn qeyri-insani r\u0259ftar\u0131n d\u0259st\u0259kl\u0259nm\u0259si A\u0130-nin m\u00fcdafi\u0259 etm\u0259y\u0259 \u00e7al\u0131\u015fd\u0131\u011f\u0131 d\u0259y\u0259rl\u0259r\u0259 \u0259sasl\u0131 \u015f\u0259kild\u0259 ziddir.<\/p>\n<p>\u201cT\u00fcrkiy\u0259-A\u0130 birg\u0259 b\u0259yanat\u0131n\u0131 yenil\u0259m\u0259k ist\u0259rdik. Bu insanlar harada ya\u015fay\u0131rlarsa ya\u015fas\u0131nlar, k\u00f6m\u0259k etm\u0259liyik\u201d, &#8211; dey\u0259 t\u00fcrkiy\u0259li siyas\u0259t\u00e7i vur\u011fulay\u0131b.<\/p>\n<p>\u201cHaber Global\u201d<\/p>\n","protected":false},"excerpt":{"rendered":"<p>T\u00fcrkiy\u0259 xarici i\u015fl\u0259r naziri M\u00f6vlud \u00c7avu\u015fo\u011flu finlandiyal\u0131 h\u0259mkar\u0131 Pekka Haavisto il\u0259 m\u0259tbuat konfrans\u0131 zaman\u0131 Yunan\u0131stan\u0131n qa\u00e7q\u0131nlara davranl\u015f\u0131 m\u0259s\u0259l\u0259sin\u0259 toxunub. \u201cHaber Global\u201d\u0131n m\u0259lumat\u0131na g\u00f6r\u0131, o, Yunan\u0131stan\u0131n m\u00fchacirl\u0259ri s\u0131x\u0131\u015fd\u0131rmas\u0131 il\u0259 ba\u011fl\u0131 Avropa \u0130ttifaq\u0131na (A\u0130) s\u0259sl\u0259n\u0259r\u0259k bildirib ki, burada Yunan\u0131stan q\u0259d\u0259r A\u0130-nin d\u0259 g\u00fcnah\u0131 var. \u201cT\u00fcrkiy\u0259 bunun onda birini ets\u0259, nec\u0259 t\u0259nqid olunaca\u011f\u0131n\u0131 \u00e7ox yax\u015f\u0131 bilirik, amma Yunan\u0131stan is\u0259 \u0259ksin\u0259, d\u0259st\u0259kl\u0259nir. B\u0259han\u0131si d\u0259 budur ki, Avropan\u0131n s\u0259r\u0259dl\u0259rini qoruyur. Halbuki, Avropan\u0131n s\u0259rh\u0259dl\u0259ri T\u00fcrkiy\u0259d\u0259n ba\u015flay\u0131r\u201d. \u00c7avu\u015fo\u011flu h\u0259m\u00e7inin \u0259lav\u0259 edib ki, s\u0259rh\u0259din qorudu\u011fu \u00fc\u00e7\u00fcn qeyri-insani r\u0259ftar\u0131n d\u0259st\u0259kl\u0259nm\u0259si A\u0130-nin m\u00fcdafi\u0259 etm\u0259y\u0259 \u00e7al\u0131\u015fd\u0131\u011f\u0131 d\u0259y\u0259rl\u0259r\u0259 \u0259sasl\u0131 \u015f\u0259kild\u0259 ziddir. \u201cT\u00fcrkiy\u0259-A\u0130&hellip;<\/p>\n","protected":false},"author":2,"featured_media":436530,"comment_status":"closed","ping_status":"closed","sticky":false,"template":"","format":"standard","meta":{"om_disable_all_campaigns":false,"_monsterinsights_skip_tracking":false,"_monsterinsights_sitenote_active":false,"_monsterinsights_sitenote_note":"","_monsterinsights_sitenote_category":0},"categories":[7],"tags":[],"aioseo_notices":[],"gutentor_comment":0,"rttpg_featured_image_url":{"full":["https:\/\/arantv.az\/wp-content\/uploads\/2022\/02\/W1siZiIsIjIwMjIvMDIvMDgvMTYvMTYvNDAvZTFmZTZiMDItMjFkZS00OWFkLThhNGEtZjQ5MjIwNmVkMDFlL8OnYXZ1xZ9vxJ9sdS5qcGciXSxbInAiLCJlbmNvZGUiLCJqcGciLCItcXVhbGl0eSA4MCJdLFsicCIsInRodW1iIiwiNjIweDQ2NVx1MDAzZSJdXQ.jpg",620,413,false],"landscape":["https:\/\/arantv.az\/wp-content\/uploads\/2022\/02\/W1siZiIsIjIwMjIvMDIvMDgvMTYvMTYvNDAvZTFmZTZiMDItMjFkZS00OWFkLThhNGEtZjQ5MjIwNmVkMDFlL8OnYXZ1xZ9vxJ9sdS5qcGciXSxbInAiLCJlbmNvZGUiLCJqcGciLCItcXVhbGl0eSA4MCJdLFsicCIsInRodW1iIiwiNjIweDQ2NVx1MDAzZSJdXQ.jpg",620,413,false],"portraits":["https:\/\/arantv.az\/wp-content\/uploads\/2022\/02\/W1siZiIsIjIwMjIvMDIvMDgvMTYvMTYvNDAvZTFmZTZiMDItMjFkZS00OWFkLThhNGEtZjQ5MjIwNmVkMDFlL8OnYXZ1xZ9vxJ9sdS5qcGciXSxbInAiLCJlbmNvZGUiLCJqcGciLCItcXVhbGl0eSA4MCJdLFsicCIsInRodW1iIiwiNjIweDQ2NVx1MDAzZSJdXQ.jpg",620,413,false],"thumbnail":["https:\/\/arantv.az\/wp-content\/uploads\/2022\/02\/W1siZiIsIjIwMjIvMDIvMDgvMTYvMTYvNDAvZTFmZTZiMDItMjFkZS00OWFkLThhNGEtZjQ5MjIwNmVkMDFlL8OnYXZ1xZ9vxJ9sdS5qcGciXSxbInAiLCJlbmNvZGUiLCJqcGciLCItcXVhbGl0eSA4MCJdLFsicCIsInRodW1iIiwiNjIweDQ2NVx1MDAzZSJdXQ-500x280.jpg",500,280,true],"medium":["https:\/\/arantv.az\/wp-content\/uploads\/2022\/02\/W1siZiIsIjIwMjIvMDIvMDgvMTYvMTYvNDAvZTFmZTZiMDItMjFkZS00OWFkLThhNGEtZjQ5MjIwNmVkMDFlL8OnYXZ1xZ9vxJ9sdS5qcGciXSxbInAiLCJlbmNvZGUiLCJqcGciLCItcXVhbGl0eSA4MCJdLFsicCIsInRodW1iIiwiNjIweDQ2NVx1MDAzZSJdXQ-548x365.jpg",548,365,true],"large":["https:\/\/arantv.az\/wp-content\/uploads\/2022\/02\/W1siZiIsIjIwMjIvMDIvMDgvMTYvMTYvNDAvZTFmZTZiMDItMjFkZS00OWFkLThhNGEtZjQ5MjIwNmVkMDFlL8OnYXZ1xZ9vxJ9sdS5qcGciXSxbInAiLCJlbmNvZGUiLCJqcGciLCItcXVhbGl0eSA4MCJdLFsicCIsInRodW1iIiwiNjIweDQ2NVx1MDAzZSJdXQ.jpg",620,413,false],"1536x1536":["https:\/\/arantv.az\/wp-content\/uploads\/2022\/02\/W1siZiIsIjIwMjIvMDIvMDgvMTYvMTYvNDAvZTFmZTZiMDItMjFkZS00OWFkLThhNGEtZjQ5MjIwNmVkMDFlL8OnYXZ1xZ9vxJ9sdS5qcGciXSxbInAiLCJlbmNvZGUiLCJqcGciLCItcXVhbGl0eSA4MCJdLFsicCIsInRodW1iIiwiNjIweDQ2NVx1MDAzZSJdXQ.jpg",620,413,false],"2048x2048":["https:\/\/arantv.az\/wp-content\/uploads\/2022\/02\/W1siZiIsIjIwMjIvMDIvMDgvMTYvMTYvNDAvZTFmZTZiMDItMjFkZS00OWFkLThhNGEtZjQ5MjIwNmVkMDFlL8OnYXZ1xZ9vxJ9sdS5qcGciXSxbInAiLCJlbmNvZGUiLCJqcGciLCItcXVhbGl0eSA4MCJdLFsicCIsInRodW1iIiwiNjIweDQ2NVx1MDAzZSJdXQ.jpg",620,413,false],"post-thumbnail":["https:\/\/arantv.az\/wp-content\/uploads\/2022\/02\/W1siZiIsIjIwMjIvMDIvMDgvMTYvMTYvNDAvZTFmZTZiMDItMjFkZS00OWFkLThhNGEtZjQ5MjIwNmVkMDFlL8OnYXZ1xZ9vxJ9sdS5qcGciXSxbInAiLCJlbmNvZGUiLCJqcGciLCItcXVhbGl0eSA4MCJdLFsicCIsInRodW1iIiwiNjIweDQ2NVx1MDAzZSJdXQ-240x172.jpg",240,172,true],"advps-thumb-one":["https:\/\/arantv.az\/wp-content\/uploads\/2022\/02\/W1siZiIsIjIwMjIvMDIvMDgvMTYvMTYvNDAvZTFmZTZiMDItMjFkZS00OWFkLThhNGEtZjQ5MjIwNmVkMDFlL8OnYXZ1xZ9vxJ9sdS5qcGciXSxbInAiLCJlbmNvZGUiLCJqcGciLCItcXVhbGl0eSA4MCJdLFsicCIsInRodW1iIiwiNjIweDQ2NVx1MDAzZSJdXQ.jpg",620,413,false]},"rttpg_author":{"display_name":"V\u00fcsal Rafiqo\u011flu","author_link":"https:\/\/arantv.az\/?author=2"},"rttpg_comment":0,"rttpg_category":"<a href=\"https:\/\/arantv.az\/?cat=7\" rel=\"category\">D\u00fcnya<\/a>","rttpg_excerpt":"T\u00fcrkiy\u0259 xarici i\u015fl\u0259r naziri M\u00f6vlud \u00c7avu\u015fo\u011flu finlandiyal\u0131 h\u0259mkar\u0131 Pekka Haavisto il\u0259 m\u0259tbuat konfrans\u0131 zaman\u0131 Yunan\u0131stan\u0131n qa\u00e7q\u0131nlara davranl\u015f\u0131 m\u0259s\u0259l\u0259sin\u0259 toxunub. \u201cHaber Global\u201d\u0131n m\u0259lumat\u0131na g\u00f6r\u0131, o, Yunan\u0131stan\u0131n m\u00fchacirl\u0259ri s\u0131x\u0131\u015fd\u0131rmas\u0131 il\u0259 ba\u011fl\u0131 Avropa \u0130ttifaq\u0131na (A\u0130) s\u0259sl\u0259n\u0259r\u0259k bildirib ki, burada Yunan\u0131stan q\u0259d\u0259r A\u0130-nin d\u0259 g\u00fcnah\u0131 var. \u201cT\u00fcrkiy\u0259 bunun onda birini ets\u0259, nec\u0259 t\u0259nqid olunaca\u011f\u0131n\u0131 \u00e7ox yax\u015f\u0131 bilirik, amma Yunan\u0131stan&hellip;","_links":{"self":[{"href":"https:\/\/arantv.az\/index.php?rest_route=\/wp\/v2\/posts\/436529"}],"collection":[{"href":"https:\/\/arantv.az\/index.php?rest_route=\/wp\/v2\/posts"}],"about":[{"href":"https:\/\/arantv.az\/index.php?rest_route=\/wp\/v2\/types\/post"}],"author":[{"embeddable":true,"href":"https:\/\/arantv.az\/index.php?rest_route=\/wp\/v2\/users\/2"}],"replies":[{"embeddable":true,"href":"https:\/\/arantv.az\/index.php?rest_route=%2Fwp%2Fv2%2Fcomments&post=436529"}],"version-history":[{"count":0,"href":"https:\/\/arantv.az\/index.php?rest_route=\/wp\/v2\/posts\/436529\/revisions"}],"wp:featuredmedia":[{"embeddable":true,"href":"https:\/\/arantv.az\/index.php?rest_route=\/wp\/v2\/media\/436530"}],"wp:attachment":[{"href":"https:\/\/arantv.az\/index.php?rest_route=%2Fwp%2Fv2%2Fmedia&parent=436529"}],"wp:term":[{"taxonomy":"category","embeddable":true,"href":"https:\/\/arantv.az\/index.php?rest_route=%2Fwp%2Fv2%2Fcategories&post=436529"},{"taxonomy":"post_tag","embeddable":true,"href":"https:\/\/arantv.az\/index.php?rest_route=%2Fwp%2Fv2%2Ftags&post=436529"}],"curies":[{"name":"wp","href":"https:\/\/api.w.org\/{rel}","templated":true}]}}