{"id":436535,"date":"2022-02-08T19:12:16","date_gmt":"2022-02-08T16:12:16","guid":{"rendered":"http:\/\/arantv.az\/?p=436535"},"modified":"2022-02-08T19:12:16","modified_gmt":"2022-02-08T16:12:16","slug":"elsad-xose-efir%c9%99-cixmaq-ucun-pul-ist%c9%99yir","status":"publish","type":"post","link":"https:\/\/arantv.az\/?p=436535","title":{"rendered":"El\u015fad Xose efir\u0259 \u00e7\u0131xmaq \u00fc\u00e7\u00fcn pul ist\u0259yir"},"content":{"rendered":"<p>Reper El\u015fad Xose apar\u0131c\u0131 Kaz\u0131m S\u00fcbhan\u0131n onun bar\u0259sind\u0259 s\u00f6yl\u0259diyi \u201cEfirl\u0259r\u0259 \u00e7\u0131xmaq \u00fc\u00e7\u00fcn pul ist\u0259yir\u201d fikirl\u0259rin\u0259 m\u00fcnasib\u0259t bildirib.<\/p>\n<p>Lent.az-\u0131n m\u0259lumat\u0131na g\u00f6r\u0259, reper deyib: \u201cS\u0259n i\u015fl\u0259diyin kanal\u0131n illik g\u0259lirini yaza bil\u0259rs\u0259n? Z\u0259hm\u0259t olmasa, he\u00e7 olmasa t\u0259xmini&#8230;\u201d<\/p>\n<div class=\"AdviadNativeVideo\"><\/div>\n<p>Kaz\u0131m reper\u0259 \u201cApar\u0131c\u0131yam v\u0259 ancaq \u00e7al\u0131\u015fd\u0131\u011f\u0131m \u015firk\u0259td\u0259 yarad\u0131c\u0131 i\u015fl\u0259r\u0259 m\u00fcdaxil\u0259 ed\u0259 bil\u0259r\u0259m. El\u015fad, s\u0259n, Xatir\u0259 \u0130slam v\u0259 Natavan H\u0259bibi &#8211; \u00f6z janr\u0131n\u0131zda Az\u0259rbaycan musiqisind\u0259 yax\u015f\u0131 i\u015fl\u0259r g\u00f6r\u0259nl\u0259rd\u0259nsiniz. Albomlar\u0131n, konsertl\u0259rin, duetl\u0259rin dan\u0131lmazd\u0131r. Amma s\u0259n dediyin bel\u0259 olmur, m\u0259nim fikirl\u0259rimin sizin s\u0259n\u0259tiniz\u0259, pe\u015f\u0259karl\u0131\u011f\u0131n\u0131za he\u00e7 bir aidiyy\u0259ti d\u0259 yoxdur, bunu unutmay\u0131n\u201d.<\/p>\n<p>El\u015fad is\u0259 bildirib ki, \u00f6z\u00fc d\u0259 verili\u015f aparacaq v\u0259 g\u0259l\u0259n qonaqlara qonorar ver\u0259c\u0259k:<\/p>\n<p>\u201cBa\u015fa d\u00fc\u015f\u00fcr\u0259m, sad\u0259c\u0259 m\u0259n dem\u0259k olar ki, he\u00e7 bir verili\u015fd\u0259 oxumuram. M\u0259n\u0259 dan\u0131\u015fmaq daha vacibdir. M\u0259nim dan\u0131\u015fd\u0131\u011f\u0131m kim\u0259 do\u011furdan da maraql\u0131 g\u0259lirs\u0259, o da pul verm\u0259y\u0259 haz\u0131r olacaq. M\u0259n \u00f6z verili\u015fimi aparanda \u00e7a\u011f\u0131rd\u0131\u011f\u0131m adamlara pul ver\u0259c\u0259y\u0259m\u201d.<\/p>\n<p>Qeyd ed\u0259k ki, bundan \u0259vv\u0259l m\u00fc\u011f\u0259nni Xatir\u0259 \u0130slam v\u0259 Natavan H\u0259bibi kanal r\u0259hb\u0259rl\u0259rind\u0259n qat\u0131lacaqlar\u0131 proqram \u00fc\u00e7\u00fcn qonorar ist\u0259mi\u015fdi.<\/p>\n","protected":false},"excerpt":{"rendered":"<p>Reper El\u015fad Xose apar\u0131c\u0131 Kaz\u0131m S\u00fcbhan\u0131n onun bar\u0259sind\u0259 s\u00f6yl\u0259diyi \u201cEfirl\u0259r\u0259 \u00e7\u0131xmaq \u00fc\u00e7\u00fcn pul ist\u0259yir\u201d fikirl\u0259rin\u0259 m\u00fcnasib\u0259t bildirib. Lent.az-\u0131n m\u0259lumat\u0131na g\u00f6r\u0259, reper deyib: \u201cS\u0259n i\u015fl\u0259diyin kanal\u0131n illik g\u0259lirini yaza bil\u0259rs\u0259n? Z\u0259hm\u0259t olmasa, he\u00e7 olmasa t\u0259xmini&#8230;\u201d Kaz\u0131m reper\u0259 \u201cApar\u0131c\u0131yam v\u0259 ancaq \u00e7al\u0131\u015fd\u0131\u011f\u0131m \u015firk\u0259td\u0259 yarad\u0131c\u0131 i\u015fl\u0259r\u0259 m\u00fcdaxil\u0259 ed\u0259 bil\u0259r\u0259m. El\u015fad, s\u0259n, Xatir\u0259 \u0130slam v\u0259 Natavan H\u0259bibi &#8211; \u00f6z janr\u0131n\u0131zda Az\u0259rbaycan musiqisind\u0259 yax\u015f\u0131 i\u015fl\u0259r g\u00f6r\u0259nl\u0259rd\u0259nsiniz. Albomlar\u0131n, konsertl\u0259rin, duetl\u0259rin dan\u0131lmazd\u0131r. Amma s\u0259n dediyin bel\u0259 olmur, m\u0259nim fikirl\u0259rimin sizin s\u0259n\u0259tiniz\u0259, pe\u015f\u0259karl\u0131\u011f\u0131n\u0131za he\u00e7 bir aidiyy\u0259ti d\u0259 yoxdur, bunu unutmay\u0131n\u201d. El\u015fad is\u0259 bildirib ki, \u00f6z\u00fc d\u0259 verili\u015f aparacaq&hellip;<\/p>\n","protected":false},"author":2,"featured_media":436536,"comment_status":"closed","ping_status":"closed","sticky":false,"template":"","format":"standard","meta":{"om_disable_all_campaigns":false,"_monsterinsights_skip_tracking":false,"_monsterinsights_sitenote_active":false,"_monsterinsights_sitenote_note":"","_monsterinsights_sitenote_category":0},"categories":[20],"tags":[],"aioseo_notices":[],"gutentor_comment":0,"rttpg_featured_image_url":{"full":["https:\/\/arantv.az\/wp-content\/uploads\/2022\/02\/FotoJet-15-2.jpg",620,413,false],"landscape":["https:\/\/arantv.az\/wp-content\/uploads\/2022\/02\/FotoJet-15-2.jpg",620,413,false],"portraits":["https:\/\/arantv.az\/wp-content\/uploads\/2022\/02\/FotoJet-15-2.jpg",620,413,false],"thumbnail":["https:\/\/arantv.az\/wp-content\/uploads\/2022\/02\/FotoJet-15-2-500x280.jpg",500,280,true],"medium":["https:\/\/arantv.az\/wp-content\/uploads\/2022\/02\/FotoJet-15-2-548x365.jpg",548,365,true],"large":["https:\/\/arantv.az\/wp-content\/uploads\/2022\/02\/FotoJet-15-2.jpg",620,413,false],"1536x1536":["https:\/\/arantv.az\/wp-content\/uploads\/2022\/02\/FotoJet-15-2.jpg",620,413,false],"2048x2048":["https:\/\/arantv.az\/wp-content\/uploads\/2022\/02\/FotoJet-15-2.jpg",620,413,false],"post-thumbnail":["https:\/\/arantv.az\/wp-content\/uploads\/2022\/02\/FotoJet-15-2-240x172.jpg",240,172,true],"advps-thumb-one":["https:\/\/arantv.az\/wp-content\/uploads\/2022\/02\/FotoJet-15-2.jpg",620,413,false]},"rttpg_author":{"display_name":"V\u00fcsal Rafiqo\u011flu","author_link":"https:\/\/arantv.az\/?author=2"},"rttpg_comment":0,"rttpg_category":"<a href=\"https:\/\/arantv.az\/?cat=20\" rel=\"category\">\u015eou biznes<\/a>","rttpg_excerpt":"Reper El\u015fad Xose apar\u0131c\u0131 Kaz\u0131m S\u00fcbhan\u0131n onun bar\u0259sind\u0259 s\u00f6yl\u0259diyi \u201cEfirl\u0259r\u0259 \u00e7\u0131xmaq \u00fc\u00e7\u00fcn pul ist\u0259yir\u201d fikirl\u0259rin\u0259 m\u00fcnasib\u0259t bildirib. Lent.az-\u0131n m\u0259lumat\u0131na g\u00f6r\u0259, reper deyib: \u201cS\u0259n i\u015fl\u0259diyin kanal\u0131n illik g\u0259lirini yaza bil\u0259rs\u0259n? Z\u0259hm\u0259t olmasa, he\u00e7 olmasa t\u0259xmini&#8230;\u201d Kaz\u0131m reper\u0259 \u201cApar\u0131c\u0131yam v\u0259 ancaq \u00e7al\u0131\u015fd\u0131\u011f\u0131m \u015firk\u0259td\u0259 yarad\u0131c\u0131 i\u015fl\u0259r\u0259 m\u00fcdaxil\u0259 ed\u0259 bil\u0259r\u0259m. El\u015fad, s\u0259n, Xatir\u0259 \u0130slam v\u0259 Natavan H\u0259bibi &#8211; \u00f6z&hellip;","_links":{"self":[{"href":"https:\/\/arantv.az\/index.php?rest_route=\/wp\/v2\/posts\/436535"}],"collection":[{"href":"https:\/\/arantv.az\/index.php?rest_route=\/wp\/v2\/posts"}],"about":[{"href":"https:\/\/arantv.az\/index.php?rest_route=\/wp\/v2\/types\/post"}],"author":[{"embeddable":true,"href":"https:\/\/arantv.az\/index.php?rest_route=\/wp\/v2\/users\/2"}],"replies":[{"embeddable":true,"href":"https:\/\/arantv.az\/index.php?rest_route=%2Fwp%2Fv2%2Fcomments&post=436535"}],"version-history":[{"count":0,"href":"https:\/\/arantv.az\/index.php?rest_route=\/wp\/v2\/posts\/436535\/revisions"}],"wp:featuredmedia":[{"embeddable":true,"href":"https:\/\/arantv.az\/index.php?rest_route=\/wp\/v2\/media\/436536"}],"wp:attachment":[{"href":"https:\/\/arantv.az\/index.php?rest_route=%2Fwp%2Fv2%2Fmedia&parent=436535"}],"wp:term":[{"taxonomy":"category","embeddable":true,"href":"https:\/\/arantv.az\/index.php?rest_route=%2Fwp%2Fv2%2Fcategories&post=436535"},{"taxonomy":"post_tag","embeddable":true,"href":"https:\/\/arantv.az\/index.php?rest_route=%2Fwp%2Fv2%2Ftags&post=436535"}],"curies":[{"name":"wp","href":"https:\/\/api.w.org\/{rel}","templated":true}]}}