{"id":436545,"date":"2022-02-08T19:15:56","date_gmt":"2022-02-08T16:15:56","guid":{"rendered":"http:\/\/arantv.az\/?p=436545"},"modified":"2022-02-08T19:15:56","modified_gmt":"2022-02-08T16:15:56","slug":"nato-zabitl%c9%99ri-az%c9%99rbaycanda-t%c9%99lim-kecir-foto","status":"publish","type":"post","link":"https:\/\/arantv.az\/?p=436545","title":{"rendered":"NATO zabitl\u0259ri Az\u0259rbaycanda t\u0259lim ke\u00e7ir &#8211; FOTO"},"content":{"rendered":"<p>M\u00fcdafi\u0259 Nazirliyinin NATO il\u0259 2022-ci il \u00fc\u00e7\u00fcn F\u0259rdi T\u0259r\u0259fda\u015fl\u0131q \u00fczr\u0259 \u018fm\u0259kda\u015fl\u0131q Proqram\u0131 \u00e7\u0259r\u00e7iv\u0259sind\u0259 Silahl\u0131 Q\u00fcvv\u0259l\u0259rin H\u0259rbi Akademiyas\u0131nda NATO-nun Brunssum \u015f\u0259h\u0259rind\u0259 (Niderland Krall\u0131\u011f\u0131) yerl\u0259\u015f\u0259n Birl\u0259\u015fmi\u015f Q\u00fcvv\u0259l\u0259r Komandanl\u0131\u011f\u0131n\u0131n Mobil t\u0259lim qrupu t\u0259r\u0259find\u0259n \u0259ld\u0259 d\u00fcz\u0259ldilmi\u015f partlad\u0131c\u0131 qur\u011fulara qar\u015f\u0131 t\u0259dbirl\u0259r (C-IED) m\u00f6vzusunda t\u0259lim kursu ke\u00e7irilir.<\/p>\n<div class=\"AdviadNativeVideo\"><\/div>\n<p>Nazirlikd\u0259n bildirilib ki, kursda dinl\u0259yicil\u0259r\u0259 NATO-nun \u0259ld\u0259 d\u00fcz\u0259ldilmi\u015f partlay\u0131c\u0131 qur\u011fulara qar\u015f\u0131 t\u0259dbirl\u0259r zaman\u0131 birg\u0259 f\u0259aliyy\u0259tl\u0259rl\u0259 ba\u011fl\u0131 m\u00fcxt\u0259lif sah\u0259l\u0259r \u00fczr\u0259 brifinql\u0259r t\u0259qdim olunub.<\/p>\n<p>M\u00f6vzuya dair fikir m\u00fcbadil\u0259si apar\u0131l\u0131b, praktiki qrup \u00e7al\u0131\u015fmalar\u0131 yerin\u0259 yetirilib.<\/p>\n<p>T\u0259lim kursu fevral\u0131n 11-d\u0259k davam ed\u0259c\u0259k.<\/p>\n<p>&nbsp;<\/p>\n<div class=\"gallery\">\n<div class=\"gallery-i\"><img src=\"https:\/\/cdn.oxu.az\/uploads\/W1siZiIsIjIwMjIvMDIvMDgvMTYvNTYvNTgvYTdiMWNjOGItNWQ1NS00OTc0LWI4ZjMtNGFhMTNiZjc1ODAzL2UzMmNiNDM0NTM0NzdmODJiOTBmY2QwMzVlN2JhMmFhLmpwZyJdLFsicCIsImVuY29kZSIsImpwZyIsIi1xdWFsaXR5IDgwIl0sWyJwIiwidGh1bWIiLCI1OTB4NTkwXHUwMDNlIl1d?sha=938cd68fae2caf14\" alt=\"\" \/><\/p>\n<div class=\"gallery-i-caption\"><\/div>\n<\/div>\n<div class=\"gallery-i\"><img src=\"https:\/\/cdn.oxu.az\/uploads\/W1siZiIsIjIwMjIvMDIvMDgvMTYvNTYvNTgvZDkyMzI1ZGUtNWQyMi00MjNlLThiYjUtZWUxOTE1NzBhZWYxL2JiY2M0NmViNTAxZTU2MjZiMTgyNWZhYWI0ZWFiMTQ1LmpwZyJdLFsicCIsImVuY29kZSIsImpwZyIsIi1xdWFsaXR5IDgwIl0sWyJwIiwidGh1bWIiLCI1OTB4NTkwXHUwMDNlIl1d?sha=ecc8fd74d7f2bbe2\" alt=\"\" \/><\/p>\n<div class=\"gallery-i-caption\"><\/div>\n<\/div>\n<div class=\"gallery-i\"><img src=\"https:\/\/cdn.oxu.az\/uploads\/W1siZiIsIjIwMjIvMDIvMDgvMTYvNTYvNTgvMDVhODRkZGUtNzE2Mi00OTQwLTkxZjgtMGZmZWZmNTJlODQ5L2U3MzY1ZTkzZTdlMjUxYWNmZDA3MGUwMTEyMDdkMzdmLmpwZyJdLFsicCIsImVuY29kZSIsImpwZyIsIi1xdWFsaXR5IDgwIl0sWyJwIiwidGh1bWIiLCI1OTB4NTkwXHUwMDNlIl1d?sha=10371b37e7781633\" alt=\"\" \/><\/div>\n<\/div>\n","protected":false},"excerpt":{"rendered":"<p>M\u00fcdafi\u0259 Nazirliyinin NATO il\u0259 2022-ci il \u00fc\u00e7\u00fcn F\u0259rdi T\u0259r\u0259fda\u015fl\u0131q \u00fczr\u0259 \u018fm\u0259kda\u015fl\u0131q Proqram\u0131 \u00e7\u0259r\u00e7iv\u0259sind\u0259 Silahl\u0131 Q\u00fcvv\u0259l\u0259rin H\u0259rbi Akademiyas\u0131nda NATO-nun Brunssum \u015f\u0259h\u0259rind\u0259 (Niderland Krall\u0131\u011f\u0131) yerl\u0259\u015f\u0259n Birl\u0259\u015fmi\u015f Q\u00fcvv\u0259l\u0259r Komandanl\u0131\u011f\u0131n\u0131n Mobil t\u0259lim qrupu t\u0259r\u0259find\u0259n \u0259ld\u0259 d\u00fcz\u0259ldilmi\u015f partlad\u0131c\u0131 qur\u011fulara qar\u015f\u0131 t\u0259dbirl\u0259r (C-IED) m\u00f6vzusunda t\u0259lim kursu ke\u00e7irilir. Nazirlikd\u0259n bildirilib ki, kursda dinl\u0259yicil\u0259r\u0259 NATO-nun \u0259ld\u0259 d\u00fcz\u0259ldilmi\u015f partlay\u0131c\u0131 qur\u011fulara qar\u015f\u0131 t\u0259dbirl\u0259r zaman\u0131 birg\u0259 f\u0259aliyy\u0259tl\u0259rl\u0259 ba\u011fl\u0131 m\u00fcxt\u0259lif sah\u0259l\u0259r \u00fczr\u0259 brifinql\u0259r t\u0259qdim olunub. M\u00f6vzuya dair fikir m\u00fcbadil\u0259si apar\u0131l\u0131b, praktiki qrup \u00e7al\u0131\u015fmalar\u0131 yerin\u0259 yetirilib. T\u0259lim kursu fevral\u0131n 11-d\u0259k davam ed\u0259c\u0259k. &nbsp;<\/p>\n","protected":false},"author":2,"featured_media":436546,"comment_status":"closed","ping_status":"closed","sticky":false,"template":"","format":"standard","meta":{"om_disable_all_campaigns":false,"_monsterinsights_skip_tracking":false,"_monsterinsights_sitenote_active":false,"_monsterinsights_sitenote_note":"","_monsterinsights_sitenote_category":0},"categories":[10],"tags":[],"aioseo_notices":[],"gutentor_comment":0,"rttpg_featured_image_url":{"full":["https:\/\/arantv.az\/wp-content\/uploads\/2022\/02\/FotoJet-12-4.jpg",620,413,false],"landscape":["https:\/\/arantv.az\/wp-content\/uploads\/2022\/02\/FotoJet-12-4.jpg",620,413,false],"portraits":["https:\/\/arantv.az\/wp-content\/uploads\/2022\/02\/FotoJet-12-4.jpg",620,413,false],"thumbnail":["https:\/\/arantv.az\/wp-content\/uploads\/2022\/02\/FotoJet-12-4-500x280.jpg",500,280,true],"medium":["https:\/\/arantv.az\/wp-content\/uploads\/2022\/02\/FotoJet-12-4-548x365.jpg",548,365,true],"large":["https:\/\/arantv.az\/wp-content\/uploads\/2022\/02\/FotoJet-12-4.jpg",620,413,false],"1536x1536":["https:\/\/arantv.az\/wp-content\/uploads\/2022\/02\/FotoJet-12-4.jpg",620,413,false],"2048x2048":["https:\/\/arantv.az\/wp-content\/uploads\/2022\/02\/FotoJet-12-4.jpg",620,413,false],"post-thumbnail":["https:\/\/arantv.az\/wp-content\/uploads\/2022\/02\/FotoJet-12-4-240x172.jpg",240,172,true],"advps-thumb-one":["https:\/\/arantv.az\/wp-content\/uploads\/2022\/02\/FotoJet-12-4.jpg",620,413,false]},"rttpg_author":{"display_name":"V\u00fcsal Rafiqo\u011flu","author_link":"https:\/\/arantv.az\/?author=2"},"rttpg_comment":0,"rttpg_category":"<a href=\"https:\/\/arantv.az\/?cat=10\" rel=\"category\">C\u0259bh\u0259d\u0259n X\u0259b\u0259r<\/a>","rttpg_excerpt":"M\u00fcdafi\u0259 Nazirliyinin NATO il\u0259 2022-ci il \u00fc\u00e7\u00fcn F\u0259rdi T\u0259r\u0259fda\u015fl\u0131q \u00fczr\u0259 \u018fm\u0259kda\u015fl\u0131q Proqram\u0131 \u00e7\u0259r\u00e7iv\u0259sind\u0259 Silahl\u0131 Q\u00fcvv\u0259l\u0259rin H\u0259rbi Akademiyas\u0131nda NATO-nun Brunssum \u015f\u0259h\u0259rind\u0259 (Niderland Krall\u0131\u011f\u0131) yerl\u0259\u015f\u0259n Birl\u0259\u015fmi\u015f Q\u00fcvv\u0259l\u0259r Komandanl\u0131\u011f\u0131n\u0131n Mobil t\u0259lim qrupu t\u0259r\u0259find\u0259n \u0259ld\u0259 d\u00fcz\u0259ldilmi\u015f partlad\u0131c\u0131 qur\u011fulara qar\u015f\u0131 t\u0259dbirl\u0259r (C-IED) m\u00f6vzusunda t\u0259lim kursu ke\u00e7irilir. Nazirlikd\u0259n bildirilib ki, kursda dinl\u0259yicil\u0259r\u0259 NATO-nun \u0259ld\u0259 d\u00fcz\u0259ldilmi\u015f partlay\u0131c\u0131 qur\u011fulara qar\u015f\u0131 t\u0259dbirl\u0259r zaman\u0131 birg\u0259&hellip;","_links":{"self":[{"href":"https:\/\/arantv.az\/index.php?rest_route=\/wp\/v2\/posts\/436545"}],"collection":[{"href":"https:\/\/arantv.az\/index.php?rest_route=\/wp\/v2\/posts"}],"about":[{"href":"https:\/\/arantv.az\/index.php?rest_route=\/wp\/v2\/types\/post"}],"author":[{"embeddable":true,"href":"https:\/\/arantv.az\/index.php?rest_route=\/wp\/v2\/users\/2"}],"replies":[{"embeddable":true,"href":"https:\/\/arantv.az\/index.php?rest_route=%2Fwp%2Fv2%2Fcomments&post=436545"}],"version-history":[{"count":0,"href":"https:\/\/arantv.az\/index.php?rest_route=\/wp\/v2\/posts\/436545\/revisions"}],"wp:featuredmedia":[{"embeddable":true,"href":"https:\/\/arantv.az\/index.php?rest_route=\/wp\/v2\/media\/436546"}],"wp:attachment":[{"href":"https:\/\/arantv.az\/index.php?rest_route=%2Fwp%2Fv2%2Fmedia&parent=436545"}],"wp:term":[{"taxonomy":"category","embeddable":true,"href":"https:\/\/arantv.az\/index.php?rest_route=%2Fwp%2Fv2%2Fcategories&post=436545"},{"taxonomy":"post_tag","embeddable":true,"href":"https:\/\/arantv.az\/index.php?rest_route=%2Fwp%2Fv2%2Ftags&post=436545"}],"curies":[{"name":"wp","href":"https:\/\/api.w.org\/{rel}","templated":true}]}}