{"id":436571,"date":"2022-02-08T19:39:42","date_gmt":"2022-02-08T16:39:42","guid":{"rendered":"http:\/\/arantv.az\/?p=436571"},"modified":"2022-02-08T19:39:42","modified_gmt":"2022-02-08T16:39:42","slug":"italiyada-h%c9%99l%c9%99-d%c9%99-az%c9%99rbaycan-qazina-qarsi-cixanlar-kiml%c9%99rdir","status":"publish","type":"post","link":"https:\/\/arantv.az\/?p=436571","title":{"rendered":"\u0130taliyada h\u0259l\u0259 d\u0259 Az\u0259rbaycan qaz\u0131na qar\u015f\u0131 \u00e7\u0131xanlar kiml\u0259rdir?"},"content":{"rendered":"<p>C\u0259nub Qaz D\u0259hlizinin bir hiss\u0259si olan v\u0259 Az\u0259rbaycan qaz\u0131n\u0131 Avropa bazarlar\u0131na n\u0259ql ed\u0259n TAP qaz k\u0259m\u0259rinin i\u015f\u0259 d\u00fc\u015fm\u0259sind\u0259n bir ild\u0259n \u00e7ox vaxt ke\u00e7s\u0259 d\u0259 k\u0259m\u0259rin ke\u00e7diyi \u0130taliyada h\u0259l\u0259 d\u0259 bu qaz k\u0259m\u0259rin\u0259 qar\u015f\u0131 \u00e7\u0131xanlar f\u0259aliyy\u0259tl\u0259rini davam etdirir.<\/p>\n<p><strong>ARANTV.AZ<\/strong> virtualaz.org-a istinad\u0259n x\u0259b\u0259r verir ki, &#8220;Euronews&#8221; telekanal\u0131 \u0130taliyada TAP k\u0259m\u0259rin\u0259 qar\u015f\u0131 etirazlar t\u0259\u015fkil ed\u0259n, k\u0259m\u0259rin \u0259traf m\u00fchit\u0259 z\u0259r\u0259r vurdu\u011fu bar\u0259d\u0259 iddialar ir\u0259li s\u00fcr\u0259n &#8220;NO TAP&#8221; h\u0259r\u0259kat\u0131 bar\u0259d\u0259 reportaj yay\u0131b, h\u0259r\u0259kat\u0131n f\u0259allar\u0131 bu k\u0259m\u0259rin Avropan\u0131n qaz t\u0259chizat\u0131n\u0131n \u015fax\u0259l\u0259ndirilm\u0259sind\u0259 real rolunun olmad\u0131\u011f\u0131n\u0131 iddia edirl\u0259r.<\/p>\n<p>Bak\u0131da C\u0259nub Qaz D\u0259hlizi i\u015ftirak\u00e7\u0131lar\u0131n\u0131n m\u0259\u015fv\u0259r\u0259t \u015furas\u0131n\u0131n n\u00f6vb\u0259ti toplant\u0131s\u0131ndan sonraya, Avropan\u0131n Az\u0259rbaycandan TAP k\u0259m\u0259ri il\u0259 daha \u00e7ox qaz almaq \u00fc\u00e7\u00fcn dan\u0131\u015f\u0131qlar\u0131n getdiyi bir vaxta t\u0259sad\u00fcf ed\u0259n bu reportajda bildirilir ki, \u0130taliyan\u0131n Apuliya b\u00f6lg\u0259sind\u0259 k\u0259m\u0259rin real faydas\u0131na \u015f\u00fcbh\u0259 ed\u0259nl\u0259r var. &#8220;NO TAP&#8221; ekoloji h\u0259r\u0259kat\u0131n\u0131n f\u0259al\u0131 Canluka Madjore hesab edir ki, bu k\u0259m\u0259r Avropan\u0131n qaz t\u0259chizat\u0131n\u0131 \u015fax\u0259l\u0259ndir\u0259 bilm\u0259yib.<\/p>\n<p>\u00c7\u00fcnki onun fikrinc\u0259, Az\u0259rbaycan qaz\u0131 bahal\u0131d\u0131r, \u00fcst\u0259lik bu qaz\u0131 hasil ed\u0259n &#8220;\u015eahd\u0259niz&#8221; konsorsiumunda Rusiya da t\u0259msil olunur. &#8220;NO TAP&#8221; f\u0259al\u0131 bildirir ki, k\u0259m\u0259rin \u0259traf m\u00fchit\u0259 z\u0259r\u0259ri &#8220;b\u00f6y\u00fckd\u00fcr&#8221; v\u0259 haz\u0131rda bununla ba\u011fl\u0131 m\u0259hk\u0259m\u0259 \u00e7\u0259ki\u015fm\u0259l\u0259ri davam edir.<\/p>\n<p>Lakin TAP konsorsiumunun \u0130taliyadak\u0131 \u0259m\u0259liyyatlar \u00fczr\u0259 direktoru Elihio Lo Ka\u015fio bildirir ki, Avropa bazar\u0131nda t\u0259bii qaz\u0131n qiym\u0259tinin k\u0259skin artd\u0131\u011f\u0131, bazarda q\u0131tl\u0131q v\u0259 y\u00fcks\u0259k t\u0259l\u0259bat h\u00f6km s\u00fcrd\u00fcy\u00fc bir vaxtda \u0259lav\u0259 t\u0259chizat m\u0259nb\u0259yinin m\u00f6vcud olmas\u0131 \u0130taliyan\u0131n m\u00f6vqeyini g\u00fccl\u0259ndirir.<\/p>\n<p>TAP \u015firk\u0259ti bu iddialar\u0131 m\u0259hk\u0259m\u0259 davam etdiyi \u00fc\u00e7\u00fcn \u015f\u0259rh etm\u0259yib. Lakin Elihio Le Ka\u015fio bildirir ki, k\u0259m\u0259rin \u0259traf m\u00fchit\u0259 t\u0259siri &#8220;s\u0131f\u0131r da olmasa, s\u0131fra yax\u0131nd\u0131r&#8221;.<\/p>\n<p>\u0130taliyan\u0131n ke\u00e7mi\u015f ba\u015f naziri, &#8220;Forza \u0130talia&#8221; h\u0259r\u0259kat\u0131n\u0131n lideri Silvio Berluskoni is\u0259 TAP k\u0259m\u0259rinin \u0259h\u0259miyy\u0259ti bar\u0259d\u0259 dan\u0131\u015f\u0131b. &#8220;Radio Montecarlo&#8221;ya m\u00fcsahib\u0259sind\u0259 Berluskoni bildirib ki, qaz v\u0259 n\u00fcv\u0259 enerjisi Avropa Komissiyas\u0131 t\u0259r\u0259find\u0259n t\u0259miz v\u0259 t\u0259hl\u00fck\u0259siz enerji m\u0259nb\u0259l\u0259ri siyah\u0131s\u0131na daxil edilib. &#8220;Ona g\u00f6r\u0259 d\u0259 biz \u0130taliyan\u0131n xarici enerji m\u0259nb\u0259l\u0259rind\u0259n as\u0131l\u0131l\u0131\u011f\u0131n\u0131 aradan qald\u0131rmaq, TAP kimi m\u00f6vcud qaz k\u0259m\u0259rl\u0259rinin imkanlar\u0131ndan maksimum istifad\u0259 etm\u0259k \u00fc\u00e7\u00fcn yeni zavodlar v\u0259 infrastruktur tikm\u0259liyik. \u0130ndi biz g\u00f6r\u00fcr\u00fck ki, bir \u00e7ox ill\u0259r \u0259rzind\u0259 bu k\u0259m\u0259rin \u0259traf m\u00fchit\u0259 z\u0259r\u0259r vurdu\u011fu iddias\u0131 il\u0259 onun tikintisin\u0259 qar\u015f\u0131 \u00e7\u0131xanlar n\u0259 d\u0259r\u0259c\u0259d\u0259 haqs\u0131z idi&#8221;,-Berluskoni bildirib.<\/p>\n<p>TAP k\u0259m\u0259ri il\u0259 Avropaya ild\u0259 10 milyard kubmetr qaz n\u0259ql etm\u0259k imkan\u0131 var. H\u0259l\u0259lik bu k\u0259m\u0259rl\u0259 6 milyard kubmetr\u0259 yax\u0131n qaz n\u0259ql olunur. Avropa \u0130ttifaq\u0131 Az\u0259rbaycanla dan\u0131\u015f\u0131qlar apar\u0131r ki, k\u0259m\u0259rl\u0259 qaz n\u0259qlini 8 milyard kubmetr\u0259 q\u0259d\u0259r art\u0131rs\u0131n.<\/p>\n<p>K\u0259m\u0259rin \u0259traf m\u00fchit\u0259 z\u0259r\u0259r vurdu\u011fu bar\u0259d\u0259 iddialarla \u0130taliyada b\u0259zi siyasi q\u00fcvv\u0259l\u0259r v\u0259 \u0259traf m\u00fchit t\u0259\u015fkilatlar\u0131 TAP-\u0131n tikintisi zaman\u0131 etiraz aksiyalar\u0131 t\u0259\u015fkil edirdil\u0259r. Bu zaman polisl\u0259 toqqu\u015fmalar, tikinti texnikas\u0131n\u0131n q\u0259sd\u0259n s\u0131radan \u00e7\u0131xar\u0131lmas\u0131 hallar\u0131 da ba\u015f verirdi. Lakin b\u00fct\u00fcn bu mane\u0259l\u0259r\u0259 baxmayaraq k\u0259m\u0259rin tikintisi ba\u015fa \u00e7atd\u0131r\u0131ld\u0131 v\u0259 2020-ci il dekabr\u0131n 31-d\u0259 i\u015f\u0259 sal\u0131nd\u0131.TAP k\u0259m\u0259ri il\u0259 Yunan\u0131stana n\u0259ql ed\u0259n Az\u0259rbaycan qaz\u0131n\u0131 daha sonra Bolqar\u0131stana \u00e7atd\u0131rmaq \u00fc\u00e7\u00fcn n\u0259z\u0259rd\u0259 tutulan IGB interkonnektor qaz k\u0259m\u0259rinin tikintisi is\u0259 ill\u0259rdir l\u0259ngidilir. N\u0259tic\u0259d\u0259 Bolqar\u0131stan Az\u0259rbaycanla 2013-c\u00fc ild\u0259 ba\u011flanm\u0131\u015f m\u00fcqavil\u0259 \u0259sas\u0131nda n\u0259z\u0259rd\u0259 tutulan 1 milyard kubmetr qaz\u0131n ham\u0131s\u0131n\u0131 ala bilmir.<\/p>\n","protected":false},"excerpt":{"rendered":"<p>C\u0259nub Qaz D\u0259hlizinin bir hiss\u0259si olan v\u0259 Az\u0259rbaycan qaz\u0131n\u0131 Avropa bazarlar\u0131na n\u0259ql ed\u0259n TAP qaz k\u0259m\u0259rinin i\u015f\u0259 d\u00fc\u015fm\u0259sind\u0259n bir ild\u0259n \u00e7ox vaxt ke\u00e7s\u0259 d\u0259 k\u0259m\u0259rin ke\u00e7diyi \u0130taliyada h\u0259l\u0259 d\u0259 bu qaz k\u0259m\u0259rin\u0259 qar\u015f\u0131 \u00e7\u0131xanlar f\u0259aliyy\u0259tl\u0259rini davam etdirir. ARANTV.AZ virtualaz.org-a istinad\u0259n x\u0259b\u0259r verir ki, &#8220;Euronews&#8221; telekanal\u0131 \u0130taliyada TAP k\u0259m\u0259rin\u0259 qar\u015f\u0131 etirazlar t\u0259\u015fkil ed\u0259n, k\u0259m\u0259rin \u0259traf m\u00fchit\u0259 z\u0259r\u0259r vurdu\u011fu bar\u0259d\u0259 iddialar ir\u0259li s\u00fcr\u0259n &#8220;NO TAP&#8221; h\u0259r\u0259kat\u0131 bar\u0259d\u0259 reportaj yay\u0131b, h\u0259r\u0259kat\u0131n f\u0259allar\u0131 bu k\u0259m\u0259rin Avropan\u0131n qaz t\u0259chizat\u0131n\u0131n \u015fax\u0259l\u0259ndirilm\u0259sind\u0259 real rolunun olmad\u0131\u011f\u0131n\u0131 iddia edirl\u0259r. Bak\u0131da C\u0259nub Qaz D\u0259hlizi i\u015ftirak\u00e7\u0131lar\u0131n\u0131n m\u0259\u015fv\u0259r\u0259t \u015furas\u0131n\u0131n n\u00f6vb\u0259ti toplant\u0131s\u0131ndan sonraya,&hellip;<\/p>\n","protected":false},"author":2,"featured_media":436572,"comment_status":"closed","ping_status":"closed","sticky":false,"template":"","format":"standard","meta":{"om_disable_all_campaigns":false,"_monsterinsights_skip_tracking":false,"_monsterinsights_sitenote_active":false,"_monsterinsights_sitenote_note":"","_monsterinsights_sitenote_category":0},"categories":[19],"tags":[],"aioseo_notices":[],"gutentor_comment":0,"rttpg_featured_image_url":{"full":["https:\/\/arantv.az\/wp-content\/uploads\/2022\/02\/1017923.jpg",800,600,false],"landscape":["https:\/\/arantv.az\/wp-content\/uploads\/2022\/02\/1017923.jpg",800,600,false],"portraits":["https:\/\/arantv.az\/wp-content\/uploads\/2022\/02\/1017923.jpg",800,600,false],"thumbnail":["https:\/\/arantv.az\/wp-content\/uploads\/2022\/02\/1017923-500x280.jpg",500,280,true],"medium":["https:\/\/arantv.az\/wp-content\/uploads\/2022\/02\/1017923-487x365.jpg",487,365,true],"large":["https:\/\/arantv.az\/wp-content\/uploads\/2022\/02\/1017923.jpg",640,480,false],"1536x1536":["https:\/\/arantv.az\/wp-content\/uploads\/2022\/02\/1017923.jpg",800,600,false],"2048x2048":["https:\/\/arantv.az\/wp-content\/uploads\/2022\/02\/1017923.jpg",800,600,false],"post-thumbnail":["https:\/\/arantv.az\/wp-content\/uploads\/2022\/02\/1017923-240x172.jpg",240,172,true],"advps-thumb-one":["https:\/\/arantv.az\/wp-content\/uploads\/2022\/02\/1017923.jpg",800,600,false]},"rttpg_author":{"display_name":"V\u00fcsal Rafiqo\u011flu","author_link":"https:\/\/arantv.az\/?author=2"},"rttpg_comment":0,"rttpg_category":"<a href=\"https:\/\/arantv.az\/?cat=19\" rel=\"category\">G\u00fcnd\u0259m<\/a>","rttpg_excerpt":"C\u0259nub Qaz D\u0259hlizinin bir hiss\u0259si olan v\u0259 Az\u0259rbaycan qaz\u0131n\u0131 Avropa bazarlar\u0131na n\u0259ql ed\u0259n TAP qaz k\u0259m\u0259rinin i\u015f\u0259 d\u00fc\u015fm\u0259sind\u0259n bir ild\u0259n \u00e7ox vaxt ke\u00e7s\u0259 d\u0259 k\u0259m\u0259rin ke\u00e7diyi \u0130taliyada h\u0259l\u0259 d\u0259 bu qaz k\u0259m\u0259rin\u0259 qar\u015f\u0131 \u00e7\u0131xanlar f\u0259aliyy\u0259tl\u0259rini davam etdirir. ARANTV.AZ virtualaz.org-a istinad\u0259n x\u0259b\u0259r verir ki, &#8220;Euronews&#8221; telekanal\u0131 \u0130taliyada TAP k\u0259m\u0259rin\u0259 qar\u015f\u0131 etirazlar t\u0259\u015fkil ed\u0259n, k\u0259m\u0259rin \u0259traf m\u00fchit\u0259&hellip;","_links":{"self":[{"href":"https:\/\/arantv.az\/index.php?rest_route=\/wp\/v2\/posts\/436571"}],"collection":[{"href":"https:\/\/arantv.az\/index.php?rest_route=\/wp\/v2\/posts"}],"about":[{"href":"https:\/\/arantv.az\/index.php?rest_route=\/wp\/v2\/types\/post"}],"author":[{"embeddable":true,"href":"https:\/\/arantv.az\/index.php?rest_route=\/wp\/v2\/users\/2"}],"replies":[{"embeddable":true,"href":"https:\/\/arantv.az\/index.php?rest_route=%2Fwp%2Fv2%2Fcomments&post=436571"}],"version-history":[{"count":0,"href":"https:\/\/arantv.az\/index.php?rest_route=\/wp\/v2\/posts\/436571\/revisions"}],"wp:featuredmedia":[{"embeddable":true,"href":"https:\/\/arantv.az\/index.php?rest_route=\/wp\/v2\/media\/436572"}],"wp:attachment":[{"href":"https:\/\/arantv.az\/index.php?rest_route=%2Fwp%2Fv2%2Fmedia&parent=436571"}],"wp:term":[{"taxonomy":"category","embeddable":true,"href":"https:\/\/arantv.az\/index.php?rest_route=%2Fwp%2Fv2%2Fcategories&post=436571"},{"taxonomy":"post_tag","embeddable":true,"href":"https:\/\/arantv.az\/index.php?rest_route=%2Fwp%2Fv2%2Ftags&post=436571"}],"curies":[{"name":"wp","href":"https:\/\/api.w.org\/{rel}","templated":true}]}}