{"id":436775,"date":"2022-02-09T20:57:32","date_gmt":"2022-02-09T17:57:32","guid":{"rendered":"http:\/\/arantv.az\/?p=436775"},"modified":"2022-02-09T20:57:32","modified_gmt":"2022-02-09T17:57:32","slug":"az%c9%99rbaycan-respublikasi-xarici-isl%c9%99r-nazirliyinin-m%c9%99tbuat-xidm%c9%99ti","status":"publish","type":"post","link":"https:\/\/arantv.az\/?p=436775","title":{"rendered":"Az\u0259rbaycan Respublikas\u0131 Xarici \u0130\u015fl\u0259r Nazirliyinin M\u0259tbuat xidm\u0259ti"},"content":{"rendered":"<h2 class=\"section_articleInner_body_head--header\">Az\u0259rbaycan Respublikas\u0131 Xarici \u0130\u015fl\u0259r Nazirliyinin M\u0259tbuat xidm\u0259ti idar\u0259sinin nazir Ceyhun Bayramovun Moldova Respublikas\u0131n\u0131n Ba\u015f nazirinin m\u00fcavini, xarici i\u015fl\u0259r v\u0259 Avropaya inteqrasiya naziri Niku Popesku il\u0259 g\u00f6r\u00fc\u015f\u00fcn\u0259 dair m\u0259lumat\u0131.<\/h2>\n<p>2022-ci ilin 9 fevral tarixind\u0259 Az\u0259rbaycan Respublikas\u0131n\u0131n xarici i\u015fl\u0259r naziri Ceyhun Bayramov v\u0259 Moldova Respublikas\u0131n\u0131n Ba\u015f nazirinin m\u00fcavini, xarici i\u015fl\u0259r v\u0259 Avropaya inteqrasiya naziri Niku Popesku aras\u0131nda g\u00f6r\u00fc\u015f ba\u015f tutub.<\/p>\n<p>G\u00f6r\u00fc\u015fd\u0259 nazir Ceyhun Bayramov Az\u0259rbaycan Moldova il\u0259 dostluq v\u0259 \u0259m\u0259kda\u015fl\u0131q m\u00fcnasib\u0259tl\u0259rinin inki\u015faf\u0131n\u0131 m\u0259mnunluqla qeyd edib v\u0259 bir \u00e7ox sah\u0259l\u0259rd\u0259 qar\u015f\u0131l\u0131ql\u0131 f\u0259aliyy\u0259tin daha da geni\u015fl\u0259ndirilm\u0259sinin vacib oldu\u011funu vur\u011fulay\u0131b.<\/p>\n<p>Nazir Ceyhun Bayramov Moldoval\u0131 h\u0259mkar\u0131na b\u00f6lg\u0259d\u0259 m\u00f6vcud olan m\u00fcnaqi\u015f\u0259 sonras\u0131 v\u0259ziyy\u0259t, \u00fc\u00e7t\u0259r\u0259fli b\u0259yanatlar\u0131n icras\u0131 v\u0259 bu x\u00fcsusda, Az\u0259rbaycan t\u0259r\u0259find\u0259n at\u0131lan add\u0131mlar, delimitasiya prossesi, habel\u0259 i\u015f\u011faldan azad edilmi\u015f \u0259razil\u0259rd\u0259 h\u0259yata ke\u00e7iril\u0259n b\u0259rpa v\u0259 yenid\u0259n quruculuq i\u015fl\u0259ri il\u0259 ba\u011fl\u0131 m\u0259lumat verib.<\/p>\n<p>Nazir Niku Popesku ikit\u0259r\u0259fli m\u00fcnasib\u0259tl\u0259rinin inki\u015faf\u0131ndan m\u0259mnunluqla dan\u0131\u015f\u0131b. O, iki \u00f6lk\u0259 aras\u0131nda siyasi m\u00fcnasib\u0259tl\u0259rinin y\u00fcks\u0259k s\u0259viyy\u0259d\u0259 inki\u015faf etdiyini v\u0259 Moldan\u0131n h\u0259r zaman Az\u0259rbaycan\u0131n \u0259razi b\u00fct\u00f6vl\u00fcy\u00fcn\u00fc d\u0259st\u0259kl\u0259diyini vur\u011fulay\u0131b. Haz\u0131rki s\u0259f\u0259rin m\u00f6vcud olan \u0259laq\u0259l\u0259rin inki\u015faf\u0131na v\u0259 d\u0259rinl\u0259\u015fm\u0259sin\u0259 t\u0259kan ver\u0259c\u0259yin\u0259 \u00fcmidvar oldu\u011funu bildirib.<\/p>\n<p>T\u0259r\u0259fl\u0259r Az\u0259rbaycan\u0131n azad edilmi\u015f \u0259razil\u0259rind\u0259 infrastrukrun yenid\u0259n qurulmas\u0131 layih\u0259l\u0259ri, bu x\u00fcsusda, \u0259razil\u0259rin tez bir zamanda minalardan t\u0259mizl\u0259nm\u0259sinin \u0259h\u0259miyy\u0259ti v\u0259 bu proses\u0259 Moldova ekspertl\u0259rinin c\u0259lb edilm\u0259si m\u0259s\u0259l\u0259l\u0259ri \u0259traf\u0131nda geni\u015f fikir m\u00fcbadil\u0259si apar\u0131blar.<\/p>\n<p>T\u0259r\u0259fl\u0259r iqtisadi, ticar\u0259t, enerji, humanitar, m\u0259d\u0259ni v\u0259 dig\u0259r sah\u0259l\u0259rd\u0259 ikit\u0259r\u0259fli \u0259laq\u0259l\u0259rin inki\u015faf\u0131 \u00fc\u00e7\u00fcn m\u00f6vcud potensialdan istifad\u0259 olunmas\u0131 \u0259traf\u0131nda fikir m\u00fcbadil\u0259si apar\u0131blar. H\u0259m\u00e7inin g\u00f6r\u00fc\u015fd\u0259 iqtisadi m\u00fcnasib\u0259tl\u0259r\u0259 x\u00fcsusi diqq\u0259tin ayr\u0131lmas\u0131n\u0131n \u00f6n\u0259mli oldu\u011fu qeyd edilib v\u0259 bu x\u00fcsusda, Az\u0259rbaycan Respublikas\u0131 il\u0259 Moldova Respublikas\u0131 aras\u0131nda iqtisadi \u0259m\u0259kda\u015fl\u0131q \u00fczr\u0259 Birg\u0259 H\u00f6kum\u0259tl\u0259raras\u0131 Komissiyan\u0131n f\u0259aliyy\u0259tinin \u0259h\u0259miyy\u0259t k\u0259sb etdiyi vur\u011fulan\u0131b.<\/p>\n<p>G\u00f6r\u00fc\u015fd\u0259 iki \u00f6lk\u0259 aras\u0131nda \u00e7oxt\u0259r\u0259fli platformalarda (BMT, AT\u018fT, Avropa \u015euras\u0131, QD\u0130\u018fT, GUAM v\u0259 \u201c\u015e\u0259rq T\u0259r\u0259fda\u015fl\u0131\u011f\u0131\u201d t\u0259\u015f\u0259bb\u00fcs\u00fc) h\u0259yata ke\u00e7iril\u0259n u\u011furlu \u0259m\u0259kda\u015fl\u0131q v\u0259 beyn\u0259lxalq t\u0259\u015fkilatlar \u00e7\u0259r\u00e7iv\u0259sind\u0259 qar\u015f\u0131l\u0131ql\u0131 d\u0259st\u0259yin davam etdirilm\u0259si \u0259traf\u0131nda fikir m\u00fcbadil\u0259si apar\u0131l\u0131b.<\/p>\n<p>T\u0259r\u0259fl\u0259r, h\u0259m\u00e7inin qar\u015f\u0131l\u0131ql\u0131 maraq do\u011furan dig\u0259r m\u0259s\u0259l\u0259l\u0259r \u00fczr\u0259 m\u00fczakir\u0259l\u0259r apar\u0131blar.<\/p>\n<div class=\"imageGallery\">\n<div class=\"box pt-56\">\n<div class=\"box_resize\"><img class=\"imageGallery--img\" src=\"https:\/\/mfa.gov.az\/files\/news\/PHOTO-2022-02-09-15-12-11.jpg\" \/><\/div>\n<\/div>\n<div class=\"box pt-56\">\n<div class=\"box_resize\"><img class=\"imageGallery--img\" src=\"https:\/\/mfa.gov.az\/files\/news\/PHOTO-2022-02-09-15-12-16.jpg\" \/><\/div>\n<\/div>\n<div class=\"box pt-56\">\n<div class=\"box_resize\"><\/div>\n<\/div>\n<div class=\"box pt-56\">\n<div class=\"box_resize\"><img class=\"imageGallery--img\" src=\"https:\/\/mfa.gov.az\/files\/news\/PHOTO-2022-02-09-15-12-09.jpg\" \/><\/div>\n<\/div>\n<div class=\"box pt-56\">\n<div class=\"box_resize\"><img class=\"imageGallery--img\" src=\"https:\/\/mfa.gov.az\/files\/news\/PHOTO-2022-02-09-15-12-15.jpg\" \/><\/div>\n<\/div>\n<div class=\"box pt-56\">\n<div class=\"box_resize\"><img class=\"imageGallery--img\" src=\"https:\/\/mfa.gov.az\/files\/news\/PHOTO-2022-02-09-15-12-15%20%281%29.jpg\" \/><\/div>\n<\/div>\n<div class=\"box pt-56\">\n<div class=\"box_resize\"><img class=\"imageGallery--img\" src=\"https:\/\/mfa.gov.az\/files\/news\/PHOTO-2022-02-09-15-12-12.jpg\" \/><\/div>\n<\/div>\n<div class=\"box pt-56\">\n<div class=\"box_resize\"><img class=\"imageGallery--img\" src=\"https:\/\/mfa.gov.az\/files\/news\/PHOTO-2022-02-09-15-12-05.jpg\" \/><\/div>\n<\/div>\n<div class=\"box pt-56\">\n<div class=\"box_resize\"><img class=\"imageGallery--img\" src=\"https:\/\/mfa.gov.az\/files\/news\/PHOTO-2022-02-09-15-12-06.jpg\" \/><\/div>\n<\/div>\n<\/div>\n","protected":false},"excerpt":{"rendered":"<p>Az\u0259rbaycan Respublikas\u0131 Xarici \u0130\u015fl\u0259r Nazirliyinin M\u0259tbuat xidm\u0259ti idar\u0259sinin nazir Ceyhun Bayramovun Moldova Respublikas\u0131n\u0131n Ba\u015f nazirinin m\u00fcavini, xarici i\u015fl\u0259r v\u0259 Avropaya inteqrasiya naziri Niku Popesku il\u0259 g\u00f6r\u00fc\u015f\u00fcn\u0259 dair m\u0259lumat\u0131. 2022-ci ilin 9 fevral tarixind\u0259 Az\u0259rbaycan Respublikas\u0131n\u0131n xarici i\u015fl\u0259r naziri Ceyhun Bayramov v\u0259 Moldova Respublikas\u0131n\u0131n Ba\u015f nazirinin m\u00fcavini, xarici i\u015fl\u0259r v\u0259 Avropaya inteqrasiya naziri Niku Popesku aras\u0131nda g\u00f6r\u00fc\u015f ba\u015f tutub. G\u00f6r\u00fc\u015fd\u0259 nazir Ceyhun Bayramov Az\u0259rbaycan Moldova il\u0259 dostluq v\u0259 \u0259m\u0259kda\u015fl\u0131q m\u00fcnasib\u0259tl\u0259rinin inki\u015faf\u0131n\u0131 m\u0259mnunluqla qeyd edib v\u0259 bir \u00e7ox sah\u0259l\u0259rd\u0259 qar\u015f\u0131l\u0131ql\u0131 f\u0259aliyy\u0259tin daha da geni\u015fl\u0259ndirilm\u0259sinin vacib oldu\u011funu vur\u011fulay\u0131b. Nazir Ceyhun Bayramov Moldoval\u0131 h\u0259mkar\u0131na&hellip;<\/p>\n","protected":false},"author":2,"featured_media":436776,"comment_status":"closed","ping_status":"closed","sticky":false,"template":"","format":"standard","meta":{"om_disable_all_campaigns":false,"_monsterinsights_skip_tracking":false,"_monsterinsights_sitenote_active":false,"_monsterinsights_sitenote_note":"","_monsterinsights_sitenote_category":0},"categories":[4],"tags":[],"aioseo_notices":[],"gutentor_comment":0,"rttpg_featured_image_url":{"full":["https:\/\/arantv.az\/wp-content\/uploads\/2022\/02\/PHOTO-2022-02-09-15-12-12.jpg",1280,707,false],"landscape":["https:\/\/arantv.az\/wp-content\/uploads\/2022\/02\/PHOTO-2022-02-09-15-12-12.jpg",1280,707,false],"portraits":["https:\/\/arantv.az\/wp-content\/uploads\/2022\/02\/PHOTO-2022-02-09-15-12-12.jpg",1280,707,false],"thumbnail":["https:\/\/arantv.az\/wp-content\/uploads\/2022\/02\/PHOTO-2022-02-09-15-12-12-500x280.jpg",500,280,true],"medium":["https:\/\/arantv.az\/wp-content\/uploads\/2022\/02\/PHOTO-2022-02-09-15-12-12-660x365.jpg",660,365,true],"large":["https:\/\/arantv.az\/wp-content\/uploads\/2022\/02\/PHOTO-2022-02-09-15-12-12-840x464.jpg",640,354,true],"1536x1536":["https:\/\/arantv.az\/wp-content\/uploads\/2022\/02\/PHOTO-2022-02-09-15-12-12.jpg",1280,707,false],"2048x2048":["https:\/\/arantv.az\/wp-content\/uploads\/2022\/02\/PHOTO-2022-02-09-15-12-12.jpg",1280,707,false],"post-thumbnail":["https:\/\/arantv.az\/wp-content\/uploads\/2022\/02\/PHOTO-2022-02-09-15-12-12-240x172.jpg",240,172,true],"advps-thumb-one":["https:\/\/arantv.az\/wp-content\/uploads\/2022\/02\/PHOTO-2022-02-09-15-12-12-1200x620.jpg",1200,620,true]},"rttpg_author":{"display_name":"V\u00fcsal Rafiqo\u011flu","author_link":"https:\/\/arantv.az\/?author=2"},"rttpg_comment":0,"rttpg_category":"<a href=\"https:\/\/arantv.az\/?cat=4\" rel=\"category\">Siyas\u0259t<\/a>","rttpg_excerpt":"Az\u0259rbaycan Respublikas\u0131 Xarici \u0130\u015fl\u0259r Nazirliyinin M\u0259tbuat xidm\u0259ti idar\u0259sinin nazir Ceyhun Bayramovun Moldova Respublikas\u0131n\u0131n Ba\u015f nazirinin m\u00fcavini, xarici i\u015fl\u0259r v\u0259 Avropaya inteqrasiya naziri Niku Popesku il\u0259 g\u00f6r\u00fc\u015f\u00fcn\u0259 dair m\u0259lumat\u0131. 2022-ci ilin 9 fevral tarixind\u0259 Az\u0259rbaycan Respublikas\u0131n\u0131n xarici i\u015fl\u0259r naziri Ceyhun Bayramov v\u0259 Moldova Respublikas\u0131n\u0131n Ba\u015f nazirinin m\u00fcavini, xarici i\u015fl\u0259r v\u0259 Avropaya inteqrasiya naziri Niku Popesku aras\u0131nda&hellip;","_links":{"self":[{"href":"https:\/\/arantv.az\/index.php?rest_route=\/wp\/v2\/posts\/436775"}],"collection":[{"href":"https:\/\/arantv.az\/index.php?rest_route=\/wp\/v2\/posts"}],"about":[{"href":"https:\/\/arantv.az\/index.php?rest_route=\/wp\/v2\/types\/post"}],"author":[{"embeddable":true,"href":"https:\/\/arantv.az\/index.php?rest_route=\/wp\/v2\/users\/2"}],"replies":[{"embeddable":true,"href":"https:\/\/arantv.az\/index.php?rest_route=%2Fwp%2Fv2%2Fcomments&post=436775"}],"version-history":[{"count":0,"href":"https:\/\/arantv.az\/index.php?rest_route=\/wp\/v2\/posts\/436775\/revisions"}],"wp:featuredmedia":[{"embeddable":true,"href":"https:\/\/arantv.az\/index.php?rest_route=\/wp\/v2\/media\/436776"}],"wp:attachment":[{"href":"https:\/\/arantv.az\/index.php?rest_route=%2Fwp%2Fv2%2Fmedia&parent=436775"}],"wp:term":[{"taxonomy":"category","embeddable":true,"href":"https:\/\/arantv.az\/index.php?rest_route=%2Fwp%2Fv2%2Fcategories&post=436775"},{"taxonomy":"post_tag","embeddable":true,"href":"https:\/\/arantv.az\/index.php?rest_route=%2Fwp%2Fv2%2Ftags&post=436775"}],"curies":[{"name":"wp","href":"https:\/\/api.w.org\/{rel}","templated":true}]}}