{"id":436779,"date":"2022-02-10T07:03:26","date_gmt":"2022-02-10T04:03:26","guid":{"rendered":"http:\/\/arantv.az\/?p=436779"},"modified":"2022-02-10T07:03:26","modified_gmt":"2022-02-10T04:03:26","slug":"malib%c9%99yli-v%c9%99-quscular-q%c9%99tliamindan-30-il-otur","status":"publish","type":"post","link":"https:\/\/arantv.az\/?p=436779","title":{"rendered":"Mal\u0131b\u0259yli v\u0259 Qu\u015f\u00e7ular q\u0259tliam\u0131ndan 30 il \u00f6t\u00fcr"},"content":{"rendered":"<p>Bu g\u00fcn Mal\u0131b\u0259yli v\u0259 Qu\u015f\u00e7ular q\u0259tliam\u0131n\u0131n ild\u00f6n\u00fcm\u00fcd\u00fcr.<\/p>\n<p>Q\u0259tliam\u0131n t\u00f6r\u0259dilm\u0259sind\u0259n 30 il \u00f6t\u00fcr.<\/p>\n<p>1992-ci ilin 10-12 fevral\u0131nda erm\u0259ni qeyri-qanuni silahl\u0131 birl\u0259\u015fm\u0259l\u0259rinin \u015eu\u015fa rayonunun Mal\u0131b\u0259yli, A\u015fa\u011f\u0131 Qu\u015f\u00e7ular v\u0259 Yuxar\u0131 Qu\u015f\u00e7ular k\u0259ndl\u0259rin\u0259 h\u00fccumu n\u0259tic\u0259sind\u0259 t\u0259xmin\u0259n 50-y\u0259 yax\u0131n dinc az\u0259rbaycanl\u0131 q\u0259tl\u0259 yetirilib.<\/p>\n<p>\u015eu\u015fa rayonunda \u0259hali t\u0259rkibi az\u0259rbaycanl\u0131lardan ibar\u0259t olan Mal\u0131b\u0259yli v\u0259 Qu\u015f\u00e7ular k\u0259ndi rayonun inzibati m\u0259rk\u0259zi olan \u015eu\u015fa \u015f\u0259h\u0259rin\u0259 yax\u0131n da\u011fl\u0131q \u0259razid\u0259 &#8211; yaylaqlarda yerl\u0259\u015firdi.\u00a0K\u0259ndl\u0259rd\u0259 t\u0259xmin\u0259n 4 000 n\u0259f\u0259r\u0259 yax\u0131n \u0259hali ya\u015fay\u0131rd\u0131.<\/p>\n<p>Qaraba\u011f m\u00fcharib\u0259si ba\u015flanan andan bu k\u0259ndl\u0259r erm\u0259ni silahl\u0131 birl\u0259\u015fm\u0259l\u0259rinin \u0259sas h\u0259d\u0259fl\u0259rin\u0259 \u00e7evrilmi\u015fdi. 1991-ci ilin oktyabr ay\u0131ndan etibar\u0259n Mal\u0131b\u0259yli tamamil\u0259 m\u00fchasir\u0259d\u0259 idi.<\/p>\n<p>Fevral\u0131n 5-d\u0259 k\u0259ndl\u0259rin \u00fcz\u0259rind\u0259 u\u00e7an helikopter sakinl\u0259r\u0259 \u00fcz\u0259rind\u0259 ya\u015fay\u0131\u015f yerl\u0259rini t\u0259rk etm\u0259k \u00fc\u00e7\u00fcn iki g\u00fcn vaxt verildiyi yaz\u0131lan bildiri\u015fl\u0259r paylay\u0131b. B\u00f6lg\u0259 1991-ci ild\u0259n m\u00fchasir\u0259d\u0259 oldu\u011fu \u00fc\u00e7\u00fcn yegan\u0259 giri\u015f-\u00e7\u0131x\u0131\u015f helikopterl\u0259\u00a0m\u00fcmk\u00fcn olub. \u015eu\u015faya u\u00e7an ax\u0131r\u0131nc\u0131 helikopter\u00a0is\u0259 yanvar\u0131n 28-d\u0259 erm\u0259nil\u0259r t\u0259r\u0259find\u0259n vurulub.<\/p>\n<p>Fevral\u0131n 10-u gec\u0259 yar\u0131s\u0131 erm\u0259ni silahl\u0131 birl\u0259\u015fm\u0259l\u0259ri Mal\u0131b\u0259yliy\u0259 h\u00fccum edib. Qad\u0131n v\u0259 u\u015faqlar Qu\u015f\u00e7ular k\u0259ndin\u0259 qa\u00e7\u0131b. B\u00fct\u00fcn evl\u0259r yand\u0131r\u0131l\u0131b. \u00dcmumilikd\u0259 is\u0259 h\u0259r iki k\u0259ndin sakinl\u0259ri s\u0259h\u0259r\u0259 q\u0259d\u0259r d\u00fc\u015fm\u0259nl\u0259 vuru\u015fub.<\/p>\n<p>M\u0259hz Mal\u0131b\u0259yli, A\u015fa\u011f\u0131 Qu\u015f\u00e7ular v\u0259 Yuxar\u0131 Qu\u015f\u00e7ular k\u0259ndl\u0259rind\u0259ki q\u0259tliamdan sonra y\u00fczl\u0259rl\u0259 g\u00fcnahs\u0131z az\u0259rbaycanl\u0131n\u0131n qan\u0131 ax\u0131d\u0131lan Qarada\u011fl\u0131, A\u011fdaban soyq\u0131r\u0131mlar\u0131 v\u0259 \u0259srin \u0259n b\u00f6y\u00fck faci\u0259l\u0259rind\u0259n olan Xocal\u0131 soyq\u0131r\u0131m\u0131 ba\u015f verib.<\/p>\n","protected":false},"excerpt":{"rendered":"<p>Bu g\u00fcn Mal\u0131b\u0259yli v\u0259 Qu\u015f\u00e7ular q\u0259tliam\u0131n\u0131n ild\u00f6n\u00fcm\u00fcd\u00fcr. Q\u0259tliam\u0131n t\u00f6r\u0259dilm\u0259sind\u0259n 30 il \u00f6t\u00fcr. 1992-ci ilin 10-12 fevral\u0131nda erm\u0259ni qeyri-qanuni silahl\u0131 birl\u0259\u015fm\u0259l\u0259rinin \u015eu\u015fa rayonunun Mal\u0131b\u0259yli, A\u015fa\u011f\u0131 Qu\u015f\u00e7ular v\u0259 Yuxar\u0131 Qu\u015f\u00e7ular k\u0259ndl\u0259rin\u0259 h\u00fccumu n\u0259tic\u0259sind\u0259 t\u0259xmin\u0259n 50-y\u0259 yax\u0131n dinc az\u0259rbaycanl\u0131 q\u0259tl\u0259 yetirilib. \u015eu\u015fa rayonunda \u0259hali t\u0259rkibi az\u0259rbaycanl\u0131lardan ibar\u0259t olan Mal\u0131b\u0259yli v\u0259 Qu\u015f\u00e7ular k\u0259ndi rayonun inzibati m\u0259rk\u0259zi olan \u015eu\u015fa \u015f\u0259h\u0259rin\u0259 yax\u0131n da\u011fl\u0131q \u0259razid\u0259 &#8211; yaylaqlarda yerl\u0259\u015firdi.\u00a0K\u0259ndl\u0259rd\u0259 t\u0259xmin\u0259n 4 000 n\u0259f\u0259r\u0259 yax\u0131n \u0259hali ya\u015fay\u0131rd\u0131. Qaraba\u011f m\u00fcharib\u0259si ba\u015flanan andan bu k\u0259ndl\u0259r erm\u0259ni silahl\u0131 birl\u0259\u015fm\u0259l\u0259rinin \u0259sas h\u0259d\u0259fl\u0259rin\u0259 \u00e7evrilmi\u015fdi. 1991-ci ilin oktyabr ay\u0131ndan etibar\u0259n Mal\u0131b\u0259yli tamamil\u0259 m\u00fchasir\u0259d\u0259 idi. Fevral\u0131n&hellip;<\/p>\n","protected":false},"author":2,"featured_media":436780,"comment_status":"closed","ping_status":"closed","sticky":false,"template":"","format":"standard","meta":{"om_disable_all_campaigns":false,"_monsterinsights_skip_tracking":false,"_monsterinsights_sitenote_active":false,"_monsterinsights_sitenote_note":"","_monsterinsights_sitenote_category":0},"categories":[1],"tags":[],"aioseo_notices":[],"gutentor_comment":0,"rttpg_featured_image_url":{"full":["https:\/\/arantv.az\/wp-content\/uploads\/2022\/02\/FotoJet-2022-02-10T000852.620.jpg",620,413,false],"landscape":["https:\/\/arantv.az\/wp-content\/uploads\/2022\/02\/FotoJet-2022-02-10T000852.620.jpg",620,413,false],"portraits":["https:\/\/arantv.az\/wp-content\/uploads\/2022\/02\/FotoJet-2022-02-10T000852.620.jpg",620,413,false],"thumbnail":["https:\/\/arantv.az\/wp-content\/uploads\/2022\/02\/FotoJet-2022-02-10T000852.620-500x280.jpg",500,280,true],"medium":["https:\/\/arantv.az\/wp-content\/uploads\/2022\/02\/FotoJet-2022-02-10T000852.620-548x365.jpg",548,365,true],"large":["https:\/\/arantv.az\/wp-content\/uploads\/2022\/02\/FotoJet-2022-02-10T000852.620.jpg",620,413,false],"1536x1536":["https:\/\/arantv.az\/wp-content\/uploads\/2022\/02\/FotoJet-2022-02-10T000852.620.jpg",620,413,false],"2048x2048":["https:\/\/arantv.az\/wp-content\/uploads\/2022\/02\/FotoJet-2022-02-10T000852.620.jpg",620,413,false],"post-thumbnail":["https:\/\/arantv.az\/wp-content\/uploads\/2022\/02\/FotoJet-2022-02-10T000852.620-240x172.jpg",240,172,true],"advps-thumb-one":["https:\/\/arantv.az\/wp-content\/uploads\/2022\/02\/FotoJet-2022-02-10T000852.620.jpg",620,413,false]},"rttpg_author":{"display_name":"V\u00fcsal Rafiqo\u011flu","author_link":"https:\/\/arantv.az\/?author=2"},"rttpg_comment":0,"rttpg_category":"<a href=\"https:\/\/arantv.az\/?cat=1\" rel=\"category\">C\u0259miyy\u0259t<\/a>","rttpg_excerpt":"Bu g\u00fcn Mal\u0131b\u0259yli v\u0259 Qu\u015f\u00e7ular q\u0259tliam\u0131n\u0131n ild\u00f6n\u00fcm\u00fcd\u00fcr. Q\u0259tliam\u0131n t\u00f6r\u0259dilm\u0259sind\u0259n 30 il \u00f6t\u00fcr. 1992-ci ilin 10-12 fevral\u0131nda erm\u0259ni qeyri-qanuni silahl\u0131 birl\u0259\u015fm\u0259l\u0259rinin \u015eu\u015fa rayonunun Mal\u0131b\u0259yli, A\u015fa\u011f\u0131 Qu\u015f\u00e7ular v\u0259 Yuxar\u0131 Qu\u015f\u00e7ular k\u0259ndl\u0259rin\u0259 h\u00fccumu n\u0259tic\u0259sind\u0259 t\u0259xmin\u0259n 50-y\u0259 yax\u0131n dinc az\u0259rbaycanl\u0131 q\u0259tl\u0259 yetirilib. \u015eu\u015fa rayonunda \u0259hali t\u0259rkibi az\u0259rbaycanl\u0131lardan ibar\u0259t olan Mal\u0131b\u0259yli v\u0259 Qu\u015f\u00e7ular k\u0259ndi rayonun inzibati m\u0259rk\u0259zi olan \u015eu\u015fa \u015f\u0259h\u0259rin\u0259&hellip;","_links":{"self":[{"href":"https:\/\/arantv.az\/index.php?rest_route=\/wp\/v2\/posts\/436779"}],"collection":[{"href":"https:\/\/arantv.az\/index.php?rest_route=\/wp\/v2\/posts"}],"about":[{"href":"https:\/\/arantv.az\/index.php?rest_route=\/wp\/v2\/types\/post"}],"author":[{"embeddable":true,"href":"https:\/\/arantv.az\/index.php?rest_route=\/wp\/v2\/users\/2"}],"replies":[{"embeddable":true,"href":"https:\/\/arantv.az\/index.php?rest_route=%2Fwp%2Fv2%2Fcomments&post=436779"}],"version-history":[{"count":0,"href":"https:\/\/arantv.az\/index.php?rest_route=\/wp\/v2\/posts\/436779\/revisions"}],"wp:featuredmedia":[{"embeddable":true,"href":"https:\/\/arantv.az\/index.php?rest_route=\/wp\/v2\/media\/436780"}],"wp:attachment":[{"href":"https:\/\/arantv.az\/index.php?rest_route=%2Fwp%2Fv2%2Fmedia&parent=436779"}],"wp:term":[{"taxonomy":"category","embeddable":true,"href":"https:\/\/arantv.az\/index.php?rest_route=%2Fwp%2Fv2%2Fcategories&post=436779"},{"taxonomy":"post_tag","embeddable":true,"href":"https:\/\/arantv.az\/index.php?rest_route=%2Fwp%2Fv2%2Ftags&post=436779"}],"curies":[{"name":"wp","href":"https:\/\/api.w.org\/{rel}","templated":true}]}}