{"id":437557,"date":"2022-02-11T11:52:05","date_gmt":"2022-02-11T08:52:05","guid":{"rendered":"http:\/\/arantv.az\/?p=437557"},"modified":"2022-02-11T11:52:05","modified_gmt":"2022-02-11T08:52:05","slug":"iran-c%c9%99miyy%c9%99ti-partlayis-h%c9%99ddind%c9%99-video","status":"publish","type":"post","link":"https:\/\/arantv.az\/?p=437557","title":{"rendered":"\u0130ran c\u0259miyy\u0259ti partlay\u0131\u015f h\u0259ddind\u0259 &#8211; V\u0130DEO"},"content":{"rendered":"<p>Son aylar \u0130ran \u0130slam Respublikas\u0131nda m\u00fcxt\u0259lif t\u0259b\u0259q\u0259l\u0259rd\u0259n olan v\u0259t\u0259nda\u015flar\u0131n etiraz aksiyalar\u0131 bar\u0259d\u0259 m\u0259lumatlar\u0131n ard\u0131-aras\u0131 k\u0259silmir. Onlar \u00f6z sosial durumundan naraz\u0131l\u0131q ed\u0259n t\u0259l\u0259bl\u0259rl\u0259 mitinq, n\u00fcmayi\u015f v\u0259 t\u0259till\u0259r ke\u00e7irirl\u0259r.<\/p>\n<p>G\u00f6r\u00fcn\u0259n odur ki, \u0130ran hakimiyy\u0259ti \u00f6z\u00fc d\u0259 bu t\u0259hl\u00fck\u0259li prosesin f\u0259rqind\u0259dir v\u0259 y\u0131\u011f\u0131l\u0131b qalan naraz\u0131l\u0131qlar\u0131n bir g\u00fcn daha g\u00fccl\u00fc partlay\u0131\u015fla n\u0259tic\u0259l\u0259n\u0259 bil\u0259c\u0259yind\u0259n ehtiyatlan\u0131r.<\/p>\n<div class=\"AdviadNativeVideo\"><\/div>\n<p>Bir ne\u00e7\u0259 g\u00fcn \u0259vv\u0259l h\u0259l\u0259 \u00f6t\u0259n il Tehrandak\u0131 Evin h\u0259bsxanas\u0131n\u0131n t\u0259hl\u00fck\u0259sizlik kameralar\u0131n\u0131 s\u0131nd\u0131rmas\u0131 v\u0259 m\u0259hbuslara qar\u015f\u0131 qeyri-insani r\u0259ftar\u0131 \u0259ks etdir\u0259n video g\u00f6r\u00fcnt\u00fcl\u0259ri\u00a0yaymas\u0131 il\u0259 m\u0259\u015fhurla\u015fan \u201c\u018fli \u0259dal\u0259ti\u201d adl\u0131 hakerl\u0259r qrupunun \u00fcz\u0259 \u00e7\u0131xard\u0131\u011f\u0131 m\u0259xfi s\u0259n\u0259d d\u0259 bunu t\u0259sdiql\u0259m\u0259kd\u0259dir.<\/p>\n<p>\u018ftrafl\u0131 \u201cAzad \u0130ran\u201d \u201cTelegram\u201d kanal\u0131n\u0131n material\u0131n\u0131 t\u0259qdim edirik:<\/p>\n<div><iframe loading=\"lazy\" id=\"telegram-post-AzadIranTelegram-5058\" src=\"https:\/\/t.me\/AzadIranTelegram\/5058?embed=1\" width=\"100%\" height=\"\" frameborder=\"0\" scrolling=\"no\" data-mce-fragment=\"1\"><\/iframe><\/div>\n<p>&nbsp;<\/p>\n<p>&nbsp;<\/p>\n<div><iframe loading=\"lazy\" title=\"YouTube video player\" src=\"https:\/\/www.youtube.com\/embed\/TRUPDuzQ7XY\" width=\"560\" height=\"315\" frameborder=\"0\" allowfullscreen=\"allowfullscreen\" data-mce-fragment=\"1\"><\/iframe><\/div>\n<p>&nbsp;<\/p>\n","protected":false},"excerpt":{"rendered":"<p>Son aylar \u0130ran \u0130slam Respublikas\u0131nda m\u00fcxt\u0259lif t\u0259b\u0259q\u0259l\u0259rd\u0259n olan v\u0259t\u0259nda\u015flar\u0131n etiraz aksiyalar\u0131 bar\u0259d\u0259 m\u0259lumatlar\u0131n ard\u0131-aras\u0131 k\u0259silmir. Onlar \u00f6z sosial durumundan naraz\u0131l\u0131q ed\u0259n t\u0259l\u0259bl\u0259rl\u0259 mitinq, n\u00fcmayi\u015f v\u0259 t\u0259till\u0259r ke\u00e7irirl\u0259r. G\u00f6r\u00fcn\u0259n odur ki, \u0130ran hakimiyy\u0259ti \u00f6z\u00fc d\u0259 bu t\u0259hl\u00fck\u0259li prosesin f\u0259rqind\u0259dir v\u0259 y\u0131\u011f\u0131l\u0131b qalan naraz\u0131l\u0131qlar\u0131n bir g\u00fcn daha g\u00fccl\u00fc partlay\u0131\u015fla n\u0259tic\u0259l\u0259n\u0259 bil\u0259c\u0259yind\u0259n ehtiyatlan\u0131r. Bir ne\u00e7\u0259 g\u00fcn \u0259vv\u0259l h\u0259l\u0259 \u00f6t\u0259n il Tehrandak\u0131 Evin h\u0259bsxanas\u0131n\u0131n t\u0259hl\u00fck\u0259sizlik kameralar\u0131n\u0131 s\u0131nd\u0131rmas\u0131 v\u0259 m\u0259hbuslara qar\u015f\u0131 qeyri-insani r\u0259ftar\u0131 \u0259ks etdir\u0259n video g\u00f6r\u00fcnt\u00fcl\u0259ri\u00a0yaymas\u0131 il\u0259 m\u0259\u015fhurla\u015fan \u201c\u018fli \u0259dal\u0259ti\u201d adl\u0131 hakerl\u0259r qrupunun \u00fcz\u0259 \u00e7\u0131xard\u0131\u011f\u0131 m\u0259xfi s\u0259n\u0259d d\u0259 bunu t\u0259sdiql\u0259m\u0259kd\u0259dir. \u018ftrafl\u0131 \u201cAzad \u0130ran\u201d \u201cTelegram\u201d&hellip;<\/p>\n","protected":false},"author":2,"featured_media":437558,"comment_status":"closed","ping_status":"closed","sticky":false,"template":"","format":"standard","meta":{"om_disable_all_campaigns":false,"_monsterinsights_skip_tracking":false,"_monsterinsights_sitenote_active":false,"_monsterinsights_sitenote_note":"","_monsterinsights_sitenote_category":0},"categories":[7],"tags":[],"aioseo_notices":[],"gutentor_comment":0,"rttpg_featured_image_url":{"full":["https:\/\/arantv.az\/wp-content\/uploads\/2022\/02\/FotoJet-34-1.jpg",620,426,false],"landscape":["https:\/\/arantv.az\/wp-content\/uploads\/2022\/02\/FotoJet-34-1.jpg",620,426,false],"portraits":["https:\/\/arantv.az\/wp-content\/uploads\/2022\/02\/FotoJet-34-1.jpg",620,426,false],"thumbnail":["https:\/\/arantv.az\/wp-content\/uploads\/2022\/02\/FotoJet-34-1-500x280.jpg",500,280,true],"medium":["https:\/\/arantv.az\/wp-content\/uploads\/2022\/02\/FotoJet-34-1-531x365.jpg",531,365,true],"large":["https:\/\/arantv.az\/wp-content\/uploads\/2022\/02\/FotoJet-34-1.jpg",620,426,false],"1536x1536":["https:\/\/arantv.az\/wp-content\/uploads\/2022\/02\/FotoJet-34-1.jpg",620,426,false],"2048x2048":["https:\/\/arantv.az\/wp-content\/uploads\/2022\/02\/FotoJet-34-1.jpg",620,426,false],"post-thumbnail":["https:\/\/arantv.az\/wp-content\/uploads\/2022\/02\/FotoJet-34-1-240x172.jpg",240,172,true],"advps-thumb-one":["https:\/\/arantv.az\/wp-content\/uploads\/2022\/02\/FotoJet-34-1.jpg",620,426,false]},"rttpg_author":{"display_name":"V\u00fcsal Rafiqo\u011flu","author_link":"https:\/\/arantv.az\/?author=2"},"rttpg_comment":0,"rttpg_category":"<a href=\"https:\/\/arantv.az\/?cat=7\" rel=\"category\">D\u00fcnya<\/a>","rttpg_excerpt":"Son aylar \u0130ran \u0130slam Respublikas\u0131nda m\u00fcxt\u0259lif t\u0259b\u0259q\u0259l\u0259rd\u0259n olan v\u0259t\u0259nda\u015flar\u0131n etiraz aksiyalar\u0131 bar\u0259d\u0259 m\u0259lumatlar\u0131n ard\u0131-aras\u0131 k\u0259silmir. Onlar \u00f6z sosial durumundan naraz\u0131l\u0131q ed\u0259n t\u0259l\u0259bl\u0259rl\u0259 mitinq, n\u00fcmayi\u015f v\u0259 t\u0259till\u0259r ke\u00e7irirl\u0259r. G\u00f6r\u00fcn\u0259n odur ki, \u0130ran hakimiyy\u0259ti \u00f6z\u00fc d\u0259 bu t\u0259hl\u00fck\u0259li prosesin f\u0259rqind\u0259dir v\u0259 y\u0131\u011f\u0131l\u0131b qalan naraz\u0131l\u0131qlar\u0131n bir g\u00fcn daha g\u00fccl\u00fc partlay\u0131\u015fla n\u0259tic\u0259l\u0259n\u0259 bil\u0259c\u0259yind\u0259n ehtiyatlan\u0131r. Bir ne\u00e7\u0259 g\u00fcn \u0259vv\u0259l h\u0259l\u0259&hellip;","_links":{"self":[{"href":"https:\/\/arantv.az\/index.php?rest_route=\/wp\/v2\/posts\/437557"}],"collection":[{"href":"https:\/\/arantv.az\/index.php?rest_route=\/wp\/v2\/posts"}],"about":[{"href":"https:\/\/arantv.az\/index.php?rest_route=\/wp\/v2\/types\/post"}],"author":[{"embeddable":true,"href":"https:\/\/arantv.az\/index.php?rest_route=\/wp\/v2\/users\/2"}],"replies":[{"embeddable":true,"href":"https:\/\/arantv.az\/index.php?rest_route=%2Fwp%2Fv2%2Fcomments&post=437557"}],"version-history":[{"count":0,"href":"https:\/\/arantv.az\/index.php?rest_route=\/wp\/v2\/posts\/437557\/revisions"}],"wp:featuredmedia":[{"embeddable":true,"href":"https:\/\/arantv.az\/index.php?rest_route=\/wp\/v2\/media\/437558"}],"wp:attachment":[{"href":"https:\/\/arantv.az\/index.php?rest_route=%2Fwp%2Fv2%2Fmedia&parent=437557"}],"wp:term":[{"taxonomy":"category","embeddable":true,"href":"https:\/\/arantv.az\/index.php?rest_route=%2Fwp%2Fv2%2Fcategories&post=437557"},{"taxonomy":"post_tag","embeddable":true,"href":"https:\/\/arantv.az\/index.php?rest_route=%2Fwp%2Fv2%2Ftags&post=437557"}],"curies":[{"name":"wp","href":"https:\/\/api.w.org\/{rel}","templated":true}]}}