{"id":43757,"date":"2019-03-08T09:44:26","date_gmt":"2019-03-08T06:44:26","guid":{"rendered":"http:\/\/arantv.az\/?p=43757"},"modified":"2019-03-08T09:44:26","modified_gmt":"2019-03-08T06:44:26","slug":"samaxi-sakini-pianino-caldi-ilham-%c9%99liyev-dinl%c9%99di-foto","status":"publish","type":"post","link":"https:\/\/arantv.az\/?p=43757","title":{"rendered":"\u015eamax\u0131 sakini pianino \u00e7ald\u0131, \u0130lham \u018fliyev dinl\u0259di &#8211; FOTO"},"content":{"rendered":"<p><strong>Mart\u0131n 7-d\u0259 Az\u0259rbaycan Respublikas\u0131n\u0131n Prezidenti \u0130lham \u018fliyev v\u0259 birinci xan\u0131m Mehriban \u018fliyeva z\u0259lz\u0259l\u0259nin f\u0259sadlar\u0131n\u0131n aradan qald\u0131r\u0131lmas\u0131 il\u0259 ba\u011fl\u0131 g\u00f6r\u00fcl\u0259n i\u015fl\u0259rl\u0259 tan\u0131\u015fl\u0131q m\u0259qs\u0259dil\u0259 \u015eamax\u0131da s\u0259f\u0259rd\u0259 olublar.<\/strong><\/p>\n<p><b>ARANTV.AZ\u00a0<\/b>x\u0259b\u0259r verir ki, Prezident \u0130lham \u018fliyev v\u0259 birinci xan\u0131m Mehriban \u018fliyeva z\u0259lz\u0259l\u0259 n\u0259tic\u0259sind\u0259 evi q\u0259zal\u0131 v\u0259ziyy\u0259t\u0259 d\u00fc\u015f\u0259n sakinl\u0259rl\u0259 g\u00f6r\u00fc\u015f\u00fcb.<\/p>\n<p>Z\u0259lz\u0259l\u0259 zaman\u0131 \u015f\u0259h\u0259rin S\u0259ttar B\u0259hlulzad\u0259 k\u00fc\u00e7\u0259sind\u0259 V\u00fcqar Teyfurovun evi d\u0259 q\u0259zal\u0131 v\u0259ziyy\u0259t\u0259 d\u00fc\u015fm\u00fc\u015fd\u00fc. Prezident \u0130lham \u018fliyev v\u0259 birinci xan\u0131m Mehriban \u018fliyeva h\u0259min evin yerind\u0259 yeni in\u015fa edil\u0259n evd\u0259 yarad\u0131lan \u015f\u0259raitl\u0259 maraqland\u0131lar.<\/p>\n<p>V\u00fcqar Teyfurov: Xo\u015f g\u0259lmisiniz, c\u0259nab Prezident.<\/p>\n<p>Prezident \u0130lham \u018fliyev: Salam, xo\u015f g\u00f6rd\u00fck.<\/p>\n<p>Mehriban \u018fliyeva: Xo\u015f g\u00f6rd\u00fck.<\/p>\n<p>Prezident \u0130lham \u018fliyev: Ev haz\u0131rd\u0131r?<\/p>\n<p>V\u00fcqar Teyfurov: Allah k\u00f6m\u0259yiniz olsun, tam haz\u0131rd\u0131r. Ail\u0259miz ad\u0131ndan t\u0259\u015f\u0259kk\u00fcr edirik. \u00c7ox sa\u011f olun, Allah Sizi var el\u0259sin. \u00c7i\u00e7\u0259kl\u0259n\u0259n Az\u0259rbaycan namin\u0259 Allah Siz\u0259 \u00f6m\u00fcr versin, tikin, yarad\u0131n.<\/p>\n<p>Prezident \u0130lham \u018fliyev: \u00c7ox sa\u011f olun.<\/p>\n<p>D\u00f6vl\u0259timizin ba\u015f\u00e7\u0131s\u0131 v\u0259 birinci xan\u0131m evd\u0259 yarad\u0131lan \u015f\u0259raitl\u0259 tan\u0131\u015f oldular.<\/p>\n<p>Prezident \u0130lham \u018fliyev: Pianino da var. S\u0259n ifa edirs\u0259n?<\/p>\n<p>V\u00fcqar Teyfurov: B\u0259li, c\u0259nab Prezident, m\u0259n musiqi\u00e7iy\u0259m. Ba\u011f\u0131\u015flay\u0131n, \u0259g\u0259r ist\u0259s\u0259niz Sizin \u00fc\u00e7\u00fcn musiqi d\u0259 ifa ed\u0259 bil\u0259r\u0259m.<\/p>\n<p>Prezident \u0130lham \u018fliyev: Olar, buyur.<\/p>\n<p>Sonra d\u00f6vl\u0259timizin ba\u015f\u00e7\u0131s\u0131 v\u0259 birinci xan\u0131m V\u00fcqar Teyfurovun ifas\u0131n\u0131 dinl\u0259dil\u0259r.<\/p>\n<p>Prezident \u0130lham \u018fliyev: \u201cAna\u201d v\u0259 \u201cXalq Heyd\u0259r s\u00f6yl\u0259y\u0259c\u0259k\u201d mahn\u0131lar\u0131n\u0131 \u00e7ox g\u00f6z\u0259l ifa etdin. \u00d6z\u00fc d\u0259 bel\u0259 improvizasiya il\u0259.<\/p>\n<p>V\u00fcqar Teyfurov: T\u0259\u015f\u0259kk\u00fcr edir\u0259m.<\/p>\n<p>publika.az<\/p>\n","protected":false},"excerpt":{"rendered":"<p>Mart\u0131n 7-d\u0259 Az\u0259rbaycan Respublikas\u0131n\u0131n Prezidenti \u0130lham \u018fliyev v\u0259 birinci xan\u0131m Mehriban \u018fliyeva z\u0259lz\u0259l\u0259nin f\u0259sadlar\u0131n\u0131n aradan qald\u0131r\u0131lmas\u0131 il\u0259 ba\u011fl\u0131 g\u00f6r\u00fcl\u0259n i\u015fl\u0259rl\u0259 tan\u0131\u015fl\u0131q m\u0259qs\u0259dil\u0259 \u015eamax\u0131da s\u0259f\u0259rd\u0259 olublar. ARANTV.AZ\u00a0x\u0259b\u0259r verir ki, Prezident \u0130lham \u018fliyev v\u0259 birinci xan\u0131m Mehriban \u018fliyeva z\u0259lz\u0259l\u0259 n\u0259tic\u0259sind\u0259 evi q\u0259zal\u0131 v\u0259ziyy\u0259t\u0259 d\u00fc\u015f\u0259n sakinl\u0259rl\u0259 g\u00f6r\u00fc\u015f\u00fcb. Z\u0259lz\u0259l\u0259 zaman\u0131 \u015f\u0259h\u0259rin S\u0259ttar B\u0259hlulzad\u0259 k\u00fc\u00e7\u0259sind\u0259 V\u00fcqar Teyfurovun evi d\u0259 q\u0259zal\u0131 v\u0259ziyy\u0259t\u0259 d\u00fc\u015fm\u00fc\u015fd\u00fc. Prezident \u0130lham \u018fliyev v\u0259 birinci xan\u0131m Mehriban \u018fliyeva h\u0259min evin yerind\u0259 yeni in\u015fa edil\u0259n evd\u0259 yarad\u0131lan \u015f\u0259raitl\u0259 maraqland\u0131lar. V\u00fcqar Teyfurov: Xo\u015f g\u0259lmisiniz, c\u0259nab Prezident. Prezident \u0130lham \u018fliyev: Salam, xo\u015f g\u00f6rd\u00fck. Mehriban \u018fliyeva: Xo\u015f&hellip;<\/p>\n","protected":false},"author":2,"featured_media":43758,"comment_status":"closed","ping_status":"closed","sticky":false,"template":"","format":"standard","meta":{"om_disable_all_campaigns":false,"_monsterinsights_skip_tracking":false,"_monsterinsights_sitenote_active":false,"_monsterinsights_sitenote_note":"","_monsterinsights_sitenote_category":0},"categories":[4],"tags":[],"aioseo_notices":[],"gutentor_comment":0,"rttpg_featured_image_url":{"full":["https:\/\/arantv.az\/wp-content\/uploads\/2019\/03\/pr_5.jpg",800,450,false],"landscape":["https:\/\/arantv.az\/wp-content\/uploads\/2019\/03\/pr_5.jpg",800,450,false],"portraits":["https:\/\/arantv.az\/wp-content\/uploads\/2019\/03\/pr_5.jpg",800,450,false],"thumbnail":["https:\/\/arantv.az\/wp-content\/uploads\/2019\/03\/pr_5-150x150.jpg",150,150,true],"medium":["https:\/\/arantv.az\/wp-content\/uploads\/2019\/03\/pr_5-300x169.jpg",300,169,true],"large":["https:\/\/arantv.az\/wp-content\/uploads\/2019\/03\/pr_5.jpg",640,360,false],"1536x1536":["https:\/\/arantv.az\/wp-content\/uploads\/2019\/03\/pr_5.jpg",800,450,false],"2048x2048":["https:\/\/arantv.az\/wp-content\/uploads\/2019\/03\/pr_5.jpg",800,450,false],"post-thumbnail":["https:\/\/arantv.az\/wp-content\/uploads\/2019\/03\/pr_5-240x172.jpg",240,172,true],"advps-thumb-one":["https:\/\/arantv.az\/wp-content\/uploads\/2019\/03\/pr_5.jpg",800,450,false]},"rttpg_author":{"display_name":"V\u00fcsal Rafiqo\u011flu","author_link":"https:\/\/arantv.az\/?author=2"},"rttpg_comment":0,"rttpg_category":"<a href=\"https:\/\/arantv.az\/?cat=4\" rel=\"category\">Siyas\u0259t<\/a>","rttpg_excerpt":"Mart\u0131n 7-d\u0259 Az\u0259rbaycan Respublikas\u0131n\u0131n Prezidenti \u0130lham \u018fliyev v\u0259 birinci xan\u0131m Mehriban \u018fliyeva z\u0259lz\u0259l\u0259nin f\u0259sadlar\u0131n\u0131n aradan qald\u0131r\u0131lmas\u0131 il\u0259 ba\u011fl\u0131 g\u00f6r\u00fcl\u0259n i\u015fl\u0259rl\u0259 tan\u0131\u015fl\u0131q m\u0259qs\u0259dil\u0259 \u015eamax\u0131da s\u0259f\u0259rd\u0259 olublar. ARANTV.AZ\u00a0x\u0259b\u0259r verir ki, Prezident \u0130lham \u018fliyev v\u0259 birinci xan\u0131m Mehriban \u018fliyeva z\u0259lz\u0259l\u0259 n\u0259tic\u0259sind\u0259 evi q\u0259zal\u0131 v\u0259ziyy\u0259t\u0259 d\u00fc\u015f\u0259n sakinl\u0259rl\u0259 g\u00f6r\u00fc\u015f\u00fcb. Z\u0259lz\u0259l\u0259 zaman\u0131 \u015f\u0259h\u0259rin S\u0259ttar B\u0259hlulzad\u0259 k\u00fc\u00e7\u0259sind\u0259 V\u00fcqar Teyfurovun evi d\u0259 q\u0259zal\u0131&hellip;","_links":{"self":[{"href":"https:\/\/arantv.az\/index.php?rest_route=\/wp\/v2\/posts\/43757"}],"collection":[{"href":"https:\/\/arantv.az\/index.php?rest_route=\/wp\/v2\/posts"}],"about":[{"href":"https:\/\/arantv.az\/index.php?rest_route=\/wp\/v2\/types\/post"}],"author":[{"embeddable":true,"href":"https:\/\/arantv.az\/index.php?rest_route=\/wp\/v2\/users\/2"}],"replies":[{"embeddable":true,"href":"https:\/\/arantv.az\/index.php?rest_route=%2Fwp%2Fv2%2Fcomments&post=43757"}],"version-history":[{"count":0,"href":"https:\/\/arantv.az\/index.php?rest_route=\/wp\/v2\/posts\/43757\/revisions"}],"wp:featuredmedia":[{"embeddable":true,"href":"https:\/\/arantv.az\/index.php?rest_route=\/wp\/v2\/media\/43758"}],"wp:attachment":[{"href":"https:\/\/arantv.az\/index.php?rest_route=%2Fwp%2Fv2%2Fmedia&parent=43757"}],"wp:term":[{"taxonomy":"category","embeddable":true,"href":"https:\/\/arantv.az\/index.php?rest_route=%2Fwp%2Fv2%2Fcategories&post=43757"},{"taxonomy":"post_tag","embeddable":true,"href":"https:\/\/arantv.az\/index.php?rest_route=%2Fwp%2Fv2%2Ftags&post=43757"}],"curies":[{"name":"wp","href":"https:\/\/api.w.org\/{rel}","templated":true}]}}