{"id":437602,"date":"2022-02-11T12:48:53","date_gmt":"2022-02-11T09:48:53","guid":{"rendered":"http:\/\/arantv.az\/?p=437602"},"modified":"2022-02-11T12:48:53","modified_gmt":"2022-02-11T09:48:53","slug":"dovl%c9%99t-xidm%c9%99ti-%c9%99m%c9%99k-muqavil%c9%99sini-birt%c9%99r%c9%99fli-d%c9%99yis%c9%99n-is%c9%99gotur%c9%99n-m%c9%99suliyy%c9%99t%c9%99-c%c9%99lb-olunacaq","status":"publish","type":"post","link":"https:\/\/arantv.az\/?p=437602","title":{"rendered":"D\u00f6vl\u0259t Xidm\u0259ti: \u018fm\u0259k m\u00fcqavil\u0259sini birt\u0259r\u0259fli d\u0259yi\u015f\u0259n i\u015f\u0259g\u00f6t\u00fcr\u0259n m\u0259suliyy\u0259t\u0259 c\u0259lb olunacaq"},"content":{"rendered":"<p>\u201cYeni \u0259m\u0259k m\u00fcqavil\u0259si ba\u011flanmadan m\u00fcdd\u0259tsiz m\u00fcqavil\u0259 il\u0259 i\u015fl\u0259y\u0259n i\u015f\u00e7inin m\u00fcqavil\u0259si onun r\u0259smi icaz\u0259si olmadan d\u0259yi\u015fdiril\u0259 bilm\u0259z\u201d.<\/p>\n<p><strong>ARANTV.AZ x\u0259b\u0259r verir ki,<\/strong>\u00a0bunu \u201cSosial saat\u201d verili\u015find\u0259 D\u00f6vl\u0259t \u018fm\u0259k M\u00fcf\u0259tti\u015fliyi Xidm\u0259tinin r\u0259isi Fuad Heyd\u0259rov deyib.<\/p>\n<p>O bildirib ki, \u0259m\u0259k m\u00fcqavil\u0259sin\u0259 d\u0259yi\u015fiklikl\u0259r yaln\u0131z t\u0259r\u0259fl\u0259rin qar\u015f\u0131l\u0131ql\u0131 raz\u0131l\u0131\u011f\u0131 il\u0259 edilm\u0259lidir: \u201cQar\u015f\u0131l\u0131ql\u0131 raz\u0131l\u0131q olmadan edilmi\u015f d\u0259yi\u015fikliyin he\u00e7 bir h\u00fcquqi q\u00fcvv\u0259si yoxdur. T\u0259r\u0259fl\u0259r qar\u015f\u0131l\u0131ql\u0131 raz\u0131l\u0131qla m\u00fcqavil\u0259y\u0259 d\u0259yi\u015fiklik etdikd\u0259n sonra bu, q\u00fcvv\u0259y\u0259 min\u0259 bil\u0259r. \u0130\u015f\u00e7i il\u0259 raz\u0131la\u015fd\u0131r\u0131lmadan \u0259m\u0259k m\u00fcqavil\u0259sin\u0259 edilmi\u015f d\u0259yi\u015fiklik a\u015fkar olunarsa, bu halda i\u015f\u00e7i biz\u0259 m\u00fcraci\u0259t etm\u0259lidir. N\u00f6qsan a\u015fkar olunaca\u011f\u0131 t\u0259qdird\u0259 i\u015f\u0259g\u00f6t\u00fcr\u0259n m\u0259suliyy\u0259t\u0259 c\u0259lb olunacaq\u201d.<\/p>\n","protected":false},"excerpt":{"rendered":"<p>\u201cYeni \u0259m\u0259k m\u00fcqavil\u0259si ba\u011flanmadan m\u00fcdd\u0259tsiz m\u00fcqavil\u0259 il\u0259 i\u015fl\u0259y\u0259n i\u015f\u00e7inin m\u00fcqavil\u0259si onun r\u0259smi icaz\u0259si olmadan d\u0259yi\u015fdiril\u0259 bilm\u0259z\u201d. ARANTV.AZ x\u0259b\u0259r verir ki,\u00a0bunu \u201cSosial saat\u201d verili\u015find\u0259 D\u00f6vl\u0259t \u018fm\u0259k M\u00fcf\u0259tti\u015fliyi Xidm\u0259tinin r\u0259isi Fuad Heyd\u0259rov deyib. O bildirib ki, \u0259m\u0259k m\u00fcqavil\u0259sin\u0259 d\u0259yi\u015fiklikl\u0259r yaln\u0131z t\u0259r\u0259fl\u0259rin qar\u015f\u0131l\u0131ql\u0131 raz\u0131l\u0131\u011f\u0131 il\u0259 edilm\u0259lidir: \u201cQar\u015f\u0131l\u0131ql\u0131 raz\u0131l\u0131q olmadan edilmi\u015f d\u0259yi\u015fikliyin he\u00e7 bir h\u00fcquqi q\u00fcvv\u0259si yoxdur. T\u0259r\u0259fl\u0259r qar\u015f\u0131l\u0131ql\u0131 raz\u0131l\u0131qla m\u00fcqavil\u0259y\u0259 d\u0259yi\u015fiklik etdikd\u0259n sonra bu, q\u00fcvv\u0259y\u0259 min\u0259 bil\u0259r. \u0130\u015f\u00e7i il\u0259 raz\u0131la\u015fd\u0131r\u0131lmadan \u0259m\u0259k m\u00fcqavil\u0259sin\u0259 edilmi\u015f d\u0259yi\u015fiklik a\u015fkar olunarsa, bu halda i\u015f\u00e7i biz\u0259 m\u00fcraci\u0259t etm\u0259lidir. N\u00f6qsan a\u015fkar olunaca\u011f\u0131 t\u0259qdird\u0259 i\u015f\u0259g\u00f6t\u00fcr\u0259n m\u0259suliyy\u0259t\u0259 c\u0259lb olunacaq\u201d.<\/p>\n","protected":false},"author":2,"featured_media":437603,"comment_status":"closed","ping_status":"closed","sticky":false,"template":"","format":"standard","meta":{"om_disable_all_campaigns":false,"_monsterinsights_skip_tracking":false,"_monsterinsights_sitenote_active":false,"_monsterinsights_sitenote_note":"","_monsterinsights_sitenote_category":0},"categories":[26],"tags":[],"aioseo_notices":[],"gutentor_comment":0,"rttpg_featured_image_url":{"full":["https:\/\/arantv.az\/wp-content\/uploads\/2022\/02\/9f699296164457124335548024010337008.jpg",975,540,false],"landscape":["https:\/\/arantv.az\/wp-content\/uploads\/2022\/02\/9f699296164457124335548024010337008.jpg",975,540,false],"portraits":["https:\/\/arantv.az\/wp-content\/uploads\/2022\/02\/9f699296164457124335548024010337008.jpg",975,540,false],"thumbnail":["https:\/\/arantv.az\/wp-content\/uploads\/2022\/02\/9f699296164457124335548024010337008-500x280.jpg",500,280,true],"medium":["https:\/\/arantv.az\/wp-content\/uploads\/2022\/02\/9f699296164457124335548024010337008-660x365.jpg",660,365,true],"large":["https:\/\/arantv.az\/wp-content\/uploads\/2022\/02\/9f699296164457124335548024010337008-840x465.jpg",640,354,true],"1536x1536":["https:\/\/arantv.az\/wp-content\/uploads\/2022\/02\/9f699296164457124335548024010337008.jpg",975,540,false],"2048x2048":["https:\/\/arantv.az\/wp-content\/uploads\/2022\/02\/9f699296164457124335548024010337008.jpg",975,540,false],"post-thumbnail":["https:\/\/arantv.az\/wp-content\/uploads\/2022\/02\/9f699296164457124335548024010337008-240x172.jpg",240,172,true],"advps-thumb-one":["https:\/\/arantv.az\/wp-content\/uploads\/2022\/02\/9f699296164457124335548024010337008.jpg",975,540,false]},"rttpg_author":{"display_name":"V\u00fcsal Rafiqo\u011flu","author_link":"https:\/\/arantv.az\/?author=2"},"rttpg_comment":0,"rttpg_category":"<a href=\"https:\/\/arantv.az\/?cat=26\" rel=\"category\">Sosial<\/a>","rttpg_excerpt":"\u201cYeni \u0259m\u0259k m\u00fcqavil\u0259si ba\u011flanmadan m\u00fcdd\u0259tsiz m\u00fcqavil\u0259 il\u0259 i\u015fl\u0259y\u0259n i\u015f\u00e7inin m\u00fcqavil\u0259si onun r\u0259smi icaz\u0259si olmadan d\u0259yi\u015fdiril\u0259 bilm\u0259z\u201d. ARANTV.AZ x\u0259b\u0259r verir ki,\u00a0bunu \u201cSosial saat\u201d verili\u015find\u0259 D\u00f6vl\u0259t \u018fm\u0259k M\u00fcf\u0259tti\u015fliyi Xidm\u0259tinin r\u0259isi Fuad Heyd\u0259rov deyib. O bildirib ki, \u0259m\u0259k m\u00fcqavil\u0259sin\u0259 d\u0259yi\u015fiklikl\u0259r yaln\u0131z t\u0259r\u0259fl\u0259rin qar\u015f\u0131l\u0131ql\u0131 raz\u0131l\u0131\u011f\u0131 il\u0259 edilm\u0259lidir: \u201cQar\u015f\u0131l\u0131ql\u0131 raz\u0131l\u0131q olmadan edilmi\u015f d\u0259yi\u015fikliyin he\u00e7 bir h\u00fcquqi q\u00fcvv\u0259si yoxdur. T\u0259r\u0259fl\u0259r qar\u015f\u0131l\u0131ql\u0131&hellip;","_links":{"self":[{"href":"https:\/\/arantv.az\/index.php?rest_route=\/wp\/v2\/posts\/437602"}],"collection":[{"href":"https:\/\/arantv.az\/index.php?rest_route=\/wp\/v2\/posts"}],"about":[{"href":"https:\/\/arantv.az\/index.php?rest_route=\/wp\/v2\/types\/post"}],"author":[{"embeddable":true,"href":"https:\/\/arantv.az\/index.php?rest_route=\/wp\/v2\/users\/2"}],"replies":[{"embeddable":true,"href":"https:\/\/arantv.az\/index.php?rest_route=%2Fwp%2Fv2%2Fcomments&post=437602"}],"version-history":[{"count":0,"href":"https:\/\/arantv.az\/index.php?rest_route=\/wp\/v2\/posts\/437602\/revisions"}],"wp:featuredmedia":[{"embeddable":true,"href":"https:\/\/arantv.az\/index.php?rest_route=\/wp\/v2\/media\/437603"}],"wp:attachment":[{"href":"https:\/\/arantv.az\/index.php?rest_route=%2Fwp%2Fv2%2Fmedia&parent=437602"}],"wp:term":[{"taxonomy":"category","embeddable":true,"href":"https:\/\/arantv.az\/index.php?rest_route=%2Fwp%2Fv2%2Fcategories&post=437602"},{"taxonomy":"post_tag","embeddable":true,"href":"https:\/\/arantv.az\/index.php?rest_route=%2Fwp%2Fv2%2Ftags&post=437602"}],"curies":[{"name":"wp","href":"https:\/\/api.w.org\/{rel}","templated":true}]}}