{"id":437605,"date":"2022-02-11T12:50:53","date_gmt":"2022-02-11T09:50:53","guid":{"rendered":"http:\/\/arantv.az\/?p=437605"},"modified":"2022-02-11T12:50:53","modified_gmt":"2022-02-11T09:50:53","slug":"rusiyada-an-2-t%c9%99yyar%c9%99si-q%c9%99zaya-ugrayib-ol%c9%99nl%c9%99r-var-foto-video","status":"publish","type":"post","link":"https:\/\/arantv.az\/?p=437605","title":{"rendered":"Rusiyada An-2 t\u0259yyar\u0259si q\u0259zaya u\u011fray\u0131b: \u00d6l\u0259nl\u0259r var &#8211; FOTO\/V\u0130DEO"},"content":{"rendered":"<p>Kam\u00e7atkada q\u0259zaya u\u011frayan An-2 t\u0259yyar\u0259sinin g\u00f6y\u0259rt\u0259sind\u0259 olan iki n\u0259f\u0259r h\u0259lak olub.<\/p>\n<p>Bu bar\u0259d\u0259 vilay\u0259tin qubernatoru Vladimir Solodov m\u0259lumat verib.<\/p>\n<div class=\"AdviadNativeVideo\"><\/div>\n<p>O bildirib ki, \u201cKam\u00e7atski Kre\u00e7et\u201d MMC-y\u0259 m\u0259xsus olan y\u00fcng\u00fcl motorlu t\u0259yyar\u0259 g\u00f6y\u0259rt\u0259sind\u0259ki y\u00fckl\u0259 Karaqin rayonunun T\u0131mlat k\u0259ndin\u0259 yollan\u0131rd\u0131. Ancaq havaya qalxandan az sonra q\u0259zaya u\u011fray\u0131b.<\/p>\n<div><iframe loading=\"lazy\" src=\"https:\/\/player.baku.tv\/embed\/50206\" width=\"560\" height=\"315\" frameborder=\"0\" allowfullscreen=\"allowfullscreen\" data-mce-fragment=\"1\"><\/iframe><\/div>\n<p>\u201cT\u0259yyar\u0259d\u0259 iki ekipaj \u00fczv\u00fc olub. F\u00f6vq\u0259lad\u0259 Hallar Nazirliyinin ilkin m\u0259lumat\u0131na g\u00f6r\u0259, onlar t\u0259yyar\u0259 q\u0259zas\u0131 v\u0259 yan\u011f\u0131n n\u0259tic\u0259sind\u0259 h\u0259lak olublar\u201d, &#8211; dey\u0259 Vladimir Solodov \u201cTeleqram\u201d kanal\u0131nda d\u0259rc olunan m\u00fcraci\u0259tind\u0259 bildirib.<\/p>\n<p>Art\u0131q \u00f6l\u0259nl\u0259rin c\u0259s\u0259dl\u0259ri tap\u0131l\u0131b. Yan\u011f\u0131ns\u00f6nd\u00fcr\u0259nl\u0259r alovu s\u00f6nd\u00fcr\u00fcbl\u0259r.<\/p>\n<p>Faktla ba\u011fl\u0131 cinay\u0259t i\u015fi ba\u015flan\u0131b.<\/p>\n<p>&nbsp;<\/p>\n<div class=\"gallery\">\n<div class=\"gallery-i\"><img src=\"https:\/\/cdn.oxu.az\/uploads\/W1siZiIsIjIwMjIvMDIvMTEvMDkvMzIvMTQvMjQzMTI4Y2EtNjg5Mi00MWQxLThjNDUtMGFmZjI3Y2ViOTA5L3Bob3RvXzIwMjItMDItMTFfMDYtMDItMzcuanBnIl0sWyJwIiwiZW5jb2RlIiwianBnIiwiLXF1YWxpdHkgODAiXSxbInAiLCJ0aHVtYiIsIjU5MHg1OTBcdTAwM2UiXV0?sha=3422f149e4239f73\" alt=\"\" \/><\/p>\n<div class=\"gallery-i-caption\"><\/div>\n<\/div>\n<div class=\"gallery-i\"><img src=\"https:\/\/cdn.oxu.az\/uploads\/W1siZiIsIjIwMjIvMDIvMTEvMDkvMzIvMTQvNWVkMjJkNDAtMjMxOC00MDAzLTkxZDktNjk4ZmU3NDYzZDAzL3Bob3RvXzIwMjItMDItMTFfMDYtMDItMzggKDIpLmpwZyJdLFsicCIsImVuY29kZSIsImpwZyIsIi1xdWFsaXR5IDgwIl0sWyJwIiwidGh1bWIiLCI1OTB4NTkwXHUwMDNlIl1d?sha=819e1368a58e86a5\" alt=\"\" \/><\/p>\n<div class=\"gallery-i-caption\"><\/div>\n<\/div>\n<div class=\"gallery-i\"><img src=\"https:\/\/cdn.oxu.az\/uploads\/W1siZiIsIjIwMjIvMDIvMTEvMDkvMzIvMTUvYzg3OTliYzYtODg4MC00ODI0LTg3NWMtODdmYjEwZTk4MzJlL3Bob3RvXzIwMjItMDItMTFfMDYtMDItMzguanBnIl0sWyJwIiwiZW5jb2RlIiwianBnIiwiLXF1YWxpdHkgODAiXSxbInAiLCJ0aHVtYiIsIjU5MHg1OTBcdTAwM2UiXV0?sha=29201b8242ee55e6\" alt=\"\" \/><\/p>\n<div class=\"gallery-i-caption\"><\/div>\n<\/div>\n<div class=\"gallery-i\"><img src=\"https:\/\/cdn.oxu.az\/uploads\/W1siZiIsIjIwMjIvMDIvMTEvMDkvMzIvMTUvNTRkYTM1NmQtZWJlYi00ZDliLTg5OTQtZGM4YTg4MzNlYTk1L3Bob3RvXzIwMjItMDItMTFfMDYtMzktMDEuanBnIl0sWyJwIiwiZW5jb2RlIiwianBnIiwiLXF1YWxpdHkgODAiXSxbInAiLCJ0aHVtYiIsIjU5MHg1OTBcdTAwM2UiXV0?sha=de93b301f2813c65\" alt=\"\" \/><\/p>\n<div class=\"gallery-i-caption\"><\/div>\n<\/div>\n<div class=\"gallery-i\"><img src=\"https:\/\/cdn.oxu.az\/uploads\/W1siZiIsIjIwMjIvMDIvMTEvMDkvMzIvMTUvMzBkOWNkMjMtZTVmMi00ODM1LWEzNDEtOGE0ZjU0MjFjOGZkL3Bob3RvXzIwMjItMDItMTFfMDYtMzktMDMuanBnIl0sWyJwIiwiZW5jb2RlIiwianBnIiwiLXF1YWxpdHkgODAiXSxbInAiLCJ0aHVtYiIsIjU5MHg1OTBcdTAwM2UiXV0?sha=8bb7cd4f4eaea331\" alt=\"\" \/><\/p>\n<div class=\"gallery-i-caption\"><\/div>\n<\/div>\n<div class=\"gallery-i\"><img src=\"https:\/\/cdn.oxu.az\/uploads\/W1siZiIsIjIwMjIvMDIvMTEvMDkvMzIvMTUvNDFmNjFjNDMtOTk4NC00ZmQyLThkMWEtNzcwZTlhYmUzYzRiL3Bob3RvXzIwMjItMDItMTFfMDYtMzktMDkuanBnIl0sWyJwIiwiZW5jb2RlIiwianBnIiwiLXF1YWxpdHkgODAiXSxbInAiLCJ0aHVtYiIsIjU5MHg1OTBcdTAwM2UiXV0?sha=556be791ee0bccb0\" alt=\"\" \/><\/p>\n<div class=\"gallery-i-caption\"><\/div>\n<\/div>\n<div class=\"gallery-i\"><img src=\"https:\/\/cdn.oxu.az\/uploads\/W1siZiIsIjIwMjIvMDIvMTEvMDkvMzIvMTUvYjhmNDllZDctODlhMi00MjZmLTlhN2YtYzI1MWMwODVjMDIyL3Bob3RvXzIwMjItMDItMTFfMDYtMzktMTEuanBnIl0sWyJwIiwiZW5jb2RlIiwianBnIiwiLXF1YWxpdHkgODAiXSxbInAiLCJ0aHVtYiIsIjU5MHg1OTBcdTAwM2UiXV0?sha=94d444dc8cb80bde\" alt=\"\" \/><\/div>\n<\/div>\n","protected":false},"excerpt":{"rendered":"<p>Kam\u00e7atkada q\u0259zaya u\u011frayan An-2 t\u0259yyar\u0259sinin g\u00f6y\u0259rt\u0259sind\u0259 olan iki n\u0259f\u0259r h\u0259lak olub. Bu bar\u0259d\u0259 vilay\u0259tin qubernatoru Vladimir Solodov m\u0259lumat verib. O bildirib ki, \u201cKam\u00e7atski Kre\u00e7et\u201d MMC-y\u0259 m\u0259xsus olan y\u00fcng\u00fcl motorlu t\u0259yyar\u0259 g\u00f6y\u0259rt\u0259sind\u0259ki y\u00fckl\u0259 Karaqin rayonunun T\u0131mlat k\u0259ndin\u0259 yollan\u0131rd\u0131. Ancaq havaya qalxandan az sonra q\u0259zaya u\u011fray\u0131b. \u201cT\u0259yyar\u0259d\u0259 iki ekipaj \u00fczv\u00fc olub. F\u00f6vq\u0259lad\u0259 Hallar Nazirliyinin ilkin m\u0259lumat\u0131na g\u00f6r\u0259, onlar t\u0259yyar\u0259 q\u0259zas\u0131 v\u0259 yan\u011f\u0131n n\u0259tic\u0259sind\u0259 h\u0259lak olublar\u201d, &#8211; dey\u0259 Vladimir Solodov \u201cTeleqram\u201d kanal\u0131nda d\u0259rc olunan m\u00fcraci\u0259tind\u0259 bildirib. Art\u0131q \u00f6l\u0259nl\u0259rin c\u0259s\u0259dl\u0259ri tap\u0131l\u0131b. Yan\u011f\u0131ns\u00f6nd\u00fcr\u0259nl\u0259r alovu s\u00f6nd\u00fcr\u00fcbl\u0259r. Faktla ba\u011fl\u0131 cinay\u0259t i\u015fi ba\u015flan\u0131b. &nbsp;<\/p>\n","protected":false},"author":2,"featured_media":437606,"comment_status":"closed","ping_status":"closed","sticky":false,"template":"","format":"standard","meta":{"om_disable_all_campaigns":false,"_monsterinsights_skip_tracking":false,"_monsterinsights_sitenote_active":false,"_monsterinsights_sitenote_note":"","_monsterinsights_sitenote_category":0},"categories":[7],"tags":[],"aioseo_notices":[],"gutentor_comment":0,"rttpg_featured_image_url":{"full":["https:\/\/arantv.az\/wp-content\/uploads\/2022\/02\/photo_2022-02-11_06-39-06.jpg",620,413,false],"landscape":["https:\/\/arantv.az\/wp-content\/uploads\/2022\/02\/photo_2022-02-11_06-39-06.jpg",620,413,false],"portraits":["https:\/\/arantv.az\/wp-content\/uploads\/2022\/02\/photo_2022-02-11_06-39-06.jpg",620,413,false],"thumbnail":["https:\/\/arantv.az\/wp-content\/uploads\/2022\/02\/photo_2022-02-11_06-39-06-500x280.jpg",500,280,true],"medium":["https:\/\/arantv.az\/wp-content\/uploads\/2022\/02\/photo_2022-02-11_06-39-06-548x365.jpg",548,365,true],"large":["https:\/\/arantv.az\/wp-content\/uploads\/2022\/02\/photo_2022-02-11_06-39-06.jpg",620,413,false],"1536x1536":["https:\/\/arantv.az\/wp-content\/uploads\/2022\/02\/photo_2022-02-11_06-39-06.jpg",620,413,false],"2048x2048":["https:\/\/arantv.az\/wp-content\/uploads\/2022\/02\/photo_2022-02-11_06-39-06.jpg",620,413,false],"post-thumbnail":["https:\/\/arantv.az\/wp-content\/uploads\/2022\/02\/photo_2022-02-11_06-39-06-240x172.jpg",240,172,true],"advps-thumb-one":["https:\/\/arantv.az\/wp-content\/uploads\/2022\/02\/photo_2022-02-11_06-39-06.jpg",620,413,false]},"rttpg_author":{"display_name":"V\u00fcsal Rafiqo\u011flu","author_link":"https:\/\/arantv.az\/?author=2"},"rttpg_comment":0,"rttpg_category":"<a href=\"https:\/\/arantv.az\/?cat=7\" rel=\"category\">D\u00fcnya<\/a>","rttpg_excerpt":"Kam\u00e7atkada q\u0259zaya u\u011frayan An-2 t\u0259yyar\u0259sinin g\u00f6y\u0259rt\u0259sind\u0259 olan iki n\u0259f\u0259r h\u0259lak olub. Bu bar\u0259d\u0259 vilay\u0259tin qubernatoru Vladimir Solodov m\u0259lumat verib. O bildirib ki, \u201cKam\u00e7atski Kre\u00e7et\u201d MMC-y\u0259 m\u0259xsus olan y\u00fcng\u00fcl motorlu t\u0259yyar\u0259 g\u00f6y\u0259rt\u0259sind\u0259ki y\u00fckl\u0259 Karaqin rayonunun T\u0131mlat k\u0259ndin\u0259 yollan\u0131rd\u0131. Ancaq havaya qalxandan az sonra q\u0259zaya u\u011fray\u0131b. \u201cT\u0259yyar\u0259d\u0259 iki ekipaj \u00fczv\u00fc olub. F\u00f6vq\u0259lad\u0259 Hallar Nazirliyinin ilkin m\u0259lumat\u0131na g\u00f6r\u0259,&hellip;","_links":{"self":[{"href":"https:\/\/arantv.az\/index.php?rest_route=\/wp\/v2\/posts\/437605"}],"collection":[{"href":"https:\/\/arantv.az\/index.php?rest_route=\/wp\/v2\/posts"}],"about":[{"href":"https:\/\/arantv.az\/index.php?rest_route=\/wp\/v2\/types\/post"}],"author":[{"embeddable":true,"href":"https:\/\/arantv.az\/index.php?rest_route=\/wp\/v2\/users\/2"}],"replies":[{"embeddable":true,"href":"https:\/\/arantv.az\/index.php?rest_route=%2Fwp%2Fv2%2Fcomments&post=437605"}],"version-history":[{"count":0,"href":"https:\/\/arantv.az\/index.php?rest_route=\/wp\/v2\/posts\/437605\/revisions"}],"wp:featuredmedia":[{"embeddable":true,"href":"https:\/\/arantv.az\/index.php?rest_route=\/wp\/v2\/media\/437606"}],"wp:attachment":[{"href":"https:\/\/arantv.az\/index.php?rest_route=%2Fwp%2Fv2%2Fmedia&parent=437605"}],"wp:term":[{"taxonomy":"category","embeddable":true,"href":"https:\/\/arantv.az\/index.php?rest_route=%2Fwp%2Fv2%2Fcategories&post=437605"},{"taxonomy":"post_tag","embeddable":true,"href":"https:\/\/arantv.az\/index.php?rest_route=%2Fwp%2Fv2%2Ftags&post=437605"}],"curies":[{"name":"wp","href":"https:\/\/api.w.org\/{rel}","templated":true}]}}