{"id":437621,"date":"2022-02-11T13:21:36","date_gmt":"2022-02-11T10:21:36","guid":{"rendered":"http:\/\/arantv.az\/?p=437621"},"modified":"2022-02-11T13:21:36","modified_gmt":"2022-02-11T10:21:36","slug":"vuqar-s%c9%99f%c9%99rli-tam-b%c9%99ra%c9%99t-ist%c9%99yir-apellyasiya-sikay%c9%99tinin-baxilmasi-vaxti-m%c9%99lum-oldu","status":"publish","type":"post","link":"https:\/\/arantv.az\/?p=437621","title":{"rendered":"V\u00fcqar S\u0259f\u0259rli tam b\u0259ra\u0259t ist\u0259yir: Apellyasiya \u015fikay\u0259tinin bax\u0131lmas\u0131 vaxt\u0131 m\u0259lum oldu"},"content":{"rendered":"<p>L\u0259\u011fv edilmi\u015f K\u00fctl\u0259vi \u0130nformasiya Vasit\u0259l\u0259rinin \u0130nki\u015faf\u0131na D\u00f6vl\u0259t D\u0259st\u0259yi Fondunun (K\u0130VDF) sabiq icra\u00e7\u0131 direktoru V\u00fcqar S\u0259f\u0259rlinin bar\u0259sind\u0259 olan h\u00f6kmd\u0259n apellyasiya \u015fikay\u0259ti \u00fczr\u0259 m\u0259hk\u0259m\u0259 iclas\u0131n\u0131n vaxt\u0131 m\u0259lum olub.<\/p>\n<p>Bunu \u201cReport\u201da V.S\u0259f\u0259rlinin v\u0259kili Hikm\u0259t \u018fliyev bildirib.<\/p>\n<div class=\"AdviadNativeVideo\"><\/div>\n<p>Onun s\u00f6zl\u0259rin\u0259 g\u00f6r\u0259, Bak\u0131 Apellyasiya M\u0259hk\u0259m\u0259sind\u0259 ke\u00e7iril\u0259c\u0259k ilkin bax\u0131\u015f iclas\u0131 fevral\u0131n 15-n\u0259 t\u0259yin edilib.<\/p>\n<p>\u015eikay\u0259t hakim Faiq Qas\u0131movun s\u0259drliyi il\u0259 ara\u015fd\u0131r\u0131lacaq.<\/p>\n<p>Qeyd ed\u0259k ki, Bak\u0131 A\u011f\u0131r Cinay\u0259tl\u0259r M\u0259hk\u0259m\u0259sinin h\u00f6km\u00fc il\u0259 V.S\u0259f\u0259rli c\u0259zas\u0131n\u0131 ciddi rejimli c\u0259za\u00e7\u0259km\u0259 m\u00fc\u0259ssis\u0259sind\u0259 \u00e7\u0259km\u0259kl\u0259 10 il 6 ay m\u00fcdd\u0259tin\u0259 azadl\u0131qdan m\u0259hrum olunub.<\/p>\n<p>H\u0259m\u00e7inin h\u00f6km\u0259 \u0259sas\u0259n, ke\u00e7mi\u015f icra\u00e7\u0131 direktorun Bak\u0131 \u015f\u0259h\u0259ri, X\u0259tai rayonu, 8 Noyabr prospekti, 23 \u00fcnvan\u0131nda yerl\u0259\u015f\u0259n qeyri-ya\u015fay\u0131\u015f sah\u0259si, X\u0259tai rayonu, \u018fhm\u0259dli q\u0259s\u0259b\u0259si, \u018fhm\u0259dli 9 k\u00fc\u00e7\u0259si, ev 14 \u00fcnvan\u0131nda yerl\u0259\u015f\u0259n torpaq sah\u0259si, Bin\u0259q\u0259di rayonu, Goradil k\u0259ndind\u0259ki 0,104 hektarl\u0131q ba\u011f sah\u0259si, X\u0259tai rayonu, L\u00fctfi Zad\u0259 k\u00fc\u00e7\u0259si, ev 18A (49 kv\/m) \u00fcnvan\u0131, \u0130smay\u0131ll\u0131 rayonu, Ticran k\u0259ndind\u0259 yerl\u0259\u015f\u0259n 0,1 hektarl\u0131q torpaq sah\u0259si, \u0130smay\u0131ll\u0131 rayonu, Ticran k\u0259ndind\u0259 yerl\u0259\u015f\u0259n 0,19 hektarl\u0131q torpaq sah\u0259si m\u00fcsadir\u0259 olunub.<\/p>\n<p>Bundan ba\u015fqa, m\u00fcsadir\u0259 edil\u0259nl\u0259r s\u0131ras\u0131nda onun \u201cMercedes Benz ML 350\u201d, \u201cVolkswagen Tuareg\u201d v\u0259 \u201cToyota Land Cruiser\u201d markal\u0131 avtomobill\u0259ri, Bin\u0259q\u0259di rayonu, Novxan\u0131 k\u0259ndind\u0259 yerl\u0259\u015f\u0259n 0,223 hektar torpaq sah\u0259sind\u0259 olan 701 n\u00f6mr\u0259li 192.8 kv\/m-lik ba\u011f evi, Bin\u0259q\u0259di rayonu, Novxan\u0131 k\u0259ndind\u0259 yerl\u0259\u015f\u0259n 291 kv\/m-lik ba\u011f evi, o\u011flu Seymur S\u0259f\u0259rliy\u0259 m\u0259xsus X\u0259tai rayonu, 8 Noyabr prospektind\u0259 yerl\u0259\u015f\u0259n 23 n\u00f6mr\u0259li evin birinci m\u0259rt\u0259b\u0259sind\u0259ki 39 kv\/m-lik qeyri-ya\u015fay\u0131\u015f sah\u0259si d\u0259 var.<\/p>\n<p>Eyni zamanda, m\u0259hk\u0259m\u0259nin h\u00f6km\u00fcn\u0259 \u0259sas\u0259n, V.S\u0259f\u0259rlinin \u201cRabit\u0259bank\u201d\u00a0ASC-d\u0259 hesab\u0131nda olan 300 min manat\u0131, h\u0259min bankda o\u011flunun hesab\u0131na olan 500 min manat\u0131 v\u0259 Ba\u015f Prokurorlu\u011fun depozit hesab\u0131na qoyulmu\u015f 200 min manat v\u0259saiti m\u00fcsadir\u0259 edilib.<\/p>\n<p>H\u00f6kmd\u0259n naraz\u0131 qalan V.S\u0259f\u0259rli apellyasiya \u015fikay\u0259ti verib. O, bar\u0259sind\u0259 b\u0259ra\u0259t h\u00f6km\u00fcn\u00fcn \u00e7\u0131xar\u0131lmas\u0131n\u0131 ist\u0259yir.<\/p>\n","protected":false},"excerpt":{"rendered":"<p>L\u0259\u011fv edilmi\u015f K\u00fctl\u0259vi \u0130nformasiya Vasit\u0259l\u0259rinin \u0130nki\u015faf\u0131na D\u00f6vl\u0259t D\u0259st\u0259yi Fondunun (K\u0130VDF) sabiq icra\u00e7\u0131 direktoru V\u00fcqar S\u0259f\u0259rlinin bar\u0259sind\u0259 olan h\u00f6kmd\u0259n apellyasiya \u015fikay\u0259ti \u00fczr\u0259 m\u0259hk\u0259m\u0259 iclas\u0131n\u0131n vaxt\u0131 m\u0259lum olub. Bunu \u201cReport\u201da V.S\u0259f\u0259rlinin v\u0259kili Hikm\u0259t \u018fliyev bildirib. Onun s\u00f6zl\u0259rin\u0259 g\u00f6r\u0259, Bak\u0131 Apellyasiya M\u0259hk\u0259m\u0259sind\u0259 ke\u00e7iril\u0259c\u0259k ilkin bax\u0131\u015f iclas\u0131 fevral\u0131n 15-n\u0259 t\u0259yin edilib. \u015eikay\u0259t hakim Faiq Qas\u0131movun s\u0259drliyi il\u0259 ara\u015fd\u0131r\u0131lacaq. Qeyd ed\u0259k ki, Bak\u0131 A\u011f\u0131r Cinay\u0259tl\u0259r M\u0259hk\u0259m\u0259sinin h\u00f6km\u00fc il\u0259 V.S\u0259f\u0259rli c\u0259zas\u0131n\u0131 ciddi rejimli c\u0259za\u00e7\u0259km\u0259 m\u00fc\u0259ssis\u0259sind\u0259 \u00e7\u0259km\u0259kl\u0259 10 il 6 ay m\u00fcdd\u0259tin\u0259 azadl\u0131qdan m\u0259hrum olunub. H\u0259m\u00e7inin h\u00f6km\u0259 \u0259sas\u0259n, ke\u00e7mi\u015f icra\u00e7\u0131 direktorun Bak\u0131 \u015f\u0259h\u0259ri, X\u0259tai rayonu, 8 Noyabr&hellip;<\/p>\n","protected":false},"author":2,"featured_media":380982,"comment_status":"closed","ping_status":"closed","sticky":false,"template":"","format":"standard","meta":{"om_disable_all_campaigns":false,"_monsterinsights_skip_tracking":false,"_monsterinsights_sitenote_active":false,"_monsterinsights_sitenote_note":"","_monsterinsights_sitenote_category":0},"categories":[26],"tags":[],"aioseo_notices":[],"gutentor_comment":0,"rttpg_featured_image_url":{"full":["https:\/\/arantv.az\/wp-content\/uploads\/2021\/09\/vuqar-seferli-1.jpg",800,450,false],"landscape":["https:\/\/arantv.az\/wp-content\/uploads\/2021\/09\/vuqar-seferli-1.jpg",800,450,false],"portraits":["https:\/\/arantv.az\/wp-content\/uploads\/2021\/09\/vuqar-seferli-1.jpg",800,450,false],"thumbnail":["https:\/\/arantv.az\/wp-content\/uploads\/2021\/09\/vuqar-seferli-1-500x280.jpg",500,280,true],"medium":["https:\/\/arantv.az\/wp-content\/uploads\/2021\/09\/vuqar-seferli-1-649x365.jpg",649,365,true],"large":["https:\/\/arantv.az\/wp-content\/uploads\/2021\/09\/vuqar-seferli-1.jpg",640,360,false],"1536x1536":["https:\/\/arantv.az\/wp-content\/uploads\/2021\/09\/vuqar-seferli-1.jpg",800,450,false],"2048x2048":["https:\/\/arantv.az\/wp-content\/uploads\/2021\/09\/vuqar-seferli-1.jpg",800,450,false],"post-thumbnail":["https:\/\/arantv.az\/wp-content\/uploads\/2021\/09\/vuqar-seferli-1-240x172.jpg",240,172,true],"advps-thumb-one":["https:\/\/arantv.az\/wp-content\/uploads\/2021\/09\/vuqar-seferli-1.jpg",800,450,false]},"rttpg_author":{"display_name":"V\u00fcsal Rafiqo\u011flu","author_link":"https:\/\/arantv.az\/?author=2"},"rttpg_comment":0,"rttpg_category":"<a href=\"https:\/\/arantv.az\/?cat=26\" rel=\"category\">Sosial<\/a>","rttpg_excerpt":"L\u0259\u011fv edilmi\u015f K\u00fctl\u0259vi \u0130nformasiya Vasit\u0259l\u0259rinin \u0130nki\u015faf\u0131na D\u00f6vl\u0259t D\u0259st\u0259yi Fondunun (K\u0130VDF) sabiq icra\u00e7\u0131 direktoru V\u00fcqar S\u0259f\u0259rlinin bar\u0259sind\u0259 olan h\u00f6kmd\u0259n apellyasiya \u015fikay\u0259ti \u00fczr\u0259 m\u0259hk\u0259m\u0259 iclas\u0131n\u0131n vaxt\u0131 m\u0259lum olub. Bunu \u201cReport\u201da V.S\u0259f\u0259rlinin v\u0259kili Hikm\u0259t \u018fliyev bildirib. Onun s\u00f6zl\u0259rin\u0259 g\u00f6r\u0259, Bak\u0131 Apellyasiya M\u0259hk\u0259m\u0259sind\u0259 ke\u00e7iril\u0259c\u0259k ilkin bax\u0131\u015f iclas\u0131 fevral\u0131n 15-n\u0259 t\u0259yin edilib. \u015eikay\u0259t hakim Faiq Qas\u0131movun s\u0259drliyi il\u0259 ara\u015fd\u0131r\u0131lacaq. Qeyd&hellip;","_links":{"self":[{"href":"https:\/\/arantv.az\/index.php?rest_route=\/wp\/v2\/posts\/437621"}],"collection":[{"href":"https:\/\/arantv.az\/index.php?rest_route=\/wp\/v2\/posts"}],"about":[{"href":"https:\/\/arantv.az\/index.php?rest_route=\/wp\/v2\/types\/post"}],"author":[{"embeddable":true,"href":"https:\/\/arantv.az\/index.php?rest_route=\/wp\/v2\/users\/2"}],"replies":[{"embeddable":true,"href":"https:\/\/arantv.az\/index.php?rest_route=%2Fwp%2Fv2%2Fcomments&post=437621"}],"version-history":[{"count":0,"href":"https:\/\/arantv.az\/index.php?rest_route=\/wp\/v2\/posts\/437621\/revisions"}],"wp:featuredmedia":[{"embeddable":true,"href":"https:\/\/arantv.az\/index.php?rest_route=\/wp\/v2\/media\/380982"}],"wp:attachment":[{"href":"https:\/\/arantv.az\/index.php?rest_route=%2Fwp%2Fv2%2Fmedia&parent=437621"}],"wp:term":[{"taxonomy":"category","embeddable":true,"href":"https:\/\/arantv.az\/index.php?rest_route=%2Fwp%2Fv2%2Fcategories&post=437621"},{"taxonomy":"post_tag","embeddable":true,"href":"https:\/\/arantv.az\/index.php?rest_route=%2Fwp%2Fv2%2Ftags&post=437621"}],"curies":[{"name":"wp","href":"https:\/\/api.w.org\/{rel}","templated":true}]}}