{"id":437635,"date":"2022-02-11T13:37:00","date_gmt":"2022-02-11T10:37:00","guid":{"rendered":"http:\/\/arantv.az\/?p=437635"},"modified":"2022-02-11T13:37:00","modified_gmt":"2022-02-11T10:37:00","slug":"g%c9%99nc%c9%99nin-rayonlarinin-l%c9%99gvi-bar%c9%99d%c9%99-layih%c9%99-milli-m%c9%99clis%c9%99-tovsiy%c9%99-olunub","status":"publish","type":"post","link":"https:\/\/arantv.az\/?p=437635","title":{"rendered":"G\u0259nc\u0259nin rayonlar\u0131n\u0131n l\u0259\u011fvi bar\u0259d\u0259 layih\u0259 Milli M\u0259clis\u0259 t\u00f6vsiy\u0259 olunub"},"content":{"rendered":"<p>Bu g\u00fcn Milli M\u0259clisin Regional m\u0259s\u0259l\u0259l\u0259r komit\u0259sinin iclas\u0131 ke\u00e7irilib.<\/p>\n<p><strong>ARANTV.AZ\u00a0 x\u0259b\u0259r verir ki,<\/strong>\u00a0iclas\u0131n g\u00fcnd\u0259liyin\u0259 \u201cG\u0259nc\u0259 \u015f\u0259h\u0259rinin inzibati \u0259razi b\u00f6lg\u00fcs\u00fcnd\u0259 qism\u0259n d\u0259yi\u015fiklik edilm\u0259si haqq\u0131nda\u201d qanun layih\u0259si (birinci oxunu\u015f) v\u0259 \u201cB\u0259l\u0259diyy\u0259l\u0259rin \u0259razil\u0259ri v\u0259 torpaqlar\u0131 haqq\u0131nda\u201d Az\u0259rbaycan Respublikas\u0131n\u0131n Qanununa \u0259lav\u0259 edilmi\u015f \u201cAz\u0259rbaycan Respublikas\u0131nda b\u0259l\u0259diyy\u0259l\u0259rin siyah\u0131s\u0131\u201dnda d\u0259yi\u015fiklik edilm\u0259si bar\u0259d\u0259\u201d qanun layih\u0259si (birinci oxunu\u015f) daxil edilib.<\/p>\n<p>\u201cG\u0259nc\u0259 \u015f\u0259h\u0259rinin inzibati \u0259razi b\u00f6lg\u00fcs\u00fcnd\u0259 qism\u0259n d\u0259yi\u015fiklik edilm\u0259si haqq\u0131nda\u201d qanun layih\u0259sin\u0259 \u0259sas\u0259n, G\u0259nc\u0259 \u015f\u0259h\u0259rinin Nizami v\u0259 K\u0259p\u0259z rayonlar\u0131 l\u0259\u011fv olunur. Nizami v\u0259 K\u0259p\u0259z rayonlar\u0131ndak\u0131 inzibati \u0259razi dair\u0259l\u0259ri G\u0259nc\u0259 \u015f\u0259h\u0259r \u0130cra Hakimiyy\u0259tinin tabeliyin\u0259 verilir.<\/p>\n<p>\u201cB\u0259l\u0259diyy\u0259l\u0259rin \u0259razil\u0259ri v\u0259 torpaqlar\u0131 haqq\u0131nda\u201d Az\u0259rbaycan Respublikas\u0131n\u0131n Qanununa \u0259lav\u0259 edilmi\u015f \u201cAz\u0259rbaycan Respublikas\u0131nda b\u0259l\u0259diyy\u0259l\u0259rin siyah\u0131s\u0131\u201dnda d\u0259yi\u015fiklik edilm\u0259si bar\u0259d\u0259\u201d qanun layih\u0259sin\u0259 \u0259sas\u0259n is\u0259 G\u0259nc\u0259 \u015f\u0259h\u0259rind\u0259 Nizami v\u0259 K\u0259p\u0259z b\u0259l\u0259diyy\u0259l\u0259rinin \u0259hat\u0259 etdiyi \u0259razi vahidl\u0259ri d\u0259yi\u015fir. Layih\u0259y\u0259 \u0259sas\u0259n, K\u0259p\u0259z b\u0259l\u0259diyy\u0259sinin \u0259hat\u0259 etdiyi \u0259razi vahidl\u0259rin\u0259 Cavadxan, M\u0259hs\u0259ti, Nat\u0259van, Sad\u0131l\u0131 v\u0259 \u015e\u0131xzamanl\u0131 q\u0259s\u0259b\u0259l\u0259ri, G\u0259nc\u0259 \u015f\u0259h\u0259rinin 3 v\u0259 4 sayl\u0131 sah\u0259 inzibati \u0259razi dair\u0259l\u0259rinin \u0259razisini t\u0259\u015fkil ed\u0259n hiss\u0259si daxil olacaq.<\/p>\n<p>Nizami b\u0259l\u0259diyy\u0259sinin \u0259hat\u0259 etdiyi \u0259razi vahidl\u0259rin\u0259 G\u0259nc\u0259 \u015f\u0259h\u0259rinin 1 v\u0259 2 sayl\u0131 sah\u0259 inzibati \u0259razi dair\u0259l\u0259rinin \u0259razisini t\u0259\u015fkil ed\u0259n hiss\u0259si daxil olacaq. Q\u00fcvv\u0259d\u0259 olan qanuna g\u00f6r\u0259, K\u0259p\u0259z b\u0259l\u0259diyy\u0259sinin \u0259hat\u0259 etdiyi \u0259razi vahidin\u0259 K\u0259p\u0259z rayonu (a\u015fa\u011f\u0131da g\u00f6st\u0259ril\u0259n b\u0259l\u0259diyy\u0259nin \u0259razisi \u00e7\u0131xmaqla) daxildir.<\/p>\n<p>Eyni zamanda Nizami b\u0259l\u0259diyy\u0259sinin \u0259hat\u0259 etdiyi \u0259razi vahidin\u0259 Nizami rayonu daxildir.<\/p>\n<p>M\u00fczakir\u0259l\u0259rd\u0259n sonra qanun layih\u0259si Milli M\u0259clisin plenar iclas\u0131na t\u00f6vsiy\u0259 edilib.<\/p>\n","protected":false},"excerpt":{"rendered":"<p>Bu g\u00fcn Milli M\u0259clisin Regional m\u0259s\u0259l\u0259l\u0259r komit\u0259sinin iclas\u0131 ke\u00e7irilib. ARANTV.AZ\u00a0 x\u0259b\u0259r verir ki,\u00a0iclas\u0131n g\u00fcnd\u0259liyin\u0259 \u201cG\u0259nc\u0259 \u015f\u0259h\u0259rinin inzibati \u0259razi b\u00f6lg\u00fcs\u00fcnd\u0259 qism\u0259n d\u0259yi\u015fiklik edilm\u0259si haqq\u0131nda\u201d qanun layih\u0259si (birinci oxunu\u015f) v\u0259 \u201cB\u0259l\u0259diyy\u0259l\u0259rin \u0259razil\u0259ri v\u0259 torpaqlar\u0131 haqq\u0131nda\u201d Az\u0259rbaycan Respublikas\u0131n\u0131n Qanununa \u0259lav\u0259 edilmi\u015f \u201cAz\u0259rbaycan Respublikas\u0131nda b\u0259l\u0259diyy\u0259l\u0259rin siyah\u0131s\u0131\u201dnda d\u0259yi\u015fiklik edilm\u0259si bar\u0259d\u0259\u201d qanun layih\u0259si (birinci oxunu\u015f) daxil edilib. \u201cG\u0259nc\u0259 \u015f\u0259h\u0259rinin inzibati \u0259razi b\u00f6lg\u00fcs\u00fcnd\u0259 qism\u0259n d\u0259yi\u015fiklik edilm\u0259si haqq\u0131nda\u201d qanun layih\u0259sin\u0259 \u0259sas\u0259n, G\u0259nc\u0259 \u015f\u0259h\u0259rinin Nizami v\u0259 K\u0259p\u0259z rayonlar\u0131 l\u0259\u011fv olunur. Nizami v\u0259 K\u0259p\u0259z rayonlar\u0131ndak\u0131 inzibati \u0259razi dair\u0259l\u0259ri G\u0259nc\u0259 \u015f\u0259h\u0259r \u0130cra Hakimiyy\u0259tinin tabeliyin\u0259 verilir. \u201cB\u0259l\u0259diyy\u0259l\u0259rin \u0259razil\u0259ri v\u0259 torpaqlar\u0131 haqq\u0131nda\u201d Az\u0259rbaycan&hellip;<\/p>\n","protected":false},"author":2,"featured_media":437636,"comment_status":"closed","ping_status":"closed","sticky":false,"template":"","format":"standard","meta":{"om_disable_all_campaigns":false,"_monsterinsights_skip_tracking":false,"_monsterinsights_sitenote_active":false,"_monsterinsights_sitenote_note":"","_monsterinsights_sitenote_category":0},"categories":[1],"tags":[],"aioseo_notices":[],"gutentor_comment":0,"rttpg_featured_image_url":{"full":["https:\/\/arantv.az\/wp-content\/uploads\/2022\/02\/504c296f164457215554961194610688055.jpg",975,540,false],"landscape":["https:\/\/arantv.az\/wp-content\/uploads\/2022\/02\/504c296f164457215554961194610688055.jpg",975,540,false],"portraits":["https:\/\/arantv.az\/wp-content\/uploads\/2022\/02\/504c296f164457215554961194610688055.jpg",975,540,false],"thumbnail":["https:\/\/arantv.az\/wp-content\/uploads\/2022\/02\/504c296f164457215554961194610688055-500x280.jpg",500,280,true],"medium":["https:\/\/arantv.az\/wp-content\/uploads\/2022\/02\/504c296f164457215554961194610688055-660x365.jpg",660,365,true],"large":["https:\/\/arantv.az\/wp-content\/uploads\/2022\/02\/504c296f164457215554961194610688055-840x465.jpg",640,354,true],"1536x1536":["https:\/\/arantv.az\/wp-content\/uploads\/2022\/02\/504c296f164457215554961194610688055.jpg",975,540,false],"2048x2048":["https:\/\/arantv.az\/wp-content\/uploads\/2022\/02\/504c296f164457215554961194610688055.jpg",975,540,false],"post-thumbnail":["https:\/\/arantv.az\/wp-content\/uploads\/2022\/02\/504c296f164457215554961194610688055-240x172.jpg",240,172,true],"advps-thumb-one":["https:\/\/arantv.az\/wp-content\/uploads\/2022\/02\/504c296f164457215554961194610688055.jpg",975,540,false]},"rttpg_author":{"display_name":"V\u00fcsal Rafiqo\u011flu","author_link":"https:\/\/arantv.az\/?author=2"},"rttpg_comment":0,"rttpg_category":"<a href=\"https:\/\/arantv.az\/?cat=1\" rel=\"category\">C\u0259miyy\u0259t<\/a>","rttpg_excerpt":"Bu g\u00fcn Milli M\u0259clisin Regional m\u0259s\u0259l\u0259l\u0259r komit\u0259sinin iclas\u0131 ke\u00e7irilib. ARANTV.AZ\u00a0 x\u0259b\u0259r verir ki,\u00a0iclas\u0131n g\u00fcnd\u0259liyin\u0259 \u201cG\u0259nc\u0259 \u015f\u0259h\u0259rinin inzibati \u0259razi b\u00f6lg\u00fcs\u00fcnd\u0259 qism\u0259n d\u0259yi\u015fiklik edilm\u0259si haqq\u0131nda\u201d qanun layih\u0259si (birinci oxunu\u015f) v\u0259 \u201cB\u0259l\u0259diyy\u0259l\u0259rin \u0259razil\u0259ri v\u0259 torpaqlar\u0131 haqq\u0131nda\u201d Az\u0259rbaycan Respublikas\u0131n\u0131n Qanununa \u0259lav\u0259 edilmi\u015f \u201cAz\u0259rbaycan Respublikas\u0131nda b\u0259l\u0259diyy\u0259l\u0259rin siyah\u0131s\u0131\u201dnda d\u0259yi\u015fiklik edilm\u0259si bar\u0259d\u0259\u201d qanun layih\u0259si (birinci oxunu\u015f) daxil edilib. \u201cG\u0259nc\u0259 \u015f\u0259h\u0259rinin inzibati \u0259razi&hellip;","_links":{"self":[{"href":"https:\/\/arantv.az\/index.php?rest_route=\/wp\/v2\/posts\/437635"}],"collection":[{"href":"https:\/\/arantv.az\/index.php?rest_route=\/wp\/v2\/posts"}],"about":[{"href":"https:\/\/arantv.az\/index.php?rest_route=\/wp\/v2\/types\/post"}],"author":[{"embeddable":true,"href":"https:\/\/arantv.az\/index.php?rest_route=\/wp\/v2\/users\/2"}],"replies":[{"embeddable":true,"href":"https:\/\/arantv.az\/index.php?rest_route=%2Fwp%2Fv2%2Fcomments&post=437635"}],"version-history":[{"count":0,"href":"https:\/\/arantv.az\/index.php?rest_route=\/wp\/v2\/posts\/437635\/revisions"}],"wp:featuredmedia":[{"embeddable":true,"href":"https:\/\/arantv.az\/index.php?rest_route=\/wp\/v2\/media\/437636"}],"wp:attachment":[{"href":"https:\/\/arantv.az\/index.php?rest_route=%2Fwp%2Fv2%2Fmedia&parent=437635"}],"wp:term":[{"taxonomy":"category","embeddable":true,"href":"https:\/\/arantv.az\/index.php?rest_route=%2Fwp%2Fv2%2Fcategories&post=437635"},{"taxonomy":"post_tag","embeddable":true,"href":"https:\/\/arantv.az\/index.php?rest_route=%2Fwp%2Fv2%2Ftags&post=437635"}],"curies":[{"name":"wp","href":"https:\/\/api.w.org\/{rel}","templated":true}]}}