{"id":437641,"date":"2022-02-11T13:47:33","date_gmt":"2022-02-11T10:47:33","guid":{"rendered":"http:\/\/arantv.az\/?p=437641"},"modified":"2022-02-11T13:47:33","modified_gmt":"2022-02-11T10:47:33","slug":"az%c9%99rbaycanda-iscil%c9%99r%c9%99-m%c9%99zuniyy%c9%99t-m%c9%99cburi-olacaq-aciqlama","status":"publish","type":"post","link":"https:\/\/arantv.az\/?p=437641","title":{"rendered":"Az\u0259rbaycanda i\u015f\u00e7il\u0259r\u0259 m\u0259zuniyy\u0259t m\u0259cburi olacaq? &#8211; A\u00c7IQLAMA"},"content":{"rendered":"<p>\u201c\u018fm\u0259k M\u0259c\u0259ll\u0259sin\u0259 m\u0259cburi m\u0259zuniyy\u0259t m\u0259s\u0259l\u0259si il\u0259 ba\u011fl\u0131\u00a0d\u0259yi\u015fiklik layih\u0259si t\u0259klif edilib\u201d.<\/p>\n<div class=\"AdviadNativeVideo\"><\/div>\n<p><strong>ARANTV.AZ <\/strong>\u00a0x\u0259b\u0259r verir ki, bunu D\u00f6vl\u0259t \u018fm\u0259k M\u00fcf\u0259tti\u015fliyi Xidm\u0259tinin r\u0259isi Fuad Heyd\u0259rov \u201cFacebook\u201dda yay\u0131mlanan \u201cSosial saat\u201d layih\u0259sind\u0259 deyib.<\/p>\n<p>O bildirib ki, haz\u0131rda m\u0259zuniyy\u0259tl\u0259 ba\u011fl\u0131 m\u0259cburilik yoxdur:<\/p>\n<p>\u201cB\u0259z\u0259n bu haldan sui-istifad\u0259 hallar\u0131 m\u00fc\u015fahid\u0259 olunur. M\u0259zuniyy\u0259td\u0259n istifad\u0259 olunmal\u0131d\u0131r ki, i\u015fin keyfiyy\u0259tin\u0259 m\u0259nfi t\u0259sir etm\u0259 hallar\u0131 azals\u0131n.\u00a0M\u0259zuniyy\u0259t d\u0259 t\u0259r\u0259fl\u0259rin qar\u015f\u0131l\u0131ql\u0131 raz\u0131l\u0131\u011f\u0131 \u0259sas\u0131nda ya h\u0259min il, ya da n\u00f6vb\u0259ti t\u0259qvim ilin\u0259 ke\u00e7irilm\u0259kl\u0259 h\u0259ll oluna bil\u0259r\u201d.<\/p>\n","protected":false},"excerpt":{"rendered":"<p>\u201c\u018fm\u0259k M\u0259c\u0259ll\u0259sin\u0259 m\u0259cburi m\u0259zuniyy\u0259t m\u0259s\u0259l\u0259si il\u0259 ba\u011fl\u0131\u00a0d\u0259yi\u015fiklik layih\u0259si t\u0259klif edilib\u201d. ARANTV.AZ \u00a0x\u0259b\u0259r verir ki, bunu D\u00f6vl\u0259t \u018fm\u0259k M\u00fcf\u0259tti\u015fliyi Xidm\u0259tinin r\u0259isi Fuad Heyd\u0259rov \u201cFacebook\u201dda yay\u0131mlanan \u201cSosial saat\u201d layih\u0259sind\u0259 deyib. O bildirib ki, haz\u0131rda m\u0259zuniyy\u0259tl\u0259 ba\u011fl\u0131 m\u0259cburilik yoxdur: \u201cB\u0259z\u0259n bu haldan sui-istifad\u0259 hallar\u0131 m\u00fc\u015fahid\u0259 olunur. M\u0259zuniyy\u0259td\u0259n istifad\u0259 olunmal\u0131d\u0131r ki, i\u015fin keyfiyy\u0259tin\u0259 m\u0259nfi t\u0259sir etm\u0259 hallar\u0131 azals\u0131n.\u00a0M\u0259zuniyy\u0259t d\u0259 t\u0259r\u0259fl\u0259rin qar\u015f\u0131l\u0131ql\u0131 raz\u0131l\u0131\u011f\u0131 \u0259sas\u0131nda ya h\u0259min il, ya da n\u00f6vb\u0259ti t\u0259qvim ilin\u0259 ke\u00e7irilm\u0259kl\u0259 h\u0259ll oluna bil\u0259r\u201d.<\/p>\n","protected":false},"author":2,"featured_media":437642,"comment_status":"closed","ping_status":"closed","sticky":false,"template":"","format":"standard","meta":{"om_disable_all_campaigns":false,"_monsterinsights_skip_tracking":false,"_monsterinsights_sitenote_active":false,"_monsterinsights_sitenote_note":"","_monsterinsights_sitenote_category":0},"categories":[1],"tags":[],"aioseo_notices":[],"gutentor_comment":0,"rttpg_featured_image_url":{"full":["https:\/\/arantv.az\/wp-content\/uploads\/2022\/02\/FotoJet-15-5.jpg",620,413,false],"landscape":["https:\/\/arantv.az\/wp-content\/uploads\/2022\/02\/FotoJet-15-5.jpg",620,413,false],"portraits":["https:\/\/arantv.az\/wp-content\/uploads\/2022\/02\/FotoJet-15-5.jpg",620,413,false],"thumbnail":["https:\/\/arantv.az\/wp-content\/uploads\/2022\/02\/FotoJet-15-5-500x280.jpg",500,280,true],"medium":["https:\/\/arantv.az\/wp-content\/uploads\/2022\/02\/FotoJet-15-5-548x365.jpg",548,365,true],"large":["https:\/\/arantv.az\/wp-content\/uploads\/2022\/02\/FotoJet-15-5.jpg",620,413,false],"1536x1536":["https:\/\/arantv.az\/wp-content\/uploads\/2022\/02\/FotoJet-15-5.jpg",620,413,false],"2048x2048":["https:\/\/arantv.az\/wp-content\/uploads\/2022\/02\/FotoJet-15-5.jpg",620,413,false],"post-thumbnail":["https:\/\/arantv.az\/wp-content\/uploads\/2022\/02\/FotoJet-15-5-240x172.jpg",240,172,true],"advps-thumb-one":["https:\/\/arantv.az\/wp-content\/uploads\/2022\/02\/FotoJet-15-5.jpg",620,413,false]},"rttpg_author":{"display_name":"V\u00fcsal Rafiqo\u011flu","author_link":"https:\/\/arantv.az\/?author=2"},"rttpg_comment":0,"rttpg_category":"<a href=\"https:\/\/arantv.az\/?cat=1\" rel=\"category\">C\u0259miyy\u0259t<\/a>","rttpg_excerpt":"\u201c\u018fm\u0259k M\u0259c\u0259ll\u0259sin\u0259 m\u0259cburi m\u0259zuniyy\u0259t m\u0259s\u0259l\u0259si il\u0259 ba\u011fl\u0131\u00a0d\u0259yi\u015fiklik layih\u0259si t\u0259klif edilib\u201d. ARANTV.AZ \u00a0x\u0259b\u0259r verir ki, bunu D\u00f6vl\u0259t \u018fm\u0259k M\u00fcf\u0259tti\u015fliyi Xidm\u0259tinin r\u0259isi Fuad Heyd\u0259rov \u201cFacebook\u201dda yay\u0131mlanan \u201cSosial saat\u201d layih\u0259sind\u0259 deyib. O bildirib ki, haz\u0131rda m\u0259zuniyy\u0259tl\u0259 ba\u011fl\u0131 m\u0259cburilik yoxdur: \u201cB\u0259z\u0259n bu haldan sui-istifad\u0259 hallar\u0131 m\u00fc\u015fahid\u0259 olunur. M\u0259zuniyy\u0259td\u0259n istifad\u0259 olunmal\u0131d\u0131r ki, i\u015fin keyfiyy\u0259tin\u0259 m\u0259nfi t\u0259sir etm\u0259 hallar\u0131 azals\u0131n.\u00a0M\u0259zuniyy\u0259t d\u0259&hellip;","_links":{"self":[{"href":"https:\/\/arantv.az\/index.php?rest_route=\/wp\/v2\/posts\/437641"}],"collection":[{"href":"https:\/\/arantv.az\/index.php?rest_route=\/wp\/v2\/posts"}],"about":[{"href":"https:\/\/arantv.az\/index.php?rest_route=\/wp\/v2\/types\/post"}],"author":[{"embeddable":true,"href":"https:\/\/arantv.az\/index.php?rest_route=\/wp\/v2\/users\/2"}],"replies":[{"embeddable":true,"href":"https:\/\/arantv.az\/index.php?rest_route=%2Fwp%2Fv2%2Fcomments&post=437641"}],"version-history":[{"count":0,"href":"https:\/\/arantv.az\/index.php?rest_route=\/wp\/v2\/posts\/437641\/revisions"}],"wp:featuredmedia":[{"embeddable":true,"href":"https:\/\/arantv.az\/index.php?rest_route=\/wp\/v2\/media\/437642"}],"wp:attachment":[{"href":"https:\/\/arantv.az\/index.php?rest_route=%2Fwp%2Fv2%2Fmedia&parent=437641"}],"wp:term":[{"taxonomy":"category","embeddable":true,"href":"https:\/\/arantv.az\/index.php?rest_route=%2Fwp%2Fv2%2Fcategories&post=437641"},{"taxonomy":"post_tag","embeddable":true,"href":"https:\/\/arantv.az\/index.php?rest_route=%2Fwp%2Fv2%2Ftags&post=437641"}],"curies":[{"name":"wp","href":"https:\/\/api.w.org\/{rel}","templated":true}]}}