{"id":437647,"date":"2022-02-11T13:52:08","date_gmt":"2022-02-11T10:52:08","guid":{"rendered":"http:\/\/arantv.az\/?p=437647"},"modified":"2022-02-11T13:52:08","modified_gmt":"2022-02-11T10:52:08","slug":"ilham-%c9%99liyev-bu-gun-az%c9%99rbaycan-iran-%c9%99laq%c9%99l%c9%99rinin-yuks%c9%99l%c9%99n-x%c9%99tt-uzr%c9%99-inkisaf-etm%c9%99si-m%c9%99mnunluq-dogurur","status":"publish","type":"post","link":"https:\/\/arantv.az\/?p=437647","title":{"rendered":"\u0130lham \u018fliyev: Bu g\u00fcn Az\u0259rbaycan-\u0130ran \u0259laq\u0259l\u0259rinin y\u00fcks\u0259l\u0259n x\u0259tt \u00fczr\u0259 inki\u015faf etm\u0259si m\u0259mnunluq do\u011furur"},"content":{"rendered":"<p>Az\u0259rbaycan Respublikas\u0131 il\u0259 \u0130ran \u0130slam Respublikas\u0131 aras\u0131nda \u0259laq\u0259l\u0259r tarix\u0259n dostluq v\u0259 mehriban qon\u015fuluq \u015f\u0259raitind\u0259 ya\u015fam\u0131\u015f, ortaq m\u0259n\u0259vi d\u0259y\u0259rl\u0259ri b\u00f6l\u00fc\u015f\u0259n xalqlar\u0131m\u0131z\u0131n irad\u0259sind\u0259n qaynaqlan\u0131r. Biz bel\u0259 m\u00f6hk\u0259m t\u0259m\u0259ll\u0259r \u00fcz\u0259rind\u0259 qurulmu\u015f d\u00f6vl\u0259tl\u0259raras\u0131 m\u00fcnasib\u0259tl\u0259rimiz\u0259 x\u00fcsusi \u00f6n\u0259m veririk.<\/p>\n<p><strong>ARANTV.AZ<\/strong> <a href=\"http:\/\/azertag.az\/\" target=\"_blank\" rel=\"noopener\">AZ\u018fRTAC<\/a>-a istinad\u0259n bildirir ki,\u00a0bu fikirl\u0259r Az\u0259rbaycan Respublikas\u0131n\u0131n Prezident \u0130lham \u018fliyevin \u0130slam \u0130nqilab\u0131n\u0131n Q\u0259l\u0259b\u0259si G\u00fcn\u00fc m\u00fcnasib\u0259til\u0259 \u0130ran \u0130slam Respublikas\u0131n\u0131n Prezidenti Seyid \u0130brahim R\u0259isiy\u0259 \u00fcnvanlad\u0131\u011f\u0131 t\u0259brikd\u0259 yer al\u0131b.<\/p>\n<p>T\u0259brik m\u0259ktubunda deyilir: &#8220;Bu g\u00fcn ikit\u0259r\u0259fli \u0259laq\u0259l\u0259rimizin y\u00fcks\u0259l\u0259n x\u0259tt \u00fczr\u0259 inki\u015faf etm\u0259si m\u0259mnunluq do\u011furur. Ali s\u0259viyy\u0259li siyasi dialoq, qar\u015f\u0131l\u0131ql\u0131 s\u0259f\u0259rl\u0259r v\u0259 m\u00fcnt\u0259z\u0259m g\u00f6r\u00fc\u015fl\u0259r, imzalanan s\u0259n\u0259dl\u0259r \u0259m\u0259kda\u015fl\u0131\u011f\u0131m\u0131z\u0131n m\u00f6hk\u0259ml\u0259nm\u0259sin\u0259 g\u00fccl\u00fc t\u0259kan verir. \u0130qtisadi-ticari, enerji, n\u0259qliyyat v\u0259 dig\u0259r sah\u0259l\u0259rd\u0259 qar\u015f\u0131l\u0131ql\u0131 f\u0259aliyy\u0259timizin \u00e7\u0259r\u00e7iv\u0259sinin g\u00fcnd\u0259n-g\u00fcn\u0259 geni\u015fl\u0259nm\u0259si bunun bariz n\u00fcmun\u0259sidir.<\/p>\n<p>A\u015fqabadda Sizinl\u0259 qar\u015f\u0131l\u0131ql\u0131 anla\u015fma \u015f\u0259raitind\u0259 ke\u00e7\u0259n g\u00f6r\u00fc\u015f\u00fcm\u00fcz\u00fc m\u0259mnuniyy\u0259t hissi il\u0259 xat\u0131rlay\u0131ram. Hesab edir\u0259m ki, apard\u0131\u011f\u0131m\u0131z \u0259trafl\u0131 fikir m\u00fcbadil\u0259si v\u0259 m\u00fczakir\u0259l\u0259r m\u00fcnasib\u0259tl\u0259rimizin daha da inki\u015faf\u0131na v\u0259 keyfiyy\u0259tc\u0259 yeni m\u0259rh\u0259l\u0259y\u0259 daxil olmas\u0131na t\u00f6hf\u0259 ver\u0259c\u0259kdir&#8221;.<\/p>\n<p>Prezident \u0130lham \u018fliyev Az\u0259rbaycan-\u0130ran m\u00fcnasib\u0259tl\u0259rinin xalqlar\u0131m\u0131z\u0131n m\u0259nafel\u0259rin\u0259 uy\u011fun olaraq birg\u0259 s\u0259yl\u0259rl\u0259 bundan sonra da inki\u015faf ed\u0259c\u0259yin\u0259 v\u0259 m\u00f6hk\u0259ml\u0259n\u0259c\u0259yin\u0259 inam\u0131n\u0131 ifad\u0259 edib.<\/p>\n","protected":false},"excerpt":{"rendered":"<p>Az\u0259rbaycan Respublikas\u0131 il\u0259 \u0130ran \u0130slam Respublikas\u0131 aras\u0131nda \u0259laq\u0259l\u0259r tarix\u0259n dostluq v\u0259 mehriban qon\u015fuluq \u015f\u0259raitind\u0259 ya\u015fam\u0131\u015f, ortaq m\u0259n\u0259vi d\u0259y\u0259rl\u0259ri b\u00f6l\u00fc\u015f\u0259n xalqlar\u0131m\u0131z\u0131n irad\u0259sind\u0259n qaynaqlan\u0131r. Biz bel\u0259 m\u00f6hk\u0259m t\u0259m\u0259ll\u0259r \u00fcz\u0259rind\u0259 qurulmu\u015f d\u00f6vl\u0259tl\u0259raras\u0131 m\u00fcnasib\u0259tl\u0259rimiz\u0259 x\u00fcsusi \u00f6n\u0259m veririk. ARANTV.AZ AZ\u018fRTAC-a istinad\u0259n bildirir ki,\u00a0bu fikirl\u0259r Az\u0259rbaycan Respublikas\u0131n\u0131n Prezident \u0130lham \u018fliyevin \u0130slam \u0130nqilab\u0131n\u0131n Q\u0259l\u0259b\u0259si G\u00fcn\u00fc m\u00fcnasib\u0259til\u0259 \u0130ran \u0130slam Respublikas\u0131n\u0131n Prezidenti Seyid \u0130brahim R\u0259isiy\u0259 \u00fcnvanlad\u0131\u011f\u0131 t\u0259brikd\u0259 yer al\u0131b. T\u0259brik m\u0259ktubunda deyilir: &#8220;Bu g\u00fcn ikit\u0259r\u0259fli \u0259laq\u0259l\u0259rimizin y\u00fcks\u0259l\u0259n x\u0259tt \u00fczr\u0259 inki\u015faf etm\u0259si m\u0259mnunluq do\u011furur. Ali s\u0259viyy\u0259li siyasi dialoq, qar\u015f\u0131l\u0131ql\u0131 s\u0259f\u0259rl\u0259r v\u0259 m\u00fcnt\u0259z\u0259m g\u00f6r\u00fc\u015fl\u0259r, imzalanan s\u0259n\u0259dl\u0259r \u0259m\u0259kda\u015fl\u0131\u011f\u0131m\u0131z\u0131n m\u00f6hk\u0259ml\u0259nm\u0259sin\u0259 g\u00fccl\u00fc t\u0259kan verir.&hellip;<\/p>\n","protected":false},"author":2,"featured_media":437648,"comment_status":"closed","ping_status":"closed","sticky":false,"template":"","format":"standard","meta":{"om_disable_all_campaigns":false,"_monsterinsights_skip_tracking":false,"_monsterinsights_sitenote_active":false,"_monsterinsights_sitenote_note":"","_monsterinsights_sitenote_category":0},"categories":[4],"tags":[],"aioseo_notices":[],"gutentor_comment":0,"rttpg_featured_image_url":{"full":["https:\/\/arantv.az\/wp-content\/uploads\/2022\/02\/1018845.jpg",1000,656,false],"landscape":["https:\/\/arantv.az\/wp-content\/uploads\/2022\/02\/1018845.jpg",1000,656,false],"portraits":["https:\/\/arantv.az\/wp-content\/uploads\/2022\/02\/1018845.jpg",1000,656,false],"thumbnail":["https:\/\/arantv.az\/wp-content\/uploads\/2022\/02\/1018845-500x280.jpg",500,280,true],"medium":["https:\/\/arantv.az\/wp-content\/uploads\/2022\/02\/1018845-556x365.jpg",556,365,true],"large":["https:\/\/arantv.az\/wp-content\/uploads\/2022\/02\/1018845-840x551.jpg",640,420,true],"1536x1536":["https:\/\/arantv.az\/wp-content\/uploads\/2022\/02\/1018845.jpg",1000,656,false],"2048x2048":["https:\/\/arantv.az\/wp-content\/uploads\/2022\/02\/1018845.jpg",1000,656,false],"post-thumbnail":["https:\/\/arantv.az\/wp-content\/uploads\/2022\/02\/1018845-240x172.jpg",240,172,true],"advps-thumb-one":["https:\/\/arantv.az\/wp-content\/uploads\/2022\/02\/1018845-1000x620.jpg",1000,620,true]},"rttpg_author":{"display_name":"V\u00fcsal Rafiqo\u011flu","author_link":"https:\/\/arantv.az\/?author=2"},"rttpg_comment":0,"rttpg_category":"<a href=\"https:\/\/arantv.az\/?cat=4\" rel=\"category\">Siyas\u0259t<\/a>","rttpg_excerpt":"Az\u0259rbaycan Respublikas\u0131 il\u0259 \u0130ran \u0130slam Respublikas\u0131 aras\u0131nda \u0259laq\u0259l\u0259r tarix\u0259n dostluq v\u0259 mehriban qon\u015fuluq \u015f\u0259raitind\u0259 ya\u015fam\u0131\u015f, ortaq m\u0259n\u0259vi d\u0259y\u0259rl\u0259ri b\u00f6l\u00fc\u015f\u0259n xalqlar\u0131m\u0131z\u0131n irad\u0259sind\u0259n qaynaqlan\u0131r. Biz bel\u0259 m\u00f6hk\u0259m t\u0259m\u0259ll\u0259r \u00fcz\u0259rind\u0259 qurulmu\u015f d\u00f6vl\u0259tl\u0259raras\u0131 m\u00fcnasib\u0259tl\u0259rimiz\u0259 x\u00fcsusi \u00f6n\u0259m veririk. ARANTV.AZ AZ\u018fRTAC-a istinad\u0259n bildirir ki,\u00a0bu fikirl\u0259r Az\u0259rbaycan Respublikas\u0131n\u0131n Prezident \u0130lham \u018fliyevin \u0130slam \u0130nqilab\u0131n\u0131n Q\u0259l\u0259b\u0259si G\u00fcn\u00fc m\u00fcnasib\u0259til\u0259 \u0130ran \u0130slam Respublikas\u0131n\u0131n Prezidenti Seyid \u0130brahim&hellip;","_links":{"self":[{"href":"https:\/\/arantv.az\/index.php?rest_route=\/wp\/v2\/posts\/437647"}],"collection":[{"href":"https:\/\/arantv.az\/index.php?rest_route=\/wp\/v2\/posts"}],"about":[{"href":"https:\/\/arantv.az\/index.php?rest_route=\/wp\/v2\/types\/post"}],"author":[{"embeddable":true,"href":"https:\/\/arantv.az\/index.php?rest_route=\/wp\/v2\/users\/2"}],"replies":[{"embeddable":true,"href":"https:\/\/arantv.az\/index.php?rest_route=%2Fwp%2Fv2%2Fcomments&post=437647"}],"version-history":[{"count":0,"href":"https:\/\/arantv.az\/index.php?rest_route=\/wp\/v2\/posts\/437647\/revisions"}],"wp:featuredmedia":[{"embeddable":true,"href":"https:\/\/arantv.az\/index.php?rest_route=\/wp\/v2\/media\/437648"}],"wp:attachment":[{"href":"https:\/\/arantv.az\/index.php?rest_route=%2Fwp%2Fv2%2Fmedia&parent=437647"}],"wp:term":[{"taxonomy":"category","embeddable":true,"href":"https:\/\/arantv.az\/index.php?rest_route=%2Fwp%2Fv2%2Fcategories&post=437647"},{"taxonomy":"post_tag","embeddable":true,"href":"https:\/\/arantv.az\/index.php?rest_route=%2Fwp%2Fv2%2Ftags&post=437647"}],"curies":[{"name":"wp","href":"https:\/\/api.w.org\/{rel}","templated":true}]}}