{"id":437650,"date":"2022-02-11T13:52:56","date_gmt":"2022-02-11T10:52:56","guid":{"rendered":"http:\/\/arantv.az\/?p=437650"},"modified":"2022-02-11T13:52:56","modified_gmt":"2022-02-11T10:52:56","slug":"ilham-%c9%99liyev-z%c9%99ng%c9%99zur-d%c9%99hlizi-enerji-novl%c9%99rinin-ixraci-il%c9%99-d%c9%99-bagli-oz-rolunu-oynayacaq","status":"publish","type":"post","link":"https:\/\/arantv.az\/?p=437650","title":{"rendered":"\u0130lham \u018fliyev: \u201cZ\u0259ng\u0259zur d\u0259hlizi enerji n\u00f6vl\u0259rinin ixrac\u0131 il\u0259 d\u0259 ba\u011fl\u0131 \u00f6z rolunu oynayacaq\u201d"},"content":{"rendered":"<p>\u201cDaxili t\u0259l\u0259bat\u0131 \u00f6d\u0259mi\u015fik, \u00f6d\u0259y\u0259c\u0259yik, ixracla ba\u011fl\u0131 \u00f6z f\u0259aliyy\u0259timizi geni\u015fl\u0259ndirm\u0259liyik, yeni ixrac bazarlar\u0131na \u00e7\u0131xmal\u0131y\u0131q. Bizim b\u00fct\u00fcn d\u00f6rd qon\u015fu \u00f6lk\u0259 il\u0259 dediyim kimi, enerji ba\u011flant\u0131lar\u0131 var, biz indi yeni bir layih\u0259 \u00fcz\u0259rind\u0259 i\u015fl\u0259yirik. Z\u0259ng\u0259zur d\u0259hlizi il\u0259 Az\u0259rbaycandan Nax\u00e7\u0131van Muxtar Respublikas\u0131na, oradan is\u0259 T\u00fcrkiy\u0259y\u0259 v\u0259 \u0130rana yeni x\u0259ttin \u00e7\u0259kili\u015fi indi planlar\u0131m\u0131zdad\u0131r\u201d.<\/p>\n<div class=\"AdviadNativeVideo\"><\/div>\n<p>Prezident \u0130lham \u018fliyev bu bar\u0259d\u0259\u00a0<a href=\"https:\/\/azertag.az\/xeber\/Prezident_Ilham_Aliyev_Zengezur_dehlizi_enerji_novlerinin_ixraci_ile_de_bagli_oz_rolunu_oynayacaq-2009807\" target=\"_blank\" rel=\"noopener\">AZ\u018fRTAC<\/a>-a m\u00fcsahib\u0259sind\u0259 enerji n\u00f6vl\u0259rinin ixrac\u0131n\u0131 geni\u015fl\u0259ndirm\u0259k istiqam\u0259tind\u0259 planlardan dan\u0131\u015fark\u0259n bildirib.<\/p>\n<p>\u201cM\u0259n demi\u015fdim ki, Z\u0259ng\u0259zur d\u0259hlizi t\u0259kc\u0259 d\u0259mir yolu, avtomobil yolu, hava n\u0259qliyyatl\u0131 \u00fc\u00e7\u00fcn deyil. Eyni zamanda, Z\u0259ng\u0259zur d\u0259hlizi enerji n\u00f6vl\u0259rinin ixrac edilm\u0259si il\u0259 ba\u011fl\u0131 \u00f6z rolunu oynayacaq. Az\u0259rbaycan\u0131n ayr\u0131lmaz hiss\u0259si olan Nax\u00e7\u0131van Muxtar Respublikas\u0131n\u0131 elektrik enerjisi il\u0259 t\u0259min etm\u0259k \u00fc\u00e7\u00fcn v\u0259 oradan xarici bazarlara \u00e7\u0131xmaq \u00fc\u00e7\u00fcn v\u0259 T\u00fcrkiy\u0259d\u0259n sonra Avropaya \u00e7\u0131xmaq \u00fc\u00e7\u00fcn yeni bir x\u0259ttimiz olacaq. Bir x\u0259tt G\u00fcrc\u00fcstan-T\u00fcrkiy\u0259 \u00fcz\u0259rind\u0259n ke\u00e7ir v\u0259 ikinci x\u0259tt oradan ke\u00e7m\u0259lidir. Biz bunun \u00fcz\u0259rind\u0259 i\u015fl\u0259yirik v\u0259 artan ixrac\u0131m\u0131z h\u0259m \u00f6n\u0259mimizi art\u0131racaq, geosiyasi \u00f6n\u0259mimizi art\u0131racaq, eyni zamanda, biz\u0259 \u0259lav\u0259 valyuta g\u0259tir\u0259c\u0259k. Biz t\u0259kc\u0259 neftd\u0259n, qazdan yox, eyni zamanda, elektrik enerjisind\u0259n d\u0259 valyuta qazanaca\u011f\u0131q v\u0259 \u00f6lk\u0259miz daha da firavan ya\u015fayacaq\u201d, &#8211; dey\u0259 d\u00f6vl\u0259timizin ba\u015f\u00e7\u0131s\u0131 \u0259lav\u0259 edib.<\/p>\n<p>Prezident deyib ki, b\u00fct\u00fcn bu layih\u0259l\u0259r bizim planlar\u0131m\u0131zdad\u0131r: \u201cBug\u00fcnk\u00fc a\u00e7\u0131l\u0131\u015f m\u0259rasimi bir daha g\u00fcc\u00fcm\u00fcz\u00fc g\u00f6st\u0259rir, irad\u0259mizi g\u00f6st\u0259rir. Onu g\u00f6st\u0259rir ki, qar\u015f\u0131m\u0131zda duran b\u00fct\u00fcn v\u0259zif\u0259l\u0259ri biz u\u011furla icra edirik\u201d.<\/p>\n","protected":false},"excerpt":{"rendered":"<p>\u201cDaxili t\u0259l\u0259bat\u0131 \u00f6d\u0259mi\u015fik, \u00f6d\u0259y\u0259c\u0259yik, ixracla ba\u011fl\u0131 \u00f6z f\u0259aliyy\u0259timizi geni\u015fl\u0259ndirm\u0259liyik, yeni ixrac bazarlar\u0131na \u00e7\u0131xmal\u0131y\u0131q. Bizim b\u00fct\u00fcn d\u00f6rd qon\u015fu \u00f6lk\u0259 il\u0259 dediyim kimi, enerji ba\u011flant\u0131lar\u0131 var, biz indi yeni bir layih\u0259 \u00fcz\u0259rind\u0259 i\u015fl\u0259yirik. Z\u0259ng\u0259zur d\u0259hlizi il\u0259 Az\u0259rbaycandan Nax\u00e7\u0131van Muxtar Respublikas\u0131na, oradan is\u0259 T\u00fcrkiy\u0259y\u0259 v\u0259 \u0130rana yeni x\u0259ttin \u00e7\u0259kili\u015fi indi planlar\u0131m\u0131zdad\u0131r\u201d. Prezident \u0130lham \u018fliyev bu bar\u0259d\u0259\u00a0AZ\u018fRTAC-a m\u00fcsahib\u0259sind\u0259 enerji n\u00f6vl\u0259rinin ixrac\u0131n\u0131 geni\u015fl\u0259ndirm\u0259k istiqam\u0259tind\u0259 planlardan dan\u0131\u015fark\u0259n bildirib. \u201cM\u0259n demi\u015fdim ki, Z\u0259ng\u0259zur d\u0259hlizi t\u0259kc\u0259 d\u0259mir yolu, avtomobil yolu, hava n\u0259qliyyatl\u0131 \u00fc\u00e7\u00fcn deyil. Eyni zamanda, Z\u0259ng\u0259zur d\u0259hlizi enerji n\u00f6vl\u0259rinin ixrac edilm\u0259si il\u0259 ba\u011fl\u0131 \u00f6z rolunu oynayacaq. Az\u0259rbaycan\u0131n&hellip;<\/p>\n","protected":false},"author":2,"featured_media":437651,"comment_status":"closed","ping_status":"closed","sticky":false,"template":"","format":"standard","meta":{"om_disable_all_campaigns":false,"_monsterinsights_skip_tracking":false,"_monsterinsights_sitenote_active":false,"_monsterinsights_sitenote_note":"","_monsterinsights_sitenote_category":0},"categories":[4],"tags":[],"aioseo_notices":[],"gutentor_comment":0,"rttpg_featured_image_url":{"full":["https:\/\/arantv.az\/wp-content\/uploads\/2022\/02\/16445643793518738445_1000x669.jpg",620,412,false],"landscape":["https:\/\/arantv.az\/wp-content\/uploads\/2022\/02\/16445643793518738445_1000x669.jpg",620,412,false],"portraits":["https:\/\/arantv.az\/wp-content\/uploads\/2022\/02\/16445643793518738445_1000x669.jpg",620,412,false],"thumbnail":["https:\/\/arantv.az\/wp-content\/uploads\/2022\/02\/16445643793518738445_1000x669-500x280.jpg",500,280,true],"medium":["https:\/\/arantv.az\/wp-content\/uploads\/2022\/02\/16445643793518738445_1000x669-549x365.jpg",549,365,true],"large":["https:\/\/arantv.az\/wp-content\/uploads\/2022\/02\/16445643793518738445_1000x669.jpg",620,412,false],"1536x1536":["https:\/\/arantv.az\/wp-content\/uploads\/2022\/02\/16445643793518738445_1000x669.jpg",620,412,false],"2048x2048":["https:\/\/arantv.az\/wp-content\/uploads\/2022\/02\/16445643793518738445_1000x669.jpg",620,412,false],"post-thumbnail":["https:\/\/arantv.az\/wp-content\/uploads\/2022\/02\/16445643793518738445_1000x669-240x172.jpg",240,172,true],"advps-thumb-one":["https:\/\/arantv.az\/wp-content\/uploads\/2022\/02\/16445643793518738445_1000x669.jpg",620,412,false]},"rttpg_author":{"display_name":"V\u00fcsal Rafiqo\u011flu","author_link":"https:\/\/arantv.az\/?author=2"},"rttpg_comment":0,"rttpg_category":"<a href=\"https:\/\/arantv.az\/?cat=4\" rel=\"category\">Siyas\u0259t<\/a>","rttpg_excerpt":"\u201cDaxili t\u0259l\u0259bat\u0131 \u00f6d\u0259mi\u015fik, \u00f6d\u0259y\u0259c\u0259yik, ixracla ba\u011fl\u0131 \u00f6z f\u0259aliyy\u0259timizi geni\u015fl\u0259ndirm\u0259liyik, yeni ixrac bazarlar\u0131na \u00e7\u0131xmal\u0131y\u0131q. Bizim b\u00fct\u00fcn d\u00f6rd qon\u015fu \u00f6lk\u0259 il\u0259 dediyim kimi, enerji ba\u011flant\u0131lar\u0131 var, biz indi yeni bir layih\u0259 \u00fcz\u0259rind\u0259 i\u015fl\u0259yirik. Z\u0259ng\u0259zur d\u0259hlizi il\u0259 Az\u0259rbaycandan Nax\u00e7\u0131van Muxtar Respublikas\u0131na, oradan is\u0259 T\u00fcrkiy\u0259y\u0259 v\u0259 \u0130rana yeni x\u0259ttin \u00e7\u0259kili\u015fi indi planlar\u0131m\u0131zdad\u0131r\u201d. Prezident \u0130lham \u018fliyev bu bar\u0259d\u0259\u00a0AZ\u018fRTAC-a m\u00fcsahib\u0259sind\u0259 enerji&hellip;","_links":{"self":[{"href":"https:\/\/arantv.az\/index.php?rest_route=\/wp\/v2\/posts\/437650"}],"collection":[{"href":"https:\/\/arantv.az\/index.php?rest_route=\/wp\/v2\/posts"}],"about":[{"href":"https:\/\/arantv.az\/index.php?rest_route=\/wp\/v2\/types\/post"}],"author":[{"embeddable":true,"href":"https:\/\/arantv.az\/index.php?rest_route=\/wp\/v2\/users\/2"}],"replies":[{"embeddable":true,"href":"https:\/\/arantv.az\/index.php?rest_route=%2Fwp%2Fv2%2Fcomments&post=437650"}],"version-history":[{"count":0,"href":"https:\/\/arantv.az\/index.php?rest_route=\/wp\/v2\/posts\/437650\/revisions"}],"wp:featuredmedia":[{"embeddable":true,"href":"https:\/\/arantv.az\/index.php?rest_route=\/wp\/v2\/media\/437651"}],"wp:attachment":[{"href":"https:\/\/arantv.az\/index.php?rest_route=%2Fwp%2Fv2%2Fmedia&parent=437650"}],"wp:term":[{"taxonomy":"category","embeddable":true,"href":"https:\/\/arantv.az\/index.php?rest_route=%2Fwp%2Fv2%2Fcategories&post=437650"},{"taxonomy":"post_tag","embeddable":true,"href":"https:\/\/arantv.az\/index.php?rest_route=%2Fwp%2Fv2%2Ftags&post=437650"}],"curies":[{"name":"wp","href":"https:\/\/api.w.org\/{rel}","templated":true}]}}