{"id":437677,"date":"2022-02-11T14:07:49","date_gmt":"2022-02-11T11:07:49","guid":{"rendered":"http:\/\/arantv.az\/?p=437677"},"modified":"2022-02-11T14:07:49","modified_gmt":"2022-02-11T11:07:49","slug":"az%c9%99rbaycanda-d%c9%99hs%c9%99t-dord-usaq-anasi-m%c9%99kt%c9%99bd%c9%99-q%c9%99tl%c9%99-yetirildi-yenil%c9%99nib","status":"publish","type":"post","link":"https:\/\/arantv.az\/?p=437677","title":{"rendered":"Az\u0259rbaycanda D\u018fH\u015e\u018fT: D\u00f6rd u\u015faq anas\u0131 m\u0259kt\u0259bd\u0259 q\u0259tl\u0259 yetirildi &#8211; YEN\u0130L\u018fN\u0130B"},"content":{"rendered":"<p>Fevral\u0131n 11-i \u0130smay\u0131ll\u0131 rayonu Basqal q\u0259s\u0259b\u0259 tam orta m\u0259kt\u0259bin h\u0259y\u0259tind\u0259 1982-ci il t\u0259v\u0259ll\u00fcdl\u00fc G\u00fclar\u0259 Q\u0259hr\u0259manovan\u0131n \u00f6ld\u00fcr\u00fclm\u0259si fakt\u0131 il\u0259 ba\u011fl\u0131 rayon prokurorlu\u011funa m\u0259lumat daxil olub.<\/p>\n<p>\u0130smay\u0131ll\u0131 Rayon Prokurorlu\u011funda apar\u0131lan ara\u015fd\u0131rmalarla z\u0259r\u0259r\u00e7\u0259kmi\u015fin i\u015f yolda\u015f\u0131 1997-ci il t\u0259v\u0259ll\u00fcdl\u00fc B\u0259xtiyar \u018fhm\u0259dli \u015f\u0259xsi m\u00fcnasib\u0259tl\u0259r z\u0259minind\u0259 aralar\u0131nda yaranm\u0131\u015f m\u00fcnaqi\u015f\u0259 zaman\u0131 G\u00fclar\u0259 Q\u0259hr\u0259manovaya b\u0131\u00e7aqla \u00e7oxsayl\u0131 x\u0259sar\u0259tl\u0259r yetirm\u0259kl\u0259 onu q\u0259sd\u0259n \u00f6ld\u00fcrm\u0259sin\u0259 \u0259sasl\u0131 \u015f\u00fcbh\u0259l\u0259r m\u00fc\u0259yy\u0259n edilib.<\/p>\n<p>Faktla ba\u011fl\u0131 \u0130smay\u0131ll\u0131 Rayon Prokurorlu\u011funda Cinay\u0259t M\u0259c\u0259ll\u0259sinin 120.1-ci (q\u0259sd\u0259n adam \u00f6ld\u00fcrm\u0259) madd\u0259si il\u0259 cinay\u0259t i\u015fi ba\u015flan\u0131b.<\/p>\n<p>B\u0259xtiyar \u018fhm\u0259dli \u015f\u00fcbh\u0259li \u015f\u0259xs qismind\u0259 tutularaq istintaqa c\u0259lb edilib.<\/p>\n<p>Haz\u0131rda cinay\u0259t i\u015fi \u00fczr\u0259 istintaq davam edir.<\/p>\n<p><strong>13:24<\/strong><\/p>\n<p>\u0130smay\u0131ll\u0131 rayonunda yerl\u0259\u015f\u0259n m\u0259kt\u0259bl\u0259rd\u0259n birind\u0259 qad\u0131n q\u0259tl\u0259 yetirilib.<\/p>\n<p><strong>ARANTV.AZ<\/strong>-\u0131n m\u0259lumat\u0131na g\u00f6r\u0259, hadis\u0259 Basqal k\u0259nd tam orta m\u0259kt\u0259bind\u0259 qeyd\u0259 al\u0131n\u0131b.<\/p>\n<p>Bel\u0259 ki, 1997-ci il t\u0259v\u0259ll\u00fcdl\u00fc B\u0259xtiyar \u018fhm\u0259dli 1982-ci il t\u0259v\u0259ll\u00fcdl\u00fc G\u00fclar\u0259 Q\u0259hr\u0259manovan\u0131 b\u0131\u00e7aqlay\u0131b.<\/p>\n<p>\u0130lkin m\u0259lumata g\u00f6r\u0259, hadis\u0259 iki \u015f\u0259xs aras\u0131nda ba\u015f ver\u0259n m\u00fcbahis\u0259 n\u0259tic\u0259sind\u0259 olub.<br \/>\nQad\u0131n hadis\u0259 yerind\u0259 v\u0259fat edib.<\/p>\n<p>B.\u018fhm\u0259dli m\u0259kt\u0259bd\u0259 g\u00f6z\u0259t\u00e7i, G.Q\u0259hr\u0259manova is\u0259 texniki i\u015f\u00e7i v\u0259zif\u0259sind\u0259 \u00e7al\u0131\u015f\u0131b.<\/p>\n<p>Q\u0259tli t\u00f6r\u0259d\u0259n \u015f\u0259xs hadis\u0259 yerind\u0259n qa\u00e7\u0131b.<\/p>\n<p>Faktla ba\u011fl\u0131 ara\u015fd\u0131rma apar\u0131l\u0131r.<\/p>\n<p>Qeyd ed\u0259k ki, B.\u018fhm\u0259dli V\u0259t\u0259n m\u00fcharib\u0259si qazisi olub. G.Q\u0259hr\u0259manovan\u0131n is\u0259 d\u00f6rd u\u015fa\u011f\u0131 var.<\/p>\n","protected":false},"excerpt":{"rendered":"<p>Fevral\u0131n 11-i \u0130smay\u0131ll\u0131 rayonu Basqal q\u0259s\u0259b\u0259 tam orta m\u0259kt\u0259bin h\u0259y\u0259tind\u0259 1982-ci il t\u0259v\u0259ll\u00fcdl\u00fc G\u00fclar\u0259 Q\u0259hr\u0259manovan\u0131n \u00f6ld\u00fcr\u00fclm\u0259si fakt\u0131 il\u0259 ba\u011fl\u0131 rayon prokurorlu\u011funa m\u0259lumat daxil olub. \u0130smay\u0131ll\u0131 Rayon Prokurorlu\u011funda apar\u0131lan ara\u015fd\u0131rmalarla z\u0259r\u0259r\u00e7\u0259kmi\u015fin i\u015f yolda\u015f\u0131 1997-ci il t\u0259v\u0259ll\u00fcdl\u00fc B\u0259xtiyar \u018fhm\u0259dli \u015f\u0259xsi m\u00fcnasib\u0259tl\u0259r z\u0259minind\u0259 aralar\u0131nda yaranm\u0131\u015f m\u00fcnaqi\u015f\u0259 zaman\u0131 G\u00fclar\u0259 Q\u0259hr\u0259manovaya b\u0131\u00e7aqla \u00e7oxsayl\u0131 x\u0259sar\u0259tl\u0259r yetirm\u0259kl\u0259 onu q\u0259sd\u0259n \u00f6ld\u00fcrm\u0259sin\u0259 \u0259sasl\u0131 \u015f\u00fcbh\u0259l\u0259r m\u00fc\u0259yy\u0259n edilib. Faktla ba\u011fl\u0131 \u0130smay\u0131ll\u0131 Rayon Prokurorlu\u011funda Cinay\u0259t M\u0259c\u0259ll\u0259sinin 120.1-ci (q\u0259sd\u0259n adam \u00f6ld\u00fcrm\u0259) madd\u0259si il\u0259 cinay\u0259t i\u015fi ba\u015flan\u0131b. B\u0259xtiyar \u018fhm\u0259dli \u015f\u00fcbh\u0259li \u015f\u0259xs qismind\u0259 tutularaq istintaqa c\u0259lb edilib. Haz\u0131rda cinay\u0259t i\u015fi \u00fczr\u0259 istintaq davam edir. 13:24&hellip;<\/p>\n","protected":false},"author":2,"featured_media":437586,"comment_status":"closed","ping_status":"closed","sticky":false,"template":"","format":"standard","meta":{"om_disable_all_campaigns":false,"_monsterinsights_skip_tracking":false,"_monsterinsights_sitenote_active":false,"_monsterinsights_sitenote_note":"","_monsterinsights_sitenote_category":0},"categories":[5],"tags":[],"aioseo_notices":[],"gutentor_comment":0,"rttpg_featured_image_url":{"full":["https:\/\/arantv.az\/wp-content\/uploads\/2022\/02\/1018811.jpg",800,600,false],"landscape":["https:\/\/arantv.az\/wp-content\/uploads\/2022\/02\/1018811.jpg",800,600,false],"portraits":["https:\/\/arantv.az\/wp-content\/uploads\/2022\/02\/1018811.jpg",800,600,false],"thumbnail":["https:\/\/arantv.az\/wp-content\/uploads\/2022\/02\/1018811-500x280.jpg",500,280,true],"medium":["https:\/\/arantv.az\/wp-content\/uploads\/2022\/02\/1018811-487x365.jpg",487,365,true],"large":["https:\/\/arantv.az\/wp-content\/uploads\/2022\/02\/1018811.jpg",640,480,false],"1536x1536":["https:\/\/arantv.az\/wp-content\/uploads\/2022\/02\/1018811.jpg",800,600,false],"2048x2048":["https:\/\/arantv.az\/wp-content\/uploads\/2022\/02\/1018811.jpg",800,600,false],"post-thumbnail":["https:\/\/arantv.az\/wp-content\/uploads\/2022\/02\/1018811-240x172.jpg",240,172,true],"advps-thumb-one":["https:\/\/arantv.az\/wp-content\/uploads\/2022\/02\/1018811.jpg",800,600,false]},"rttpg_author":{"display_name":"V\u00fcsal Rafiqo\u011flu","author_link":"https:\/\/arantv.az\/?author=2"},"rttpg_comment":0,"rttpg_category":"<a href=\"https:\/\/arantv.az\/?cat=5\" rel=\"category\">Hadis\u0259<\/a>","rttpg_excerpt":"Fevral\u0131n 11-i \u0130smay\u0131ll\u0131 rayonu Basqal q\u0259s\u0259b\u0259 tam orta m\u0259kt\u0259bin h\u0259y\u0259tind\u0259 1982-ci il t\u0259v\u0259ll\u00fcdl\u00fc G\u00fclar\u0259 Q\u0259hr\u0259manovan\u0131n \u00f6ld\u00fcr\u00fclm\u0259si fakt\u0131 il\u0259 ba\u011fl\u0131 rayon prokurorlu\u011funa m\u0259lumat daxil olub. \u0130smay\u0131ll\u0131 Rayon Prokurorlu\u011funda apar\u0131lan ara\u015fd\u0131rmalarla z\u0259r\u0259r\u00e7\u0259kmi\u015fin i\u015f yolda\u015f\u0131 1997-ci il t\u0259v\u0259ll\u00fcdl\u00fc B\u0259xtiyar \u018fhm\u0259dli \u015f\u0259xsi m\u00fcnasib\u0259tl\u0259r z\u0259minind\u0259 aralar\u0131nda yaranm\u0131\u015f m\u00fcnaqi\u015f\u0259 zaman\u0131 G\u00fclar\u0259 Q\u0259hr\u0259manovaya b\u0131\u00e7aqla \u00e7oxsayl\u0131 x\u0259sar\u0259tl\u0259r yetirm\u0259kl\u0259 onu q\u0259sd\u0259n \u00f6ld\u00fcrm\u0259sin\u0259 \u0259sasl\u0131 \u015f\u00fcbh\u0259l\u0259r&hellip;","_links":{"self":[{"href":"https:\/\/arantv.az\/index.php?rest_route=\/wp\/v2\/posts\/437677"}],"collection":[{"href":"https:\/\/arantv.az\/index.php?rest_route=\/wp\/v2\/posts"}],"about":[{"href":"https:\/\/arantv.az\/index.php?rest_route=\/wp\/v2\/types\/post"}],"author":[{"embeddable":true,"href":"https:\/\/arantv.az\/index.php?rest_route=\/wp\/v2\/users\/2"}],"replies":[{"embeddable":true,"href":"https:\/\/arantv.az\/index.php?rest_route=%2Fwp%2Fv2%2Fcomments&post=437677"}],"version-history":[{"count":0,"href":"https:\/\/arantv.az\/index.php?rest_route=\/wp\/v2\/posts\/437677\/revisions"}],"wp:featuredmedia":[{"embeddable":true,"href":"https:\/\/arantv.az\/index.php?rest_route=\/wp\/v2\/media\/437586"}],"wp:attachment":[{"href":"https:\/\/arantv.az\/index.php?rest_route=%2Fwp%2Fv2%2Fmedia&parent=437677"}],"wp:term":[{"taxonomy":"category","embeddable":true,"href":"https:\/\/arantv.az\/index.php?rest_route=%2Fwp%2Fv2%2Fcategories&post=437677"},{"taxonomy":"post_tag","embeddable":true,"href":"https:\/\/arantv.az\/index.php?rest_route=%2Fwp%2Fv2%2Ftags&post=437677"}],"curies":[{"name":"wp","href":"https:\/\/api.w.org\/{rel}","templated":true}]}}