{"id":437700,"date":"2022-02-11T15:25:55","date_gmt":"2022-02-11T12:25:55","guid":{"rendered":"http:\/\/arantv.az\/?p=437700"},"modified":"2022-02-11T15:25:55","modified_gmt":"2022-02-11T12:25:55","slug":"m%c9%99kt%c9%99bd%c9%99ki-d%c9%99hs%c9%99tli-q%c9%99tlin-t%c9%99f%c9%99rruati-munasib%c9%99td%c9%99-olublar-yenil%c9%99nib","status":"publish","type":"post","link":"https:\/\/arantv.az\/?p=437700","title":{"rendered":"M\u0259kt\u0259bd\u0259ki d\u0259h\u015f\u0259tli q\u0259tlin t\u0259f\u0259rr\u00fcat\u0131: M\u00fcnasib\u0259td\u0259 olublar &#8211; YEN\u0130L\u018fN\u0130B"},"content":{"rendered":"<p>Bu g\u00fcn \u0130smay\u0131ll\u0131da orta m\u0259kt\u0259bd\u0259 ba\u015f ver\u0259n q\u0259tlin t\u0259f\u0259rr\u00fcat\u0131 m\u0259lum olub.<\/p>\n<p>\u201cKriminalqafqaz\u201d cinay\u0259ti t\u00f6r\u0259tm\u0259kd\u0259 \u015f\u00fcbh\u0259li bilin\u0259n m\u0259kt\u0259bin g\u00f6z\u0259t\u00e7isi, 25 ya\u015fl\u0131 B\u0259xtiyar \u018fhm\u0259dlinin \u015f\u0259klini \u0259ld\u0259 edib.<\/p>\n<div class=\"AdviadNativeVideo\"><\/div>\n<p>M\u0259lumata g\u00f6r\u0259, B.\u018fhm\u0259dlinin i\u015f yolda\u015f\u0131 olan xadim\u0259, 40 ya\u015fl\u0131 G\u00fclar\u0259 Q\u0259hr\u0259manova il\u0259 m\u00fcnasib\u0259tl\u0259ri olub. Buna g\u00f6r\u0259 d\u00fcn\u0259n G\u00fclar\u0259nin ail\u0259 \u00fczvl\u0259ri B\u0259xtiyarla dan\u0131\u015faraq ona bu m\u00fcnasib\u0259tl\u0259rd\u0259n m\u0259lumatl\u0131 olduqlar\u0131n\u0131 deyibl\u0259r. Onlar B\u0259xtiyara k\u0259ndd\u0259 art\u0131q s\u00f6z-s\u00f6hb\u0259tin yay\u0131ld\u0131\u011f\u0131n\u0131n v\u0259 bunu aradan qald\u0131rmaq \u00fc\u00e7\u00fcn onun k\u0259ndd\u0259n \u00e7\u0131xmal\u0131 oldu\u011funu deyibl\u0259r. Buna \u0259s\u0259bil\u0259\u015f\u0259n B\u0259xtiyar bu g\u00fcn m\u0259kt\u0259bd\u0259 G\u00fclar\u0259 il\u0259 m\u00fcbahis\u0259 edib v\u0259 onu q\u0259tl\u0259 yetirib.<\/p>\n<p>Qeyd ed\u0259k ki, d\u00f6rd u\u015faq anas\u0131 olan G\u00fclar\u0259 ald\u0131\u011f\u0131 x\u0259sar\u0259tl\u0259r n\u0259tic\u0259sind\u0259 qan itirib v\u0259 hadis\u0259 yerind\u0259 \u00f6l\u00fcb. B.\u018fhm\u0259dli q\u0259tli t\u00f6r\u0259tdikd\u0259n sonra hadis\u0259 yerind\u0259n qa\u00e7sa da, sonradan saxlan\u0131l\u0131b.<\/p>\n<p>M\u0259lumata g\u00f6r\u0259, B\u0259xtiyar \u018fhm\u0259dli V\u0259t\u0259n m\u00fcharib\u0259si i\u015ftirak\u00e7\u0131s\u0131 olub. O, m\u00fcharib\u0259d\u0259 i\u015ftirak\u0131na g\u00f6r\u0259 4 medalla m\u00fckafatland\u0131r\u0131l\u0131b. Onlardan ikisi F\u00fczulinin v\u0259 \u015eu\u015fan\u0131n azad olunmas\u0131na g\u00f6r\u0259 verilib.<\/p>\n<p><strong>15:03<\/strong><\/p>\n<p>Fevral\u0131n 11-i \u0130smay\u0131ll\u0131 rayonu Basqal q\u0259s\u0259b\u0259 tam orta m\u0259kt\u0259bin h\u0259y\u0259tind\u0259 1982-ci il t\u0259v\u0259ll\u00fcdl\u00fc G\u00fclar\u0259 Q\u0259hr\u0259manovan\u0131n \u00f6ld\u00fcr\u00fclm\u0259si fakt\u0131 il\u0259 ba\u011fl\u0131 rayon prokurorlu\u011funa m\u0259lumat daxil olub.<\/p>\n<p>\u0130smay\u0131ll\u0131 Rayon Prokurorlu\u011funda apar\u0131lan ara\u015fd\u0131rmalarla z\u0259r\u0259r\u00e7\u0259kmi\u015fin i\u015f yolda\u015f\u0131 1997-ci il t\u0259v\u0259ll\u00fcdl\u00fc B\u0259xtiyar \u018fhm\u0259dli \u015f\u0259xsi m\u00fcnasib\u0259tl\u0259r z\u0259minind\u0259 aralar\u0131nda yaranm\u0131\u015f m\u00fcnaqi\u015f\u0259 zaman\u0131 G\u00fclar\u0259 Q\u0259hr\u0259manovaya b\u0131\u00e7aqla \u00e7oxsayl\u0131 x\u0259sar\u0259tl\u0259r yetirm\u0259kl\u0259 onu q\u0259sd\u0259n \u00f6ld\u00fcrm\u0259sin\u0259 \u0259sasl\u0131 \u015f\u00fcbh\u0259l\u0259r m\u00fc\u0259yy\u0259n edilib.<\/p>\n<p>Faktla ba\u011fl\u0131 \u0130smay\u0131ll\u0131 Rayon Prokurorlu\u011funda Cinay\u0259t M\u0259c\u0259ll\u0259sinin 120.1-ci (q\u0259sd\u0259n adam \u00f6ld\u00fcrm\u0259) madd\u0259si il\u0259 cinay\u0259t i\u015fi ba\u015flan\u0131b.<\/p>\n<p>B\u0259xtiyar \u018fhm\u0259dli \u015f\u00fcbh\u0259li \u015f\u0259xs qismind\u0259 tutularaq istintaqa c\u0259lb edilib.<\/p>\n<p>Haz\u0131rda cinay\u0259t i\u015fi \u00fczr\u0259 istintaq davam edir.<\/p>\n<p><strong>13:24<\/strong><\/p>\n<p>\u0130smay\u0131ll\u0131 rayonunda yerl\u0259\u015f\u0259n m\u0259kt\u0259bl\u0259rd\u0259n birind\u0259 qad\u0131n q\u0259tl\u0259 yetirilib.<\/p>\n<p><strong>ARANTV.AZ<\/strong>-\u0131n m\u0259lumat\u0131na g\u00f6r\u0259, hadis\u0259 Basqal k\u0259nd tam orta m\u0259kt\u0259bind\u0259 qeyd\u0259 al\u0131n\u0131b.<\/p>\n<p>Bel\u0259 ki, 1997-ci il t\u0259v\u0259ll\u00fcdl\u00fc B\u0259xtiyar \u018fhm\u0259dli 1982-ci il t\u0259v\u0259ll\u00fcdl\u00fc G\u00fclar\u0259 Q\u0259hr\u0259manovan\u0131 b\u0131\u00e7aqlay\u0131b.<\/p>\n<p>\u0130lkin m\u0259lumata g\u00f6r\u0259, hadis\u0259 iki \u015f\u0259xs aras\u0131nda ba\u015f ver\u0259n m\u00fcbahis\u0259 n\u0259tic\u0259sind\u0259 olub.<br \/>\nQad\u0131n hadis\u0259 yerind\u0259 v\u0259fat edib.<\/p>\n<p>B.\u018fhm\u0259dli m\u0259kt\u0259bd\u0259 g\u00f6z\u0259t\u00e7i, G.Q\u0259hr\u0259manova is\u0259 texniki i\u015f\u00e7i v\u0259zif\u0259sind\u0259 \u00e7al\u0131\u015f\u0131b.<\/p>\n<p>Q\u0259tli t\u00f6r\u0259d\u0259n \u015f\u0259xs hadis\u0259 yerind\u0259n qa\u00e7\u0131b.<\/p>\n<p>Faktla ba\u011fl\u0131 ara\u015fd\u0131rma apar\u0131l\u0131r.<\/p>\n<p>Qeyd ed\u0259k ki, B.\u018fhm\u0259dli V\u0259t\u0259n m\u00fcharib\u0259si qazisi olub. G.Q\u0259hr\u0259manovan\u0131n is\u0259 d\u00f6rd u\u015fa\u011f\u0131 var.<\/p>\n","protected":false},"excerpt":{"rendered":"<p>Bu g\u00fcn \u0130smay\u0131ll\u0131da orta m\u0259kt\u0259bd\u0259 ba\u015f ver\u0259n q\u0259tlin t\u0259f\u0259rr\u00fcat\u0131 m\u0259lum olub. \u201cKriminalqafqaz\u201d cinay\u0259ti t\u00f6r\u0259tm\u0259kd\u0259 \u015f\u00fcbh\u0259li bilin\u0259n m\u0259kt\u0259bin g\u00f6z\u0259t\u00e7isi, 25 ya\u015fl\u0131 B\u0259xtiyar \u018fhm\u0259dlinin \u015f\u0259klini \u0259ld\u0259 edib. M\u0259lumata g\u00f6r\u0259, B.\u018fhm\u0259dlinin i\u015f yolda\u015f\u0131 olan xadim\u0259, 40 ya\u015fl\u0131 G\u00fclar\u0259 Q\u0259hr\u0259manova il\u0259 m\u00fcnasib\u0259tl\u0259ri olub. Buna g\u00f6r\u0259 d\u00fcn\u0259n G\u00fclar\u0259nin ail\u0259 \u00fczvl\u0259ri B\u0259xtiyarla dan\u0131\u015faraq ona bu m\u00fcnasib\u0259tl\u0259rd\u0259n m\u0259lumatl\u0131 olduqlar\u0131n\u0131 deyibl\u0259r. Onlar B\u0259xtiyara k\u0259ndd\u0259 art\u0131q s\u00f6z-s\u00f6hb\u0259tin yay\u0131ld\u0131\u011f\u0131n\u0131n v\u0259 bunu aradan qald\u0131rmaq \u00fc\u00e7\u00fcn onun k\u0259ndd\u0259n \u00e7\u0131xmal\u0131 oldu\u011funu deyibl\u0259r. Buna \u0259s\u0259bil\u0259\u015f\u0259n B\u0259xtiyar bu g\u00fcn m\u0259kt\u0259bd\u0259 G\u00fclar\u0259 il\u0259 m\u00fcbahis\u0259 edib v\u0259 onu q\u0259tl\u0259 yetirib. Qeyd ed\u0259k ki, d\u00f6rd u\u015faq anas\u0131 olan&hellip;<\/p>\n","protected":false},"author":2,"featured_media":437701,"comment_status":"closed","ping_status":"closed","sticky":false,"template":"","format":"standard","meta":{"om_disable_all_campaigns":false,"_monsterinsights_skip_tracking":false,"_monsterinsights_sitenote_active":false,"_monsterinsights_sitenote_note":"","_monsterinsights_sitenote_category":0},"categories":[1],"tags":[],"aioseo_notices":[],"gutentor_comment":0,"rttpg_featured_image_url":{"full":["https:\/\/arantv.az\/wp-content\/uploads\/2022\/02\/2f73d9f3-5b03-4660-9da4-2a4dae28f8a2.jpg",620,413,false],"landscape":["https:\/\/arantv.az\/wp-content\/uploads\/2022\/02\/2f73d9f3-5b03-4660-9da4-2a4dae28f8a2.jpg",620,413,false],"portraits":["https:\/\/arantv.az\/wp-content\/uploads\/2022\/02\/2f73d9f3-5b03-4660-9da4-2a4dae28f8a2.jpg",620,413,false],"thumbnail":["https:\/\/arantv.az\/wp-content\/uploads\/2022\/02\/2f73d9f3-5b03-4660-9da4-2a4dae28f8a2-500x280.jpg",500,280,true],"medium":["https:\/\/arantv.az\/wp-content\/uploads\/2022\/02\/2f73d9f3-5b03-4660-9da4-2a4dae28f8a2-548x365.jpg",548,365,true],"large":["https:\/\/arantv.az\/wp-content\/uploads\/2022\/02\/2f73d9f3-5b03-4660-9da4-2a4dae28f8a2.jpg",620,413,false],"1536x1536":["https:\/\/arantv.az\/wp-content\/uploads\/2022\/02\/2f73d9f3-5b03-4660-9da4-2a4dae28f8a2.jpg",620,413,false],"2048x2048":["https:\/\/arantv.az\/wp-content\/uploads\/2022\/02\/2f73d9f3-5b03-4660-9da4-2a4dae28f8a2.jpg",620,413,false],"post-thumbnail":["https:\/\/arantv.az\/wp-content\/uploads\/2022\/02\/2f73d9f3-5b03-4660-9da4-2a4dae28f8a2-240x172.jpg",240,172,true],"advps-thumb-one":["https:\/\/arantv.az\/wp-content\/uploads\/2022\/02\/2f73d9f3-5b03-4660-9da4-2a4dae28f8a2.jpg",620,413,false]},"rttpg_author":{"display_name":"V\u00fcsal Rafiqo\u011flu","author_link":"https:\/\/arantv.az\/?author=2"},"rttpg_comment":0,"rttpg_category":"<a href=\"https:\/\/arantv.az\/?cat=1\" rel=\"category\">C\u0259miyy\u0259t<\/a>","rttpg_excerpt":"Bu g\u00fcn \u0130smay\u0131ll\u0131da orta m\u0259kt\u0259bd\u0259 ba\u015f ver\u0259n q\u0259tlin t\u0259f\u0259rr\u00fcat\u0131 m\u0259lum olub. \u201cKriminalqafqaz\u201d cinay\u0259ti t\u00f6r\u0259tm\u0259kd\u0259 \u015f\u00fcbh\u0259li bilin\u0259n m\u0259kt\u0259bin g\u00f6z\u0259t\u00e7isi, 25 ya\u015fl\u0131 B\u0259xtiyar \u018fhm\u0259dlinin \u015f\u0259klini \u0259ld\u0259 edib. M\u0259lumata g\u00f6r\u0259, B.\u018fhm\u0259dlinin i\u015f yolda\u015f\u0131 olan xadim\u0259, 40 ya\u015fl\u0131 G\u00fclar\u0259 Q\u0259hr\u0259manova il\u0259 m\u00fcnasib\u0259tl\u0259ri olub. Buna g\u00f6r\u0259 d\u00fcn\u0259n G\u00fclar\u0259nin ail\u0259 \u00fczvl\u0259ri B\u0259xtiyarla dan\u0131\u015faraq ona bu m\u00fcnasib\u0259tl\u0259rd\u0259n m\u0259lumatl\u0131 olduqlar\u0131n\u0131 deyibl\u0259r. Onlar B\u0259xtiyara&hellip;","_links":{"self":[{"href":"https:\/\/arantv.az\/index.php?rest_route=\/wp\/v2\/posts\/437700"}],"collection":[{"href":"https:\/\/arantv.az\/index.php?rest_route=\/wp\/v2\/posts"}],"about":[{"href":"https:\/\/arantv.az\/index.php?rest_route=\/wp\/v2\/types\/post"}],"author":[{"embeddable":true,"href":"https:\/\/arantv.az\/index.php?rest_route=\/wp\/v2\/users\/2"}],"replies":[{"embeddable":true,"href":"https:\/\/arantv.az\/index.php?rest_route=%2Fwp%2Fv2%2Fcomments&post=437700"}],"version-history":[{"count":0,"href":"https:\/\/arantv.az\/index.php?rest_route=\/wp\/v2\/posts\/437700\/revisions"}],"wp:featuredmedia":[{"embeddable":true,"href":"https:\/\/arantv.az\/index.php?rest_route=\/wp\/v2\/media\/437701"}],"wp:attachment":[{"href":"https:\/\/arantv.az\/index.php?rest_route=%2Fwp%2Fv2%2Fmedia&parent=437700"}],"wp:term":[{"taxonomy":"category","embeddable":true,"href":"https:\/\/arantv.az\/index.php?rest_route=%2Fwp%2Fv2%2Fcategories&post=437700"},{"taxonomy":"post_tag","embeddable":true,"href":"https:\/\/arantv.az\/index.php?rest_route=%2Fwp%2Fv2%2Ftags&post=437700"}],"curies":[{"name":"wp","href":"https:\/\/api.w.org\/{rel}","templated":true}]}}