{"id":437705,"date":"2022-02-11T15:28:58","date_gmt":"2022-02-11T12:28:58","guid":{"rendered":"http:\/\/arantv.az\/?p=437705"},"modified":"2022-02-11T15:28:58","modified_gmt":"2022-02-11T12:28:58","slug":"%c9%99m%c9%99k-m%c9%99c%c9%99ll%c9%99sind%c9%99-yenilik-muharib%c9%99-veteranlarina-guz%c9%99stl%c9%99rl%c9%99-bagli-d%c9%99yisiklikl%c9%99r-hazirlanib","status":"publish","type":"post","link":"https:\/\/arantv.az\/?p=437705","title":{"rendered":"\u018fm\u0259k M\u0259c\u0259ll\u0259sind\u0259 YEN\u0130L\u0130K &#8211; M\u00fcharib\u0259 veteranlar\u0131na g\u00fcz\u0259\u015ftl\u0259rl\u0259 ba\u011fl\u0131 d\u0259yi\u015fiklikl\u0259r haz\u0131rlan\u0131b"},"content":{"rendered":"<p>\u018fm\u0259k M\u0259c\u0259ll\u0259sind\u0259 m\u00fcharib\u0259 veteranlar\u0131na m\u00fc\u0259yy\u0259n g\u00fcz\u0259\u015ftl\u0259rin edilm\u0259si \u00fc\u00e7\u00fcn bir s\u0131ra d\u0259yi\u015fiklikl\u0259r t\u0259klif edilib.<\/p>\n<div class=\"AdviadNativeVideo\"><\/div>\n<p><strong>ARANTV.AZ\u00a0 <\/strong>x\u0259b\u0259r verir ki, bunu D\u00f6vl\u0259t \u018fm\u0259k M\u00fcf\u0259tti\u015fliyi Xidm\u0259tinin r\u0259isi Fuad Heyd\u0259rov \u201cFacebook\u201dda yay\u0131mlanan \u201cSosial saat\u201dda deyib.<\/p>\n<p>O bildirib ki, M\u0259c\u0259ll\u0259d\u0259 veteranlar \u00fc\u00e7\u00fcn b\u0259zi imtiyazlar da n\u0259z\u0259rd\u0259 tutulur:<\/p>\n<p>\u201c\u0130\u015f\u0259g\u00f6t\u00fcr\u0259nl\u0259r ixtisar zaman\u0131 eyni pe\u015f\u0259 x\u00fcsusiyy\u0259tl\u0259rin\u0259 malik \u015f\u0259xsl\u0259rin se\u00e7imi zaman\u0131 m\u00fcharib\u0259 i\u015ftirak\u00e7\u0131lar\u0131na \u00fcst\u00fcnl\u00fck verm\u0259lidir. Eyni zamanda \u00f6d\u0259ni\u015fsiz m\u0259zuniyy\u0259tin verilm\u0259li oldu\u011fu hallar da m\u00fc\u0259yy\u0259n edilib. Bilirik ki, \u0259m\u0259k m\u0259zuniyy\u0259tind\u0259n istifad\u0259 n\u00f6vb\u0259lilik prinsipi il\u0259 olur. Lakin \u018fm\u0259k M\u0259c\u0259ll\u0259sinin 130-cu madd\u0259sind\u0259 m\u00fcharib\u0259 veteranlar\u0131na m\u0259zuniyy\u0259tin verilm\u0259sinin n\u00f6vb\u0259d\u0259nk\u0259nar olmas\u0131 h\u00fcququ m\u00fc\u0259yy\u0259n edilib. \u201cVeteranlar haqq\u0131nda\u201d\u00a0qanunun 3-c\u00fc madd\u0259sind\u0259 \u201cm\u00fcharib\u0259 veteran\u0131\u201d\u00a0anlay\u0131\u015f\u0131 verilib. H\u0259min anlay\u0131\u015fa \u0259sas\u0259n, kiml\u0259r ki m\u00fcharib\u0259 veteran\u0131 say\u0131l\u0131r,\u00a0bu g\u00fcz\u0259\u015ftl\u0259r onlar\u0131n h\u0259r birin\u0259\u00a0\u015famil edil\u0259c\u0259k\u201d.<\/p>\n","protected":false},"excerpt":{"rendered":"<p>\u018fm\u0259k M\u0259c\u0259ll\u0259sind\u0259 m\u00fcharib\u0259 veteranlar\u0131na m\u00fc\u0259yy\u0259n g\u00fcz\u0259\u015ftl\u0259rin edilm\u0259si \u00fc\u00e7\u00fcn bir s\u0131ra d\u0259yi\u015fiklikl\u0259r t\u0259klif edilib. ARANTV.AZ\u00a0 x\u0259b\u0259r verir ki, bunu D\u00f6vl\u0259t \u018fm\u0259k M\u00fcf\u0259tti\u015fliyi Xidm\u0259tinin r\u0259isi Fuad Heyd\u0259rov \u201cFacebook\u201dda yay\u0131mlanan \u201cSosial saat\u201dda deyib. O bildirib ki, M\u0259c\u0259ll\u0259d\u0259 veteranlar \u00fc\u00e7\u00fcn b\u0259zi imtiyazlar da n\u0259z\u0259rd\u0259 tutulur: \u201c\u0130\u015f\u0259g\u00f6t\u00fcr\u0259nl\u0259r ixtisar zaman\u0131 eyni pe\u015f\u0259 x\u00fcsusiyy\u0259tl\u0259rin\u0259 malik \u015f\u0259xsl\u0259rin se\u00e7imi zaman\u0131 m\u00fcharib\u0259 i\u015ftirak\u00e7\u0131lar\u0131na \u00fcst\u00fcnl\u00fck verm\u0259lidir. Eyni zamanda \u00f6d\u0259ni\u015fsiz m\u0259zuniyy\u0259tin verilm\u0259li oldu\u011fu hallar da m\u00fc\u0259yy\u0259n edilib. Bilirik ki, \u0259m\u0259k m\u0259zuniyy\u0259tind\u0259n istifad\u0259 n\u00f6vb\u0259lilik prinsipi il\u0259 olur. Lakin \u018fm\u0259k M\u0259c\u0259ll\u0259sinin 130-cu madd\u0259sind\u0259 m\u00fcharib\u0259 veteranlar\u0131na m\u0259zuniyy\u0259tin verilm\u0259sinin n\u00f6vb\u0259d\u0259nk\u0259nar olmas\u0131 h\u00fcququ m\u00fc\u0259yy\u0259n edilib. \u201cVeteranlar haqq\u0131nda\u201d\u00a0qanunun&hellip;<\/p>\n","protected":false},"author":2,"featured_media":37718,"comment_status":"closed","ping_status":"closed","sticky":false,"template":"","format":"standard","meta":{"om_disable_all_campaigns":false,"_monsterinsights_skip_tracking":false,"_monsterinsights_sitenote_active":false,"_monsterinsights_sitenote_note":"","_monsterinsights_sitenote_category":0},"categories":[1],"tags":[],"aioseo_notices":[],"gutentor_comment":0,"rttpg_featured_image_url":{"full":["https:\/\/arantv.az\/wp-content\/uploads\/2019\/02\/herbixidmet.jpg",620,375,false],"landscape":["https:\/\/arantv.az\/wp-content\/uploads\/2019\/02\/herbixidmet.jpg",620,375,false],"portraits":["https:\/\/arantv.az\/wp-content\/uploads\/2019\/02\/herbixidmet.jpg",620,375,false],"thumbnail":["https:\/\/arantv.az\/wp-content\/uploads\/2019\/02\/herbixidmet-150x150.jpg",150,150,true],"medium":["https:\/\/arantv.az\/wp-content\/uploads\/2019\/02\/herbixidmet-300x181.jpg",300,181,true],"large":["https:\/\/arantv.az\/wp-content\/uploads\/2019\/02\/herbixidmet.jpg",620,375,false],"1536x1536":["https:\/\/arantv.az\/wp-content\/uploads\/2019\/02\/herbixidmet.jpg",620,375,false],"2048x2048":["https:\/\/arantv.az\/wp-content\/uploads\/2019\/02\/herbixidmet.jpg",620,375,false],"post-thumbnail":["https:\/\/arantv.az\/wp-content\/uploads\/2019\/02\/herbixidmet-240x172.jpg",240,172,true],"advps-thumb-one":["https:\/\/arantv.az\/wp-content\/uploads\/2019\/02\/herbixidmet.jpg",620,375,false]},"rttpg_author":{"display_name":"V\u00fcsal Rafiqo\u011flu","author_link":"https:\/\/arantv.az\/?author=2"},"rttpg_comment":0,"rttpg_category":"<a href=\"https:\/\/arantv.az\/?cat=1\" rel=\"category\">C\u0259miyy\u0259t<\/a>","rttpg_excerpt":"\u018fm\u0259k M\u0259c\u0259ll\u0259sind\u0259 m\u00fcharib\u0259 veteranlar\u0131na m\u00fc\u0259yy\u0259n g\u00fcz\u0259\u015ftl\u0259rin edilm\u0259si \u00fc\u00e7\u00fcn bir s\u0131ra d\u0259yi\u015fiklikl\u0259r t\u0259klif edilib. ARANTV.AZ\u00a0 x\u0259b\u0259r verir ki, bunu D\u00f6vl\u0259t \u018fm\u0259k M\u00fcf\u0259tti\u015fliyi Xidm\u0259tinin r\u0259isi Fuad Heyd\u0259rov \u201cFacebook\u201dda yay\u0131mlanan \u201cSosial saat\u201dda deyib. O bildirib ki, M\u0259c\u0259ll\u0259d\u0259 veteranlar \u00fc\u00e7\u00fcn b\u0259zi imtiyazlar da n\u0259z\u0259rd\u0259 tutulur: \u201c\u0130\u015f\u0259g\u00f6t\u00fcr\u0259nl\u0259r ixtisar zaman\u0131 eyni pe\u015f\u0259 x\u00fcsusiyy\u0259tl\u0259rin\u0259 malik \u015f\u0259xsl\u0259rin se\u00e7imi zaman\u0131 m\u00fcharib\u0259 i\u015ftirak\u00e7\u0131lar\u0131na \u00fcst\u00fcnl\u00fck verm\u0259lidir.&hellip;","_links":{"self":[{"href":"https:\/\/arantv.az\/index.php?rest_route=\/wp\/v2\/posts\/437705"}],"collection":[{"href":"https:\/\/arantv.az\/index.php?rest_route=\/wp\/v2\/posts"}],"about":[{"href":"https:\/\/arantv.az\/index.php?rest_route=\/wp\/v2\/types\/post"}],"author":[{"embeddable":true,"href":"https:\/\/arantv.az\/index.php?rest_route=\/wp\/v2\/users\/2"}],"replies":[{"embeddable":true,"href":"https:\/\/arantv.az\/index.php?rest_route=%2Fwp%2Fv2%2Fcomments&post=437705"}],"version-history":[{"count":0,"href":"https:\/\/arantv.az\/index.php?rest_route=\/wp\/v2\/posts\/437705\/revisions"}],"wp:featuredmedia":[{"embeddable":true,"href":"https:\/\/arantv.az\/index.php?rest_route=\/wp\/v2\/media\/37718"}],"wp:attachment":[{"href":"https:\/\/arantv.az\/index.php?rest_route=%2Fwp%2Fv2%2Fmedia&parent=437705"}],"wp:term":[{"taxonomy":"category","embeddable":true,"href":"https:\/\/arantv.az\/index.php?rest_route=%2Fwp%2Fv2%2Fcategories&post=437705"},{"taxonomy":"post_tag","embeddable":true,"href":"https:\/\/arantv.az\/index.php?rest_route=%2Fwp%2Fv2%2Ftags&post=437705"}],"curies":[{"name":"wp","href":"https:\/\/api.w.org\/{rel}","templated":true}]}}