{"id":437707,"date":"2022-02-11T15:30:17","date_gmt":"2022-02-11T12:30:17","guid":{"rendered":"http:\/\/arantv.az\/?p=437707"},"modified":"2022-02-11T15:30:17","modified_gmt":"2022-02-11T12:30:17","slug":"fevralin-15-d%c9%99n-s%c9%99rt-karantin-olacaq-nazird%c9%99n-aciqlama","status":"publish","type":"post","link":"https:\/\/arantv.az\/?p=437707","title":{"rendered":"Fevral\u0131n 15-d\u0259n s\u0259rt karantin olacaq? &#8211; Nazird\u0259n a\u00e7\u0131qlama"},"content":{"rendered":"<p>&#8220;Bu g\u00fcn h\u0259r hans\u0131 m\u0259hdudla\u015fd\u0131r\u0131c\u0131 add\u0131mlar\u0131n at\u0131lmas\u0131na z\u0259ruriyy\u0259t yoxdur. Lakin s\u0259rt karantin rejiminin olmas\u0131 x\u0259st\u0259liyin gedi\u015fat\u0131, yoluxma say\u0131 v\u0259 x\u0259st\u0259xanaya yerl\u0259\u015fdirm\u0259 il\u0259 \u0259laq\u0259li v\u0259ziyy\u0259td\u0259n as\u0131l\u0131 ola bil\u0259r&#8221;.<br \/>\n<strong>ARANTV.AZ<\/strong> \u00a0<a title=\"xeberler son xeberler 2021\" href=\"https:\/\/big.az\/\" target=\"_blank\" rel=\"noopener\">x\u0259b\u0259r<\/a>\u00a0verir ki, bunu s\u0259hiyy\u0259 naziri Teymur Musayev d\u00fcn\u0259n ke\u00e7irdiyi brifinqd\u0259 deyib.<\/p>\n<p>O qeyd edib ki, haz\u0131rda pandemiya il\u0259 \u0259laq\u0259li istifad\u0259d\u0259 olan \u00fcmumi \u00e7arpay\u0131 fondunun 20 %-i, reanimasiya \u00fczr\u0259 is\u0259 bu g\u00f6st\u0259rici c\u0259mi 10 % t\u0259\u015fkil edir:<\/p>\n<p>&#8220;\u00dcmumilikd\u0259 is\u0259 v\u0259ziyy\u0259t q\u0259na\u0259tb\u0259x\u015fdir. N\u0259z\u0259r\u0259 almaq laz\u0131md\u0131r ki, &#8220;Omikron&#8221; \u015ftam\u0131na yoluxan insanlar x\u0259st\u0259liyi daha y\u00fcng\u00fcl ke\u00e7irir. Bu m\u0259lumat iki doza alan v\u0259t\u0259nda\u015flara aiddir. Peyv\u0259nd olunmayanlarda x\u0259st\u0259lik ciddi f\u0259sadlar t\u00f6r\u0259d\u0259 bilir. Art\u0131q bir ne\u00e7\u0259 \u015f\u0259xs reanimasiyaya yerl\u0259\u015fdirilib. \u0130nsanlar reall\u0131\u011f\u0131 oldu\u011fu kimi q\u0259bul etm\u0259lidir&#8221;.<\/p>\n<div class=\"AdviadNativeVideo\"><\/div>\n<p>Nazir xat\u0131rlad\u0131b ki, fevral\u0131n 15-d\u0259n sonra iki doza vaksin alan v\u0259 vaksinl\u0259rin vurulmas\u0131ndan 6 ay ke\u00e7\u0259n \u015f\u0259xsl\u0259rin peyv\u0259nd sertifikatlar\u0131 etibars\u0131z say\u0131lacaq:<\/p>\n<p>&#8220;Bunu \u0259sas tutaraq h\u0259r bir az v\u0259t\u0259nda\u015f\u0131 buster dozan\u0131 q\u0259bul etm\u0259y\u0259 s\u0259sl\u0259yir\u0259m. Kim iki doza q\u0259bul edibs\u0259 immun sisteml\u0259rini g\u00fccl\u0259ndirm\u0259k \u00fc\u00e7\u00fcn buster dozan\u0131 vurdurmal\u0131d\u0131r&#8221;.<\/p>\n<p>AZXEBER.COM xat\u0131rlad\u0131r ki, sosial \u015f\u0259b\u0259k\u0259l\u0259rd\u0259 fevral\u0131n 15-d\u0259n etibar\u0259n Az\u0259rbaycanda s\u0259rt karantinin t\u0259tbiq olunaca\u011f\u0131 il\u0259 ba\u011fl\u0131 x\u0259b\u0259rl\u0259r h\u0259qiq\u0259t\u0259 uy\u011fun deyil.<\/p>\n","protected":false},"excerpt":{"rendered":"<p>&#8220;Bu g\u00fcn h\u0259r hans\u0131 m\u0259hdudla\u015fd\u0131r\u0131c\u0131 add\u0131mlar\u0131n at\u0131lmas\u0131na z\u0259ruriyy\u0259t yoxdur. Lakin s\u0259rt karantin rejiminin olmas\u0131 x\u0259st\u0259liyin gedi\u015fat\u0131, yoluxma say\u0131 v\u0259 x\u0259st\u0259xanaya yerl\u0259\u015fdirm\u0259 il\u0259 \u0259laq\u0259li v\u0259ziyy\u0259td\u0259n as\u0131l\u0131 ola bil\u0259r&#8221;. ARANTV.AZ \u00a0x\u0259b\u0259r\u00a0verir ki, bunu s\u0259hiyy\u0259 naziri Teymur Musayev d\u00fcn\u0259n ke\u00e7irdiyi brifinqd\u0259 deyib. O qeyd edib ki, haz\u0131rda pandemiya il\u0259 \u0259laq\u0259li istifad\u0259d\u0259 olan \u00fcmumi \u00e7arpay\u0131 fondunun 20 %-i, reanimasiya \u00fczr\u0259 is\u0259 bu g\u00f6st\u0259rici c\u0259mi 10 % t\u0259\u015fkil edir: &#8220;\u00dcmumilikd\u0259 is\u0259 v\u0259ziyy\u0259t q\u0259na\u0259tb\u0259x\u015fdir. N\u0259z\u0259r\u0259 almaq laz\u0131md\u0131r ki, &#8220;Omikron&#8221; \u015ftam\u0131na yoluxan insanlar x\u0259st\u0259liyi daha y\u00fcng\u00fcl ke\u00e7irir. Bu m\u0259lumat iki doza alan v\u0259t\u0259nda\u015flara aiddir. Peyv\u0259nd olunmayanlarda x\u0259st\u0259lik&hellip;<\/p>\n","protected":false},"author":2,"featured_media":437708,"comment_status":"closed","ping_status":"closed","sticky":false,"template":"","format":"standard","meta":{"om_disable_all_campaigns":false,"_monsterinsights_skip_tracking":false,"_monsterinsights_sitenote_active":false,"_monsterinsights_sitenote_note":"","_monsterinsights_sitenote_category":0},"categories":[1],"tags":[],"aioseo_notices":[],"gutentor_comment":0,"rttpg_featured_image_url":{"full":["https:\/\/arantv.az\/wp-content\/uploads\/2022\/02\/fevral_91644581217.jpg",650,433,false],"landscape":["https:\/\/arantv.az\/wp-content\/uploads\/2022\/02\/fevral_91644581217.jpg",650,433,false],"portraits":["https:\/\/arantv.az\/wp-content\/uploads\/2022\/02\/fevral_91644581217.jpg",650,433,false],"thumbnail":["https:\/\/arantv.az\/wp-content\/uploads\/2022\/02\/fevral_91644581217-500x280.jpg",500,280,true],"medium":["https:\/\/arantv.az\/wp-content\/uploads\/2022\/02\/fevral_91644581217-548x365.jpg",548,365,true],"large":["https:\/\/arantv.az\/wp-content\/uploads\/2022\/02\/fevral_91644581217.jpg",640,426,false],"1536x1536":["https:\/\/arantv.az\/wp-content\/uploads\/2022\/02\/fevral_91644581217.jpg",650,433,false],"2048x2048":["https:\/\/arantv.az\/wp-content\/uploads\/2022\/02\/fevral_91644581217.jpg",650,433,false],"post-thumbnail":["https:\/\/arantv.az\/wp-content\/uploads\/2022\/02\/fevral_91644581217-240x172.jpg",240,172,true],"advps-thumb-one":["https:\/\/arantv.az\/wp-content\/uploads\/2022\/02\/fevral_91644581217.jpg",650,433,false]},"rttpg_author":{"display_name":"V\u00fcsal Rafiqo\u011flu","author_link":"https:\/\/arantv.az\/?author=2"},"rttpg_comment":0,"rttpg_category":"<a href=\"https:\/\/arantv.az\/?cat=1\" rel=\"category\">C\u0259miyy\u0259t<\/a>","rttpg_excerpt":"&#8220;Bu g\u00fcn h\u0259r hans\u0131 m\u0259hdudla\u015fd\u0131r\u0131c\u0131 add\u0131mlar\u0131n at\u0131lmas\u0131na z\u0259ruriyy\u0259t yoxdur. Lakin s\u0259rt karantin rejiminin olmas\u0131 x\u0259st\u0259liyin gedi\u015fat\u0131, yoluxma say\u0131 v\u0259 x\u0259st\u0259xanaya yerl\u0259\u015fdirm\u0259 il\u0259 \u0259laq\u0259li v\u0259ziyy\u0259td\u0259n as\u0131l\u0131 ola bil\u0259r&#8221;. ARANTV.AZ \u00a0x\u0259b\u0259r\u00a0verir ki, bunu s\u0259hiyy\u0259 naziri Teymur Musayev d\u00fcn\u0259n ke\u00e7irdiyi brifinqd\u0259 deyib. O qeyd edib ki, haz\u0131rda pandemiya il\u0259 \u0259laq\u0259li istifad\u0259d\u0259 olan \u00fcmumi \u00e7arpay\u0131 fondunun 20 %-i, reanimasiya&hellip;","_links":{"self":[{"href":"https:\/\/arantv.az\/index.php?rest_route=\/wp\/v2\/posts\/437707"}],"collection":[{"href":"https:\/\/arantv.az\/index.php?rest_route=\/wp\/v2\/posts"}],"about":[{"href":"https:\/\/arantv.az\/index.php?rest_route=\/wp\/v2\/types\/post"}],"author":[{"embeddable":true,"href":"https:\/\/arantv.az\/index.php?rest_route=\/wp\/v2\/users\/2"}],"replies":[{"embeddable":true,"href":"https:\/\/arantv.az\/index.php?rest_route=%2Fwp%2Fv2%2Fcomments&post=437707"}],"version-history":[{"count":0,"href":"https:\/\/arantv.az\/index.php?rest_route=\/wp\/v2\/posts\/437707\/revisions"}],"wp:featuredmedia":[{"embeddable":true,"href":"https:\/\/arantv.az\/index.php?rest_route=\/wp\/v2\/media\/437708"}],"wp:attachment":[{"href":"https:\/\/arantv.az\/index.php?rest_route=%2Fwp%2Fv2%2Fmedia&parent=437707"}],"wp:term":[{"taxonomy":"category","embeddable":true,"href":"https:\/\/arantv.az\/index.php?rest_route=%2Fwp%2Fv2%2Fcategories&post=437707"},{"taxonomy":"post_tag","embeddable":true,"href":"https:\/\/arantv.az\/index.php?rest_route=%2Fwp%2Fv2%2Ftags&post=437707"}],"curies":[{"name":"wp","href":"https:\/\/api.w.org\/{rel}","templated":true}]}}