{"id":437713,"date":"2022-02-11T15:34:17","date_gmt":"2022-02-11T12:34:17","guid":{"rendered":"http:\/\/arantv.az\/?p=437713"},"modified":"2022-02-11T15:34:17","modified_gmt":"2022-02-11T12:34:17","slug":"alim-d%c9%99-yazici-da-deputat-da-jurnalist-d%c9%99-ramiz-mehdiyev%c9%99-get-deyir-musa-quliyev","status":"publish","type":"post","link":"https:\/\/arantv.az\/?p=437713","title":{"rendered":"Alim d\u0259, yaz\u0131\u00e7\u0131 da, deputat da, jurnalist d\u0259 Ramiz Mehdiyev\u0259 &#8220;get&#8221; deyir &#8211; Musa Quliyev"},"content":{"rendered":"<p><em><strong>Ramiz Mehdiyevin personas\u0131n\u0131 c\u0259miyy\u0259t q\u0259bul etmir. O k\u0259nara \u00e7\u0259kilm\u0259li, yaxud it\u0259l\u0259nm\u0259lidir<\/strong><\/em><\/p>\n<p>\u201cRamiz Mehdiyev getm\u0259li idi, karantin d\u00f6vr\u00fcnd\u0259 n\u0259v\u0259sin\u0259 d\u0259bd\u0259b\u0259li toy ed\u0259nd\u0259n sonra getm\u0259li idi. O toy t\u0259kc\u0259 karantin qaydalar\u0131n\u0131 pozmaq deyildi, h\u0259m d\u0259 c\u0259miyy\u0259t\u0259 meydan oxumaq, \u201cm\u0259n qanundan v\u0259 ictimai r\u0259yd\u0259n yuxar\u0131dayam\u201d dem\u0259k idi. Getm\u0259di, ancaq \u00fcz\u00fcsulu ged\u0259 bil\u0259rdi\u201d.<\/p>\n<p><strong>ARANTV.AZ\u00a0 x\u0259b\u0259r verir ki,<\/strong>\u00a0\u00a0bunu Milli M\u0259clisin \u018fm\u0259k v\u0259 sosial siyas\u0259t komit\u0259sinin s\u0259dri Musa Quliyev bildirib.<\/p>\n<p>M. Quliyev qeyd edib ki, R. Mehdiyev h\u0259min vaxt \u015fans\u0131n\u0131 qa\u00e7\u0131rtd\u0131: \u201cH\u0259r halda \u00fcz\u00fcsulu getm\u0259k \u00fcz\u00fc t\u00fcp\u00fcrc\u0259kli getm\u0259kd\u0259n min d\u0259f\u0259 yax\u015f\u0131 olard\u0131. Ramiz Mehdiyev Prezident Administrasiyas\u0131ndak\u0131 v\u0259zif\u0259sind\u0259n d\u0259 vaxt\u0131nda v\u0259 \u00fcz\u00fcsulu ged\u0259 bil\u0259rdi, getm\u0259di. Yaln\u0131z \u0259ll\u0259ri \u0259sm\u0259y\u0259, ayaqlar\u0131 b\u00fcdr\u0259m\u0259y\u0259 ba\u015flayanda yola sal\u0131nd\u0131. \u0130nsaf namin\u0259 dem\u0259k laz\u0131md\u0131r ki, layiq oldu\u011fundan qat-qat y\u00fcks\u0259k h\u00f6rm\u0259t v\u0259 t\u0259ltifl\u0259rl\u0259. Yola sal\u0131nd\u0131, amma yolunu d\u00fcz tapmad\u0131, sapd\u0131. O yolunu evin\u0259 salmal\u0131 idi, \u00f6mr\u00fcn qalan hiss\u0259sini rahat, s\u0259ssiz v\u0259 pislikl\u0259rsiz ya\u015famaq \u00fc\u00e7\u00fcn evin\u0259, ba\u011f\u0131na, k\u0259ndin\u0259 d\u00f6nm\u0259li idi. Yen\u0259 yanl\u0131\u015f yapd\u0131. B\u0259lk\u0259 d\u0259 i\u00e7ind\u0259 h\u0259s\u0259dl\u0259 ya\u015fatd\u0131\u011f\u0131 Prezidentlik arzusuna \u00e7atma\u011f\u0131 Akademiyan\u0131n Prezidenti olmaqla realla\u015fd\u0131rmaqla t\u0259skinlik tapmaq \u00fc\u00e7\u00fcn AMEA-ya getdi. Getm\u0259m\u0259li oldu\u011fu yer\u0259 getdi. Getm\u0259s\u0259ydi unudulacaq, bu \u00e7irkinlikl\u0259r d\u0259 olmayacaqd\u0131. Bu \u00e7irkinlikl\u0259r he\u00e7 k\u0259s\u0259 laz\u0131m deyildi. \u00d6z\u00fcn\u00fc b\u00f6y\u00fck g\u00f6rm\u0259k, qumdan, torpaqdan d\u00fcz\u0259ltdiyi ki\u00e7icik evcikl\u0259ri b\u00f6y\u00fck saraylar kimi t\u0259qdim etm\u0259k u\u015faqlara xas x\u00fcsusiyy\u0259tdir. Reall\u0131qlar\u0131 d\u00fczg\u00fcn qiym\u0259tl\u0259ndirm\u0259m\u0259k ya\u015fl\u0131 adam\u0131n a\u011f\u0131ls\u0131zl\u0131\u011f\u0131 v\u0259 b\u0259db\u0259xtliyidir\u201d.<\/p>\n<p><em><strong>Bu dir\u0259ni\u015fl\u0259 Ramiz Mehdiyev n\u0259y\u0259 nail olmaq ist\u0259yir?<\/strong><\/em><\/p>\n<p>Parlamentin komit\u0259 s\u0259dri AMEA-n\u0131n m\u0259lumat\u0131n\u0131 oxuyub yen\u0259 t\u0259\u0259ss\u00fcf hissi ke\u00e7irdiyini vur\u011fulay\u0131b: \u201cT\u0259bi ki, bu Akademiyan\u0131n m\u0259tbuat xidm\u0259tinin m\u0259lumat\u0131 ad\u0131 il\u0259 payla\u015f\u0131lan hikk\u0259li yaz\u0131n\u0131 Ramiz Mehdiyevin \u00f6z\u00fc yaz\u0131b. H\u0259tta ya\u015f\u0131n\u0131n do\u011furdu\u011fu t\u0259bii diqq\u0259tsizlikd\u0259n, iki yerd\u0259 &#8220;m\u0259n\u201d \u015f\u0259xs \u0259v\u0259zliyini d\u0259 redakt\u0259 etm\u0259yib. M\u0259lumatda Ramiz Mehdiyev haqq\u0131nda yaz\u0131lar\u0131n sifari\u015fli oldu\u011fu x\u00fcsusi vur\u011fulan\u0131r. B\u0259li, bu yaz\u0131lar sifari\u015fdir, i\u00e7timai-sosial sifari\u015fdir! Alim d\u0259, yaz\u0131\u00e7\u0131 da, deputat da, jurnalist d\u0259 Ramiz Mehdiyev\u0259 &#8220;get&#8221; deyir v\u0259 bu \u00e7a\u011f\u0131r\u0131\u015flar azalm\u0131r ki, art\u0131r. Bu dir\u0259ni\u015fl\u0259 Ramiz Mehdiyev n\u0259y\u0259 nail olmaq ist\u0259yir? B\u0259zi \u00e7a\u011f\u0131r\u0131\u015flarda e\u015fidirik; urvatl\u0131 getsin. Urvat, x\u0259tir- h\u00f6rm\u0259t qoyubmu ki, urvatl\u0131 ged\u0259 bilsin? Bu dir\u0259ni\u015fd\u0259 Ramiz Mehdiyevi ne\u00e7\u0259 alim, ziyal\u0131, deputat, yaz\u0131\u00e7\u0131 m\u00fcdafi\u0259 edib? H\u0259tta Prezident Administrasiyas\u0131n\u0131n r\u0259hb\u0259ri olark\u0259n d\u0259st\u0259k verdiyi, himay\u0259 etdiyi adamlar da onu m\u00fcdafi\u0259 etmir. Ramiz Mehdiyevin saman \u00e7\u00f6p\u00fc kimi &#8220;Xural tv&#8221; v\u0259 \u018fv\u0259z Zeynall\u0131dan yap\u0131\u015fmas\u0131 taleyin ac\u0131 v\u0259 s\u0259rt ironiyas\u0131 deyilmi? T\u0259cr\u00fcb\u0259li, d\u00fcnya g\u00f6rm\u00fc\u015f, bilikli, a\u011f\u0131ll\u0131 adam \u00f6z\u00fcn\u00fc niy\u0259 bel\u0259 g\u00fcl\u00fc\u015f v\u0259 ri\u015fx\u0259nd h\u0259d\u0259fin\u0259 \u00e7evirm\u0259lidir? Bu adam, onun yax\u0131nlar\u0131 ictimai \u0259hval-ruhiyy\u0259ni g\u00f6rm\u00fcrl\u0259rmi? AMEA- n\u0131n Ramiz Mehdiyevl\u0259 ba\u011fl\u0131 m\u0259lumat\u0131nda ad\u0131 \u00e7\u0259kil\u0259n, b\u00f6htan at\u0131lan deputat h\u0259mkarlar\u0131m ( \u0259n az\u0131 &#8221; saxta deputat&#8221; v\u0259 &#8220;trol&#8221; s\u00f6zl\u0259rin\u0259 g\u00f6r\u0259) v\u0259 MSK bu iddialar\u0131 h\u00fcquqi m\u00fcst\u0259vid\u0259 sor\u011fulamal\u0131, &#8220;cib, avtobus m\u00fcxalif\u0259ti&#8221; adland\u0131r\u0131laraq a\u015fa\u011f\u0131lanan partiyalar da t\u0259hqir\u0259 g\u00f6r\u0259 cavab ist\u0259m\u0259lidirl\u0259r. Bu s\u00f6zl\u0259ri axmaq v\u0259 t\u0259rbiy\u0259siz, d\u00fc\u015fm\u0259n maliyy\u0259si hesab\u0131na f\u0259aliyy\u0259t g\u00f6st\u0259r\u0259n blogerl\u0259rd\u0259n e\u015fitm\u0259kl\u0259, Milli Elml\u0259r Akademiyas\u0131n\u0131n r\u0259smi sayt\u0131ndan oxumaq, raz\u0131la\u015far\u0131q ki, f\u0259rqli \u015feyl\u0259rdir. B\u0259lk\u0259, Elml\u0259r Akademiyas\u0131n\u0131n da avtobus s\u00fcr\u00fcc\u00fcs\u00fc v\u0259 konduktoru s\u0259viyy\u0259sind\u0259 d\u00fc\u015f\u00fcnc\u0259 v\u0259 m\u0259d\u0259niyy\u0259t s\u0259rgil\u0259m\u0259si Ramiz Mehdiyevin bu elm oca\u011f\u0131na yeni tohv\u0259sidir? Ramiz Mehdiyevin personas\u0131n\u0131 c\u0259miyy\u0259t q\u0259bul etmir. O k\u0259nara \u00e7\u0259kilm\u0259li, yaxud it\u0259l\u0259nm\u0259lidir. Akademiyada m\u0259n\u0259vi t\u0259mizlik v\u0259 dezinfeksiya i\u015fl\u0259ri apar\u0131lmal\u0131d\u0131r. Akademiyan\u0131n h\u0259qiqi, m\u00fcxbir \u00fczvl\u0259ri, institut direktorlar\u0131 l\u0259ngim\u0259d\u0259n bu elm oca\u011f\u0131n\u0131n \u00fcmumi y\u0131\u011f\u0131nca\u011f\u0131n\u0131 ke\u00e7irm\u0259li, m\u0259s\u0259l\u0259y\u0259 obyektiv qiym\u0259t verm\u0259li, \u00f6lk\u0259mizd\u0259 ged\u0259n d\u0259rin islahatlar, \u015f\u0259ffafl\u0131q, idar\u0259etm\u0259d\u0259 g\u0259ncl\u0259\u015fdirm\u0259 siyas\u0259tin\u0259 adekvat q\u0259rar q\u0259bul etm\u0259lidirl\u0259r. Akademiyan\u0131n r\u0259hb\u0259rliyi g\u0259ncl\u0259\u015fm\u0259lidir, dinamizm artmal\u0131d\u0131r, s\u0259m\u0259r\u0259li f\u0259aliyy\u0259t v\u0259 beyn\u0259lxalq \u0259m\u0259kda\u015fl\u0131q yeni m\u0259rh\u0259l\u0259y\u0259 qald\u0131r\u0131lmal\u0131d\u0131r\u201d.<\/p>\n","protected":false},"excerpt":{"rendered":"<p>Ramiz Mehdiyevin personas\u0131n\u0131 c\u0259miyy\u0259t q\u0259bul etmir. O k\u0259nara \u00e7\u0259kilm\u0259li, yaxud it\u0259l\u0259nm\u0259lidir \u201cRamiz Mehdiyev getm\u0259li idi, karantin d\u00f6vr\u00fcnd\u0259 n\u0259v\u0259sin\u0259 d\u0259bd\u0259b\u0259li toy ed\u0259nd\u0259n sonra getm\u0259li idi. O toy t\u0259kc\u0259 karantin qaydalar\u0131n\u0131 pozmaq deyildi, h\u0259m d\u0259 c\u0259miyy\u0259t\u0259 meydan oxumaq, \u201cm\u0259n qanundan v\u0259 ictimai r\u0259yd\u0259n yuxar\u0131dayam\u201d dem\u0259k idi. Getm\u0259di, ancaq \u00fcz\u00fcsulu ged\u0259 bil\u0259rdi\u201d. ARANTV.AZ\u00a0 x\u0259b\u0259r verir ki,\u00a0\u00a0bunu Milli M\u0259clisin \u018fm\u0259k v\u0259 sosial siyas\u0259t komit\u0259sinin s\u0259dri Musa Quliyev bildirib. M. Quliyev qeyd edib ki, R. Mehdiyev h\u0259min vaxt \u015fans\u0131n\u0131 qa\u00e7\u0131rtd\u0131: \u201cH\u0259r halda \u00fcz\u00fcsulu getm\u0259k \u00fcz\u00fc t\u00fcp\u00fcrc\u0259kli getm\u0259kd\u0259n min d\u0259f\u0259 yax\u015f\u0131 olard\u0131. Ramiz Mehdiyev Prezident Administrasiyas\u0131ndak\u0131&hellip;<\/p>\n","protected":false},"author":2,"featured_media":437714,"comment_status":"closed","ping_status":"closed","sticky":false,"template":"","format":"standard","meta":{"om_disable_all_campaigns":false,"_monsterinsights_skip_tracking":false,"_monsterinsights_sitenote_active":false,"_monsterinsights_sitenote_note":"","_monsterinsights_sitenote_category":0},"categories":[4],"tags":[],"aioseo_notices":[],"gutentor_comment":0,"rttpg_featured_image_url":{"full":["https:\/\/arantv.az\/wp-content\/uploads\/2022\/02\/789ba2ae160864492334269437210179202.jpg",975,540,false],"landscape":["https:\/\/arantv.az\/wp-content\/uploads\/2022\/02\/789ba2ae160864492334269437210179202.jpg",975,540,false],"portraits":["https:\/\/arantv.az\/wp-content\/uploads\/2022\/02\/789ba2ae160864492334269437210179202.jpg",975,540,false],"thumbnail":["https:\/\/arantv.az\/wp-content\/uploads\/2022\/02\/789ba2ae160864492334269437210179202-500x280.jpg",500,280,true],"medium":["https:\/\/arantv.az\/wp-content\/uploads\/2022\/02\/789ba2ae160864492334269437210179202-660x365.jpg",660,365,true],"large":["https:\/\/arantv.az\/wp-content\/uploads\/2022\/02\/789ba2ae160864492334269437210179202-840x465.jpg",640,354,true],"1536x1536":["https:\/\/arantv.az\/wp-content\/uploads\/2022\/02\/789ba2ae160864492334269437210179202.jpg",975,540,false],"2048x2048":["https:\/\/arantv.az\/wp-content\/uploads\/2022\/02\/789ba2ae160864492334269437210179202.jpg",975,540,false],"post-thumbnail":["https:\/\/arantv.az\/wp-content\/uploads\/2022\/02\/789ba2ae160864492334269437210179202-240x172.jpg",240,172,true],"advps-thumb-one":["https:\/\/arantv.az\/wp-content\/uploads\/2022\/02\/789ba2ae160864492334269437210179202.jpg",975,540,false]},"rttpg_author":{"display_name":"V\u00fcsal Rafiqo\u011flu","author_link":"https:\/\/arantv.az\/?author=2"},"rttpg_comment":0,"rttpg_category":"<a href=\"https:\/\/arantv.az\/?cat=4\" rel=\"category\">Siyas\u0259t<\/a>","rttpg_excerpt":"Ramiz Mehdiyevin personas\u0131n\u0131 c\u0259miyy\u0259t q\u0259bul etmir. O k\u0259nara \u00e7\u0259kilm\u0259li, yaxud it\u0259l\u0259nm\u0259lidir \u201cRamiz Mehdiyev getm\u0259li idi, karantin d\u00f6vr\u00fcnd\u0259 n\u0259v\u0259sin\u0259 d\u0259bd\u0259b\u0259li toy ed\u0259nd\u0259n sonra getm\u0259li idi. O toy t\u0259kc\u0259 karantin qaydalar\u0131n\u0131 pozmaq deyildi, h\u0259m d\u0259 c\u0259miyy\u0259t\u0259 meydan oxumaq, \u201cm\u0259n qanundan v\u0259 ictimai r\u0259yd\u0259n yuxar\u0131dayam\u201d dem\u0259k idi. Getm\u0259di, ancaq \u00fcz\u00fcsulu ged\u0259 bil\u0259rdi\u201d. ARANTV.AZ\u00a0 x\u0259b\u0259r verir ki,\u00a0\u00a0bunu Milli M\u0259clisin&hellip;","_links":{"self":[{"href":"https:\/\/arantv.az\/index.php?rest_route=\/wp\/v2\/posts\/437713"}],"collection":[{"href":"https:\/\/arantv.az\/index.php?rest_route=\/wp\/v2\/posts"}],"about":[{"href":"https:\/\/arantv.az\/index.php?rest_route=\/wp\/v2\/types\/post"}],"author":[{"embeddable":true,"href":"https:\/\/arantv.az\/index.php?rest_route=\/wp\/v2\/users\/2"}],"replies":[{"embeddable":true,"href":"https:\/\/arantv.az\/index.php?rest_route=%2Fwp%2Fv2%2Fcomments&post=437713"}],"version-history":[{"count":0,"href":"https:\/\/arantv.az\/index.php?rest_route=\/wp\/v2\/posts\/437713\/revisions"}],"wp:featuredmedia":[{"embeddable":true,"href":"https:\/\/arantv.az\/index.php?rest_route=\/wp\/v2\/media\/437714"}],"wp:attachment":[{"href":"https:\/\/arantv.az\/index.php?rest_route=%2Fwp%2Fv2%2Fmedia&parent=437713"}],"wp:term":[{"taxonomy":"category","embeddable":true,"href":"https:\/\/arantv.az\/index.php?rest_route=%2Fwp%2Fv2%2Fcategories&post=437713"},{"taxonomy":"post_tag","embeddable":true,"href":"https:\/\/arantv.az\/index.php?rest_route=%2Fwp%2Fv2%2Ftags&post=437713"}],"curies":[{"name":"wp","href":"https:\/\/api.w.org\/{rel}","templated":true}]}}