{"id":437716,"date":"2022-02-11T15:35:35","date_gmt":"2022-02-11T12:35:35","guid":{"rendered":"http:\/\/arantv.az\/?p=437716"},"modified":"2022-02-11T15:35:35","modified_gmt":"2022-02-11T12:35:35","slug":"mediaya-vergi-guz%c9%99stl%c9%99ri-il%c9%99-bagli-t%c9%99klifl%c9%99r-nazirl%c9%99r-kabinetin%c9%99-gond%c9%99rilib","status":"publish","type":"post","link":"https:\/\/arantv.az\/?p=437716","title":{"rendered":"Mediaya vergi g\u00fcz\u0259\u015ftl\u0259ri il\u0259 ba\u011fl\u0131 t\u0259klifl\u0259r Nazirl\u0259r Kabinetin\u0259 g\u00f6nd\u0259rilib"},"content":{"rendered":"<p>D\u00f6vl\u0259t Vergi Xidm\u0259ti t\u0259r\u0259find\u0259n Median\u0131n \u0130nki\u015faf\u0131 Agentliyi (MED\u0130A) il\u0259 birlikd\u0259 jurnalistl\u0259r\u0259 v\u0259 media subyektl\u0259rin\u0259 vergi g\u00fcz\u0259\u015ftl\u0259rinin edilm\u0259si il\u0259 ba\u011fl\u0131 m\u00fc\u0259yy\u0259n t\u0259klifl\u0259r haz\u0131rlan\u0131b v\u0259 Nazirl\u0259r Kabinetin\u0259 t\u0259qdim olunub.<\/p>\n<p><strong>ARANTV.AZ\u00a0 x\u0259b\u0259r verir ki,<\/strong>\u00a0bunu &#8220;Report&#8221;a m\u00fcsahib\u0259sind\u0259 \u0130qtisadiyyat Nazirliyi yan\u0131nda D\u00f6vl\u0259t Vergi Xidm\u0259tinin r\u0259is m\u00fcavini Samir\u0259 Musayeva deyib.<\/p>\n<p>&#8220;T\u0259bii ki, \u201cMedia haqq\u0131nda\u201d qanun q\u0259bul olunmadan d\u0259yi\u015fiklikl\u0259rin tam dair\u0259sinin elan olunmas\u0131 d\u00fczg\u00fcn deyil, amma onu dey\u0259 bil\u0259rik ki, d\u0259yi\u015fiklik istiqam\u0259tl\u0259ri median\u0131n m\u0259hz media il\u0259 ba\u011fl\u0131 f\u0259aliyy\u0259td\u0259n \u0259ld\u0259 etdiyi g\u0259lirl\u0259r\u0259 v\u0259 m\u0259nf\u0259\u0259t\u0259 m\u00fcdd\u0259tli g\u00fcz\u0259\u015ft v\u0259 azadolmalar\u0131n verilm\u0259si, media qurumlar\u0131 t\u0259r\u0259find\u0259n t\u0259qdim olunan m\u0259hsullar \u00fczr\u0259 \u018flav\u0259 D\u0259y\u0259r Vergisi (\u018fDV) il\u0259 ba\u011fl\u0131 vergi g\u00fcz\u0259\u015ftl\u0259rinin t\u0259tbiq olunmas\u0131 il\u0259 ba\u011fl\u0131d\u0131r\u201d, &#8211; S. Musayeva bildirib.<\/p>\n<p>Onun s\u00f6zl\u0259rin\u0259 g\u00f6r\u0259, d\u00f6vl\u0259tin mediaya yana\u015fmas\u0131 h\u0259mi\u015f\u0259 h\u0259ssas olub:<\/p>\n<p>\u201cD\u00fcnyan\u0131n h\u0259r t\u0259r\u0259find\u0259 mediaya m\u00fcnasib\u0259t h\u0259ssasd\u0131r. V\u0259t\u0259n m\u00fcharib\u0259si d\u00f6vr\u00fcnd\u0259 d\u0259 Az\u0259rbaycan medias\u0131n\u0131n rolu dan\u0131lmazd\u0131r. T\u0259k D\u00f6vl\u0259t Vergi Xidm\u0259ti deyil, b\u00fct\u00fcn aidiyy\u0259ti d\u00f6vl\u0259t orqanlar\u0131 \u00f6z s\u0259lahiyy\u0259tl\u0259ri daxilind\u0259 median\u0131n \u00f6lk\u0259d\u0259 inki\u015faf\u0131n\u0131n d\u0259st\u0259kl\u0259nm\u0259si il\u0259 ba\u011fl\u0131 m\u00fcvafiq t\u0259dbirl\u0259r g\u00f6r\u00fcr.<\/p>\n<p>\u201cMedia haqq\u0131nda\u201d qanun iki g\u00fcn \u00f6nc\u0259 q\u0259bul olunub. Amma qanun q\u0259bul olunana q\u0259d\u0259r d\u0259 h\u00f6kum\u0259t, aidiyy\u0259ti d\u00f6vl\u0259t qurumlar\u0131 median\u0131n probleml\u0259rinin \u00f6yr\u0259nilm\u0259si, t\u0259hlil edilm\u0259si, hans\u0131 formada d\u00f6vl\u0259t d\u0259st\u0259yi t\u0259dbirl\u0259ri h\u0259yata ke\u00e7irilm\u0259si il\u0259 ba\u011fl\u0131 ciddi t\u0259hlill\u0259r apar\u0131rd\u0131. \u0130qtisadiyyat Nazirliyind\u0259 d\u0259 media n\u00fcmay\u0259nd\u0259l\u0259ri il\u0259 g\u00f6r\u00fc\u015fl\u0259r ke\u00e7irilib, bu g\u00f6r\u00fc\u015fl\u0259rd\u0259 onlar\u0131n t\u0259klifl\u0259ri dinl\u0259nilib. Median\u0131n maliyy\u0259 dayan\u0131ql\u0131\u011f\u0131n\u0131 art\u0131rmaq, onlar\u0131n daha \u00e7ox d\u00f6vriyy\u0259 v\u0259saitl\u0259rind\u0259n s\u0259m\u0259r\u0259li istifad\u0259ni t\u0259min etm\u0259k, h\u0259min v\u0259saitl\u0259rin median\u0131n inki\u015faf\u0131na y\u00f6n\u0259ldilm\u0259si \u00fc\u00e7\u00fcn vergi t\u0259\u015fviql\u0259rin\u0259 d\u0259 ehtiyac oldu\u011fu bildirilib.<\/p>\n<p>Haz\u0131rda h\u00f6kum\u0259t bu qanun layih\u0259sini r\u0259y bildirilm\u0259si \u00fc\u00e7\u00fcn \u0130qtisadiyyat Nazirliyi d\u0259 daxil olmaqla aidiyy\u0259ti qurumlara g\u00f6nd\u0259rib. B\u00fct\u00f6vl\u00fckd\u0259 D\u00f6vl\u0259t Vergi Xidm\u0259ti mediaya vergi g\u00fcz\u0259\u015ftl\u0259rinin t\u0259\u015fviql\u0259rinin verilm\u0259sini d\u0259st\u0259kl\u0259yir\u201d, &#8211; S. Musayeva vur\u011fulay\u0131b.<\/p>\n","protected":false},"excerpt":{"rendered":"<p>D\u00f6vl\u0259t Vergi Xidm\u0259ti t\u0259r\u0259find\u0259n Median\u0131n \u0130nki\u015faf\u0131 Agentliyi (MED\u0130A) il\u0259 birlikd\u0259 jurnalistl\u0259r\u0259 v\u0259 media subyektl\u0259rin\u0259 vergi g\u00fcz\u0259\u015ftl\u0259rinin edilm\u0259si il\u0259 ba\u011fl\u0131 m\u00fc\u0259yy\u0259n t\u0259klifl\u0259r haz\u0131rlan\u0131b v\u0259 Nazirl\u0259r Kabinetin\u0259 t\u0259qdim olunub. ARANTV.AZ\u00a0 x\u0259b\u0259r verir ki,\u00a0bunu &#8220;Report&#8221;a m\u00fcsahib\u0259sind\u0259 \u0130qtisadiyyat Nazirliyi yan\u0131nda D\u00f6vl\u0259t Vergi Xidm\u0259tinin r\u0259is m\u00fcavini Samir\u0259 Musayeva deyib. &#8220;T\u0259bii ki, \u201cMedia haqq\u0131nda\u201d qanun q\u0259bul olunmadan d\u0259yi\u015fiklikl\u0259rin tam dair\u0259sinin elan olunmas\u0131 d\u00fczg\u00fcn deyil, amma onu dey\u0259 bil\u0259rik ki, d\u0259yi\u015fiklik istiqam\u0259tl\u0259ri median\u0131n m\u0259hz media il\u0259 ba\u011fl\u0131 f\u0259aliyy\u0259td\u0259n \u0259ld\u0259 etdiyi g\u0259lirl\u0259r\u0259 v\u0259 m\u0259nf\u0259\u0259t\u0259 m\u00fcdd\u0259tli g\u00fcz\u0259\u015ft v\u0259 azadolmalar\u0131n verilm\u0259si, media qurumlar\u0131 t\u0259r\u0259find\u0259n t\u0259qdim olunan m\u0259hsullar \u00fczr\u0259 \u018flav\u0259 D\u0259y\u0259r&hellip;<\/p>\n","protected":false},"author":2,"featured_media":437717,"comment_status":"closed","ping_status":"closed","sticky":false,"template":"","format":"standard","meta":{"om_disable_all_campaigns":false,"_monsterinsights_skip_tracking":false,"_monsterinsights_sitenote_active":false,"_monsterinsights_sitenote_note":"","_monsterinsights_sitenote_category":0},"categories":[19],"tags":[],"aioseo_notices":[],"gutentor_comment":0,"rttpg_featured_image_url":{"full":["https:\/\/arantv.az\/wp-content\/uploads\/2022\/02\/e992111e160979170973773769810252528-1.jpg",975,540,false],"landscape":["https:\/\/arantv.az\/wp-content\/uploads\/2022\/02\/e992111e160979170973773769810252528-1.jpg",975,540,false],"portraits":["https:\/\/arantv.az\/wp-content\/uploads\/2022\/02\/e992111e160979170973773769810252528-1.jpg",975,540,false],"thumbnail":["https:\/\/arantv.az\/wp-content\/uploads\/2022\/02\/e992111e160979170973773769810252528-1-500x280.jpg",500,280,true],"medium":["https:\/\/arantv.az\/wp-content\/uploads\/2022\/02\/e992111e160979170973773769810252528-1-660x365.jpg",660,365,true],"large":["https:\/\/arantv.az\/wp-content\/uploads\/2022\/02\/e992111e160979170973773769810252528-1-840x465.jpg",640,354,true],"1536x1536":["https:\/\/arantv.az\/wp-content\/uploads\/2022\/02\/e992111e160979170973773769810252528-1.jpg",975,540,false],"2048x2048":["https:\/\/arantv.az\/wp-content\/uploads\/2022\/02\/e992111e160979170973773769810252528-1.jpg",975,540,false],"post-thumbnail":["https:\/\/arantv.az\/wp-content\/uploads\/2022\/02\/e992111e160979170973773769810252528-1-240x172.jpg",240,172,true],"advps-thumb-one":["https:\/\/arantv.az\/wp-content\/uploads\/2022\/02\/e992111e160979170973773769810252528-1.jpg",975,540,false]},"rttpg_author":{"display_name":"V\u00fcsal Rafiqo\u011flu","author_link":"https:\/\/arantv.az\/?author=2"},"rttpg_comment":0,"rttpg_category":"<a href=\"https:\/\/arantv.az\/?cat=19\" rel=\"category\">G\u00fcnd\u0259m<\/a>","rttpg_excerpt":"D\u00f6vl\u0259t Vergi Xidm\u0259ti t\u0259r\u0259find\u0259n Median\u0131n \u0130nki\u015faf\u0131 Agentliyi (MED\u0130A) il\u0259 birlikd\u0259 jurnalistl\u0259r\u0259 v\u0259 media subyektl\u0259rin\u0259 vergi g\u00fcz\u0259\u015ftl\u0259rinin edilm\u0259si il\u0259 ba\u011fl\u0131 m\u00fc\u0259yy\u0259n t\u0259klifl\u0259r haz\u0131rlan\u0131b v\u0259 Nazirl\u0259r Kabinetin\u0259 t\u0259qdim olunub. ARANTV.AZ\u00a0 x\u0259b\u0259r verir ki,\u00a0bunu &#8220;Report&#8221;a m\u00fcsahib\u0259sind\u0259 \u0130qtisadiyyat Nazirliyi yan\u0131nda D\u00f6vl\u0259t Vergi Xidm\u0259tinin r\u0259is m\u00fcavini Samir\u0259 Musayeva deyib. &#8220;T\u0259bii ki, \u201cMedia haqq\u0131nda\u201d qanun q\u0259bul olunmadan d\u0259yi\u015fiklikl\u0259rin tam dair\u0259sinin elan&hellip;","_links":{"self":[{"href":"https:\/\/arantv.az\/index.php?rest_route=\/wp\/v2\/posts\/437716"}],"collection":[{"href":"https:\/\/arantv.az\/index.php?rest_route=\/wp\/v2\/posts"}],"about":[{"href":"https:\/\/arantv.az\/index.php?rest_route=\/wp\/v2\/types\/post"}],"author":[{"embeddable":true,"href":"https:\/\/arantv.az\/index.php?rest_route=\/wp\/v2\/users\/2"}],"replies":[{"embeddable":true,"href":"https:\/\/arantv.az\/index.php?rest_route=%2Fwp%2Fv2%2Fcomments&post=437716"}],"version-history":[{"count":0,"href":"https:\/\/arantv.az\/index.php?rest_route=\/wp\/v2\/posts\/437716\/revisions"}],"wp:featuredmedia":[{"embeddable":true,"href":"https:\/\/arantv.az\/index.php?rest_route=\/wp\/v2\/media\/437717"}],"wp:attachment":[{"href":"https:\/\/arantv.az\/index.php?rest_route=%2Fwp%2Fv2%2Fmedia&parent=437716"}],"wp:term":[{"taxonomy":"category","embeddable":true,"href":"https:\/\/arantv.az\/index.php?rest_route=%2Fwp%2Fv2%2Fcategories&post=437716"},{"taxonomy":"post_tag","embeddable":true,"href":"https:\/\/arantv.az\/index.php?rest_route=%2Fwp%2Fv2%2Ftags&post=437716"}],"curies":[{"name":"wp","href":"https:\/\/api.w.org\/{rel}","templated":true}]}}