{"id":437723,"date":"2022-02-11T15:44:11","date_gmt":"2022-02-11T12:44:11","guid":{"rendered":"http:\/\/arantv.az\/?p=437723"},"modified":"2022-02-11T15:44:11","modified_gmt":"2022-02-11T12:44:11","slug":"az%c9%99rbaycan-il%c9%99-ispaniya-arasinda-diplomatik-%c9%99laq%c9%99l%c9%99rin-qurulmasinin-30-illiyi-qeyd-edilir","status":"publish","type":"post","link":"https:\/\/arantv.az\/?p=437723","title":{"rendered":"Az\u0259rbaycan il\u0259 \u0130spaniya aras\u0131nda diplomatik \u0259laq\u0259l\u0259rin qurulmas\u0131n\u0131n 30 illiyi qeyd edilir"},"content":{"rendered":"<h2 class=\"section_articleInner_body_head--header\">Az\u0259rbaycan Respublikas\u0131 Xarici \u0130\u015fl\u0259r Nazirliyinin M\u0259tbuat xidm\u0259ti idar\u0259sinin Az\u0259rbaycan v\u0259 \u0130spaniya aras\u0131nda diplomatik \u0259laq\u0259l\u0259rin qurulmas\u0131n\u0131n 30 illiyi m\u00fcnasib\u0259til\u0259 m\u0259tbuat relizi.<\/h2>\n<p>11 fevral 2022-ci il tarixind\u0259 Az\u0259rbaycan Respublikas\u0131 il\u0259 \u0130spaniya Krall\u0131\u011f\u0131 aras\u0131nda diplomatik \u0259laq\u0259l\u0259rin qurulmas\u0131n\u0131n 30 illiyi qeyd edilir.<\/p>\n<p>&nbsp;<\/p>\n<p>\u00d6t\u0259n 30 il \u0259rzind\u0259 Az\u0259rbaycan v\u0259 \u0130spaniya aras\u0131nda qurulmu\u015f dialoq v\u0259 qar\u015f\u0131l\u0131ql\u0131 anla\u015fmaya \u0259saslanan m\u00f6hk\u0259m dostluq m\u00fcnasib\u0259tl\u0259ri y\u00fcks\u0259l\u0259n x\u0259tt \u00fczr\u0259 inki\u015faf etm\u0259kd\u0259dir. \u0130ki \u00f6lk\u0259 aras\u0131nda \u0259m\u0259kda\u015fl\u0131q siyasi, iqtisadi, enerji, m\u0259d\u0259niyy\u0259t, turizm, humanitar, idman v\u0259 dig\u0259r sah\u0259l\u0259ri \u0259hat\u0259 edir.<\/p>\n<p>&nbsp;<\/p>\n<p>Az\u0259rbaycan v\u0259 \u0130spaniya beyn\u0259lxalq h\u00fcququn norma v\u0259 prinsipl\u0259rini \u0259sas tutaraq, bir-biril\u0259rinin suverenliyi \u0259razi b\u00fct\u00f6vl\u00fcy\u00fc v\u0259 beyn\u0259lxalq s\u0259viyy\u0259d\u0259 tan\u0131nm\u0131\u015f s\u0259rh\u0259dl\u0259rinin toxunulmazl\u0131\u011f\u0131n\u0131 d\u0259st\u0259kl\u0259yir v\u0259 h\u00f6rm\u0259t edirl\u0259r.<\/p>\n<p>&nbsp;<\/p>\n<p>Y\u00fcks\u0259k s\u0259viyy\u0259d\u0259 h\u0259yata ke\u00e7iril\u0259n siyasi dialoq, iki \u00f6lk\u0259 aras\u0131nda beyn\u0259lxalq v\u0259 regional t\u0259\u015fkilatlar \u00e7\u0259r\u00e7iv\u0259sind\u0259 u\u011furlu \u0259m\u0259kda\u015fl\u0131q \u0259laq\u0259l\u0259rinin daha da inki\u015faf\u0131na t\u0259kan verir.<\/p>\n<p>&nbsp;<\/p>\n<p>\u0130qtisadi, turizm, m\u0259d\u0259niyy\u0259t v\u0259 dig\u0259r sah\u0259l\u0259rd\u0259 \u0259laq\u0259l\u0259rin daha da inki\u015faf etdirilm\u0259si, m\u00fcqavil\u0259-h\u00fcquq bazas\u0131n\u0131n geni\u015fl\u0259ndirilm\u0259si istiqam\u0259tind\u0259 at\u0131lan add\u0131mlar \u00f6lk\u0259l\u0259rimiz aras\u0131nda \u0259m\u0259kda\u015fl\u0131\u011f\u0131n inki\u015faf\u0131 \u00fc\u00e7\u00fcn yeni \u0259lveri\u015fli perspektivl\u0259r a\u00e7\u0131r. H\u0259r iki \u00f6lk\u0259nin parlamentl\u0259ri aras\u0131nda y\u00fcks\u0259k s\u0259viyy\u0259d\u0259 olan \u0259laq\u0259l\u0259r \u00f6lk\u0259l\u0259rimiz aras\u0131nda \u0259m\u0259kda\u015fl\u0131\u011f\u0131n inki\u015faf etdirilm\u0259sind\u0259 \u0259h\u0259miyy\u0259tli t\u00f6hf\u0259 verm\u0259kd\u0259dir.<\/p>\n<p>&nbsp;<\/p>\n<p>Az\u0259rbaycan v\u0259 \u0130spaniya aras\u0131nda diplomatik \u0259laq\u0259l\u0259rin qurulmas\u0131n\u0131n 30 illiyi m\u00fcnasib\u0259til\u0259 \u0130spaniya h\u00f6kum\u0259tin\u0259 v\u0259 xalq\u0131na s\u0259mimi t\u0259brikl\u0259rimizi ifad\u0259 edir v\u0259 \u00f6lk\u0259l\u0259rimiz aras\u0131nda qar\u015f\u0131l\u0131ql\u0131 faydal\u0131 \u0259m\u0259kda\u015fl\u0131\u011f\u0131n bundan sonra da u\u011furla inki\u015faf ed\u0259c\u0259yin\u0259 \u0259minliyimizi ifad\u0259 edirik.<\/p>\n","protected":false},"excerpt":{"rendered":"<p>Az\u0259rbaycan Respublikas\u0131 Xarici \u0130\u015fl\u0259r Nazirliyinin M\u0259tbuat xidm\u0259ti idar\u0259sinin Az\u0259rbaycan v\u0259 \u0130spaniya aras\u0131nda diplomatik \u0259laq\u0259l\u0259rin qurulmas\u0131n\u0131n 30 illiyi m\u00fcnasib\u0259til\u0259 m\u0259tbuat relizi. 11 fevral 2022-ci il tarixind\u0259 Az\u0259rbaycan Respublikas\u0131 il\u0259 \u0130spaniya Krall\u0131\u011f\u0131 aras\u0131nda diplomatik \u0259laq\u0259l\u0259rin qurulmas\u0131n\u0131n 30 illiyi qeyd edilir. &nbsp; \u00d6t\u0259n 30 il \u0259rzind\u0259 Az\u0259rbaycan v\u0259 \u0130spaniya aras\u0131nda qurulmu\u015f dialoq v\u0259 qar\u015f\u0131l\u0131ql\u0131 anla\u015fmaya \u0259saslanan m\u00f6hk\u0259m dostluq m\u00fcnasib\u0259tl\u0259ri y\u00fcks\u0259l\u0259n x\u0259tt \u00fczr\u0259 inki\u015faf etm\u0259kd\u0259dir. \u0130ki \u00f6lk\u0259 aras\u0131nda \u0259m\u0259kda\u015fl\u0131q siyasi, iqtisadi, enerji, m\u0259d\u0259niyy\u0259t, turizm, humanitar, idman v\u0259 dig\u0259r sah\u0259l\u0259ri \u0259hat\u0259 edir. &nbsp; Az\u0259rbaycan v\u0259 \u0130spaniya beyn\u0259lxalq h\u00fcququn norma v\u0259 prinsipl\u0259rini \u0259sas tutaraq, bir-biril\u0259rinin suverenliyi&hellip;<\/p>\n","protected":false},"author":2,"featured_media":437724,"comment_status":"closed","ping_status":"closed","sticky":false,"template":"","format":"standard","meta":{"om_disable_all_campaigns":false,"_monsterinsights_skip_tracking":false,"_monsterinsights_sitenote_active":false,"_monsterinsights_sitenote_note":"","_monsterinsights_sitenote_category":0},"categories":[4],"tags":[],"aioseo_notices":[],"gutentor_comment":0,"rttpg_featured_image_url":{"full":["https:\/\/arantv.az\/wp-content\/uploads\/2022\/02\/274e6fcf163482177366524731710685529-3.jpg",975,540,false],"landscape":["https:\/\/arantv.az\/wp-content\/uploads\/2022\/02\/274e6fcf163482177366524731710685529-3.jpg",975,540,false],"portraits":["https:\/\/arantv.az\/wp-content\/uploads\/2022\/02\/274e6fcf163482177366524731710685529-3.jpg",975,540,false],"thumbnail":["https:\/\/arantv.az\/wp-content\/uploads\/2022\/02\/274e6fcf163482177366524731710685529-3-500x280.jpg",500,280,true],"medium":["https:\/\/arantv.az\/wp-content\/uploads\/2022\/02\/274e6fcf163482177366524731710685529-3-660x365.jpg",660,365,true],"large":["https:\/\/arantv.az\/wp-content\/uploads\/2022\/02\/274e6fcf163482177366524731710685529-3-840x465.jpg",640,354,true],"1536x1536":["https:\/\/arantv.az\/wp-content\/uploads\/2022\/02\/274e6fcf163482177366524731710685529-3.jpg",975,540,false],"2048x2048":["https:\/\/arantv.az\/wp-content\/uploads\/2022\/02\/274e6fcf163482177366524731710685529-3.jpg",975,540,false],"post-thumbnail":["https:\/\/arantv.az\/wp-content\/uploads\/2022\/02\/274e6fcf163482177366524731710685529-3-240x172.jpg",240,172,true],"advps-thumb-one":["https:\/\/arantv.az\/wp-content\/uploads\/2022\/02\/274e6fcf163482177366524731710685529-3.jpg",975,540,false]},"rttpg_author":{"display_name":"V\u00fcsal Rafiqo\u011flu","author_link":"https:\/\/arantv.az\/?author=2"},"rttpg_comment":0,"rttpg_category":"<a href=\"https:\/\/arantv.az\/?cat=4\" rel=\"category\">Siyas\u0259t<\/a>","rttpg_excerpt":"Az\u0259rbaycan Respublikas\u0131 Xarici \u0130\u015fl\u0259r Nazirliyinin M\u0259tbuat xidm\u0259ti idar\u0259sinin Az\u0259rbaycan v\u0259 \u0130spaniya aras\u0131nda diplomatik \u0259laq\u0259l\u0259rin qurulmas\u0131n\u0131n 30 illiyi m\u00fcnasib\u0259til\u0259 m\u0259tbuat relizi. 11 fevral 2022-ci il tarixind\u0259 Az\u0259rbaycan Respublikas\u0131 il\u0259 \u0130spaniya Krall\u0131\u011f\u0131 aras\u0131nda diplomatik \u0259laq\u0259l\u0259rin qurulmas\u0131n\u0131n 30 illiyi qeyd edilir. &nbsp; \u00d6t\u0259n 30 il \u0259rzind\u0259 Az\u0259rbaycan v\u0259 \u0130spaniya aras\u0131nda qurulmu\u015f dialoq v\u0259 qar\u015f\u0131l\u0131ql\u0131 anla\u015fmaya \u0259saslanan m\u00f6hk\u0259m dostluq&hellip;","_links":{"self":[{"href":"https:\/\/arantv.az\/index.php?rest_route=\/wp\/v2\/posts\/437723"}],"collection":[{"href":"https:\/\/arantv.az\/index.php?rest_route=\/wp\/v2\/posts"}],"about":[{"href":"https:\/\/arantv.az\/index.php?rest_route=\/wp\/v2\/types\/post"}],"author":[{"embeddable":true,"href":"https:\/\/arantv.az\/index.php?rest_route=\/wp\/v2\/users\/2"}],"replies":[{"embeddable":true,"href":"https:\/\/arantv.az\/index.php?rest_route=%2Fwp%2Fv2%2Fcomments&post=437723"}],"version-history":[{"count":0,"href":"https:\/\/arantv.az\/index.php?rest_route=\/wp\/v2\/posts\/437723\/revisions"}],"wp:featuredmedia":[{"embeddable":true,"href":"https:\/\/arantv.az\/index.php?rest_route=\/wp\/v2\/media\/437724"}],"wp:attachment":[{"href":"https:\/\/arantv.az\/index.php?rest_route=%2Fwp%2Fv2%2Fmedia&parent=437723"}],"wp:term":[{"taxonomy":"category","embeddable":true,"href":"https:\/\/arantv.az\/index.php?rest_route=%2Fwp%2Fv2%2Fcategories&post=437723"},{"taxonomy":"post_tag","embeddable":true,"href":"https:\/\/arantv.az\/index.php?rest_route=%2Fwp%2Fv2%2Ftags&post=437723"}],"curies":[{"name":"wp","href":"https:\/\/api.w.org\/{rel}","templated":true}]}}