{"id":437726,"date":"2022-02-11T15:45:08","date_gmt":"2022-02-11T12:45:08","guid":{"rendered":"http:\/\/arantv.az\/?p=437726"},"modified":"2022-02-11T15:45:08","modified_gmt":"2022-02-11T12:45:08","slug":"xarici-isl%c9%99r-nazirliyind%c9%99-kollegiya-iclasi-kecirilib","status":"publish","type":"post","link":"https:\/\/arantv.az\/?p=437726","title":{"rendered":"Xarici \u0130\u015fl\u0259r Nazirliyind\u0259 kollegiya iclas\u0131 ke\u00e7irilib"},"content":{"rendered":"<h2 class=\"section_articleInner_body_head--header\">Az\u0259rbaycan Respublikas\u0131 Xarici \u0130\u015fl\u0259r Nazirliyinin M\u0259tbuat xidm\u0259ti idar\u0259sinin Xarici \u0130\u015fl\u0259r Nazirliyinin kollegiya iclas\u0131na dair m\u0259lumat\u0131.<\/h2>\n<p><span lang=\"AZ-LATIN\">11 fevral 2022-ci il tarixind\u0259 Az\u0259rbaycan Respublikas\u0131 xarici i\u015fl\u0259r naziri Ceyhun Bayramovun s\u0259drliyi il\u0259 Xarici \u0130\u015fl\u0259r Nazirliyinin Kollegiya iclas\u0131 ke\u00e7irilib. \u0130clasda\u00a0 kollegiya \u00fczvl\u0259ri xarici i\u015fl\u0259r nazirinin m\u00fcavinl\u0259ri, ADA Universitetinin rektoru, X\u0130N-in H\u00fcquqi T\u0259minat \u0130dar\u0259sinin r\u0259isi v\u0259 Nax\u00e7\u0131van \u0130dar\u0259sinin r\u0259isi i\u015ftirak edibl\u0259r.<\/span><\/p>\n<p>&nbsp;<\/p>\n<p><span lang=\"AZ-LATIN\">\u0130clasda Az\u0259rbaycan Respublikas\u0131n\u0131n xarici siyas\u0259tinin haz\u0131rk\u0131 durumu v\u0259 inki\u015faf istiqam\u0259tl\u0259ri, xarici d\u00f6vl\u0259tl\u0259rl\u0259 ikit\u0259r\u0259fli m\u00fcnasib\u0259tl\u0259r, o c\u00fcml\u0259d\u0259n cari ild\u0259 diplomatik \u0259laq\u0259l\u0259rin qurulmas\u0131n\u0131n 30 illiyi il\u0259 ba\u011fl\u0131 t\u0259dbirl\u0259rin t\u0259\u015fkili, beyn\u0259lxalq t\u0259\u015fkilatlar il\u0259 \u0259laq\u0259l\u0259r, o c\u00fcml\u0259d\u0259n \u00f6lk\u0259mizin Qo\u015fulmama H\u0259r\u0259kat\u0131nda, AT\u018fT-in T\u0259hl\u00fck\u0259sizlik \u00fczr\u0259 \u018fm\u0259kda\u015fl\u0131q Forumunda s\u0259drliyi, el\u0259c\u0259 d\u0259 kadr m\u0259s\u0259l\u0259l\u0259ri v\u0259 dig\u0259r m\u00f6vzular m\u00fczakir\u0259 edilib.<\/span><\/p>\n<div class=\"imageGallery\">\n<div class=\"box pt-56\">\n<div class=\"box_resize\"><img class=\"imageGallery--img\" src=\"https:\/\/mfa.gov.az\/files\/news\/xenbr.jpg\" \/><\/div>\n<\/div>\n<\/div>\n","protected":false},"excerpt":{"rendered":"<p>Az\u0259rbaycan Respublikas\u0131 Xarici \u0130\u015fl\u0259r Nazirliyinin M\u0259tbuat xidm\u0259ti idar\u0259sinin Xarici \u0130\u015fl\u0259r Nazirliyinin kollegiya iclas\u0131na dair m\u0259lumat\u0131. 11 fevral 2022-ci il tarixind\u0259 Az\u0259rbaycan Respublikas\u0131 xarici i\u015fl\u0259r naziri Ceyhun Bayramovun s\u0259drliyi il\u0259 Xarici \u0130\u015fl\u0259r Nazirliyinin Kollegiya iclas\u0131 ke\u00e7irilib. \u0130clasda\u00a0 kollegiya \u00fczvl\u0259ri xarici i\u015fl\u0259r nazirinin m\u00fcavinl\u0259ri, ADA Universitetinin rektoru, X\u0130N-in H\u00fcquqi T\u0259minat \u0130dar\u0259sinin r\u0259isi v\u0259 Nax\u00e7\u0131van \u0130dar\u0259sinin r\u0259isi i\u015ftirak edibl\u0259r. &nbsp; \u0130clasda Az\u0259rbaycan Respublikas\u0131n\u0131n xarici siyas\u0259tinin haz\u0131rk\u0131 durumu v\u0259 inki\u015faf istiqam\u0259tl\u0259ri, xarici d\u00f6vl\u0259tl\u0259rl\u0259 ikit\u0259r\u0259fli m\u00fcnasib\u0259tl\u0259r, o c\u00fcml\u0259d\u0259n cari ild\u0259 diplomatik \u0259laq\u0259l\u0259rin qurulmas\u0131n\u0131n 30 illiyi il\u0259 ba\u011fl\u0131 t\u0259dbirl\u0259rin t\u0259\u015fkili, beyn\u0259lxalq t\u0259\u015fkilatlar il\u0259 \u0259laq\u0259l\u0259r, o c\u00fcml\u0259d\u0259n&hellip;<\/p>\n","protected":false},"author":2,"featured_media":437727,"comment_status":"closed","ping_status":"closed","sticky":false,"template":"","format":"standard","meta":{"om_disable_all_campaigns":false,"_monsterinsights_skip_tracking":false,"_monsterinsights_sitenote_active":false,"_monsterinsights_sitenote_note":"","_monsterinsights_sitenote_category":0},"categories":[4],"tags":[],"aioseo_notices":[],"gutentor_comment":0,"rttpg_featured_image_url":{"full":["https:\/\/arantv.az\/wp-content\/uploads\/2022\/02\/565030e1164458281869732493510542915.jpg",975,540,false],"landscape":["https:\/\/arantv.az\/wp-content\/uploads\/2022\/02\/565030e1164458281869732493510542915.jpg",975,540,false],"portraits":["https:\/\/arantv.az\/wp-content\/uploads\/2022\/02\/565030e1164458281869732493510542915.jpg",975,540,false],"thumbnail":["https:\/\/arantv.az\/wp-content\/uploads\/2022\/02\/565030e1164458281869732493510542915-500x280.jpg",500,280,true],"medium":["https:\/\/arantv.az\/wp-content\/uploads\/2022\/02\/565030e1164458281869732493510542915-660x365.jpg",660,365,true],"large":["https:\/\/arantv.az\/wp-content\/uploads\/2022\/02\/565030e1164458281869732493510542915-840x465.jpg",640,354,true],"1536x1536":["https:\/\/arantv.az\/wp-content\/uploads\/2022\/02\/565030e1164458281869732493510542915.jpg",975,540,false],"2048x2048":["https:\/\/arantv.az\/wp-content\/uploads\/2022\/02\/565030e1164458281869732493510542915.jpg",975,540,false],"post-thumbnail":["https:\/\/arantv.az\/wp-content\/uploads\/2022\/02\/565030e1164458281869732493510542915-240x172.jpg",240,172,true],"advps-thumb-one":["https:\/\/arantv.az\/wp-content\/uploads\/2022\/02\/565030e1164458281869732493510542915.jpg",975,540,false]},"rttpg_author":{"display_name":"V\u00fcsal Rafiqo\u011flu","author_link":"https:\/\/arantv.az\/?author=2"},"rttpg_comment":0,"rttpg_category":"<a href=\"https:\/\/arantv.az\/?cat=4\" rel=\"category\">Siyas\u0259t<\/a>","rttpg_excerpt":"Az\u0259rbaycan Respublikas\u0131 Xarici \u0130\u015fl\u0259r Nazirliyinin M\u0259tbuat xidm\u0259ti idar\u0259sinin Xarici \u0130\u015fl\u0259r Nazirliyinin kollegiya iclas\u0131na dair m\u0259lumat\u0131. 11 fevral 2022-ci il tarixind\u0259 Az\u0259rbaycan Respublikas\u0131 xarici i\u015fl\u0259r naziri Ceyhun Bayramovun s\u0259drliyi il\u0259 Xarici \u0130\u015fl\u0259r Nazirliyinin Kollegiya iclas\u0131 ke\u00e7irilib. \u0130clasda\u00a0 kollegiya \u00fczvl\u0259ri xarici i\u015fl\u0259r nazirinin m\u00fcavinl\u0259ri, ADA Universitetinin rektoru, X\u0130N-in H\u00fcquqi T\u0259minat \u0130dar\u0259sinin r\u0259isi v\u0259 Nax\u00e7\u0131van \u0130dar\u0259sinin r\u0259isi i\u015ftirak&hellip;","_links":{"self":[{"href":"https:\/\/arantv.az\/index.php?rest_route=\/wp\/v2\/posts\/437726"}],"collection":[{"href":"https:\/\/arantv.az\/index.php?rest_route=\/wp\/v2\/posts"}],"about":[{"href":"https:\/\/arantv.az\/index.php?rest_route=\/wp\/v2\/types\/post"}],"author":[{"embeddable":true,"href":"https:\/\/arantv.az\/index.php?rest_route=\/wp\/v2\/users\/2"}],"replies":[{"embeddable":true,"href":"https:\/\/arantv.az\/index.php?rest_route=%2Fwp%2Fv2%2Fcomments&post=437726"}],"version-history":[{"count":0,"href":"https:\/\/arantv.az\/index.php?rest_route=\/wp\/v2\/posts\/437726\/revisions"}],"wp:featuredmedia":[{"embeddable":true,"href":"https:\/\/arantv.az\/index.php?rest_route=\/wp\/v2\/media\/437727"}],"wp:attachment":[{"href":"https:\/\/arantv.az\/index.php?rest_route=%2Fwp%2Fv2%2Fmedia&parent=437726"}],"wp:term":[{"taxonomy":"category","embeddable":true,"href":"https:\/\/arantv.az\/index.php?rest_route=%2Fwp%2Fv2%2Fcategories&post=437726"},{"taxonomy":"post_tag","embeddable":true,"href":"https:\/\/arantv.az\/index.php?rest_route=%2Fwp%2Fv2%2Ftags&post=437726"}],"curies":[{"name":"wp","href":"https:\/\/api.w.org\/{rel}","templated":true}]}}