{"id":437731,"date":"2022-02-11T15:47:42","date_gmt":"2022-02-11T12:47:42","guid":{"rendered":"http:\/\/arantv.az\/?p=437731"},"modified":"2022-02-11T15:47:42","modified_gmt":"2022-02-11T12:47:42","slug":"is-yoldasini-q%c9%99sd%c9%99n-oldurm%c9%99kd%c9%99-subh%c9%99li-bilin%c9%99n-s%c9%99xs-tutulmusdur","status":"publish","type":"post","link":"https:\/\/arantv.az\/?p=437731","title":{"rendered":"\u0130\u015f yolda\u015f\u0131n\u0131 q\u0259sd\u0259n \u00f6ld\u00fcrm\u0259kd\u0259 \u015f\u00fcbh\u0259li bilin\u0259n \u015f\u0259xs tutulmu\u015fdur"},"content":{"rendered":"<div class=\"row\">\n<div class=\"col-12\">\n<p>Fevral\u0131n 11-i \u0130smay\u0131ll\u0131 rayonu Basqal q\u0259s\u0259b\u0259 tam orta m\u0259kt\u0259bin h\u0259y\u0259tind\u0259 1982-ci il t\u0259v\u0259ll\u00fcdl\u00fc G\u00fclar\u0259 Q\u0259hr\u0259manovan\u0131n \u00f6ld\u00fcr\u00fclm\u0259si fakt\u0131 il\u0259 ba\u011fl\u0131 rayon prokurorlu\u011funa m\u0259lumat daxil olmu\u015fdur.<br \/>\nApar\u0131lm\u0131\u015f ara\u015fd\u0131rmalarla z\u0259r\u0259r\u00e7\u0259kmi\u015fin i\u015f yolda\u015f\u0131 1997-ci il t\u0259v\u0259ll\u00fcdl\u00fc B\u0259xtiyar \u018fhm\u0259dli \u015f\u0259xsi m\u00fcnasib\u0259tl\u0259r z\u0259minind\u0259 aralar\u0131nda yaranm\u0131\u015f m\u00fcnaqi\u015f\u0259 zaman\u0131 G\u00fclar\u0259 Q\u0259hr\u0259manovaya b\u0131\u00e7aqla \u00e7oxsayl\u0131 x\u0259sar\u0259tl\u0259r yetirm\u0259kl\u0259 onu q\u0259sd\u0259n \u00f6ld\u00fcrm\u0259sin\u0259 \u0259sasl\u0131 \u015f\u00fcbh\u0259l\u0259r m\u00fc\u0259yy\u0259n edilmi\u015fdir.<br \/>\nFaktla ba\u011fl\u0131 \u0130smay\u0131ll\u0131 rayon prokurorlu\u011funda Cinay\u0259t M\u0259c\u0259ll\u0259sinin 120.1-ci (q\u0259sd\u0259n adam \u00f6ld\u00fcrm\u0259) madd\u0259si il\u0259 cinay\u0259t i\u015fi ba\u015flanm\u0131\u015fd\u0131r.<br \/>\nB\u0259xtiyar \u018fhm\u0259dli \u015f\u00fcbh\u0259li \u015f\u0259xs qismind\u0259 tutularaq istintaqa c\u0259lb edilmi\u015fdir.<br \/>\nHaz\u0131rda cinay\u0259t i\u015fi \u00fczr\u0259 istintaq davam edir.<\/p>\n<\/div>\n<\/div>\n<div class=\"row photos\"><\/div>\n","protected":false},"excerpt":{"rendered":"<p>Fevral\u0131n 11-i \u0130smay\u0131ll\u0131 rayonu Basqal q\u0259s\u0259b\u0259 tam orta m\u0259kt\u0259bin h\u0259y\u0259tind\u0259 1982-ci il t\u0259v\u0259ll\u00fcdl\u00fc G\u00fclar\u0259 Q\u0259hr\u0259manovan\u0131n \u00f6ld\u00fcr\u00fclm\u0259si fakt\u0131 il\u0259 ba\u011fl\u0131 rayon prokurorlu\u011funa m\u0259lumat daxil olmu\u015fdur. Apar\u0131lm\u0131\u015f ara\u015fd\u0131rmalarla z\u0259r\u0259r\u00e7\u0259kmi\u015fin i\u015f yolda\u015f\u0131 1997-ci il t\u0259v\u0259ll\u00fcdl\u00fc B\u0259xtiyar \u018fhm\u0259dli \u015f\u0259xsi m\u00fcnasib\u0259tl\u0259r z\u0259minind\u0259 aralar\u0131nda yaranm\u0131\u015f m\u00fcnaqi\u015f\u0259 zaman\u0131 G\u00fclar\u0259 Q\u0259hr\u0259manovaya b\u0131\u00e7aqla \u00e7oxsayl\u0131 x\u0259sar\u0259tl\u0259r yetirm\u0259kl\u0259 onu q\u0259sd\u0259n \u00f6ld\u00fcrm\u0259sin\u0259 \u0259sasl\u0131 \u015f\u00fcbh\u0259l\u0259r m\u00fc\u0259yy\u0259n edilmi\u015fdir. Faktla ba\u011fl\u0131 \u0130smay\u0131ll\u0131 rayon prokurorlu\u011funda Cinay\u0259t M\u0259c\u0259ll\u0259sinin 120.1-ci (q\u0259sd\u0259n adam \u00f6ld\u00fcrm\u0259) madd\u0259si il\u0259 cinay\u0259t i\u015fi ba\u015flanm\u0131\u015fd\u0131r. B\u0259xtiyar \u018fhm\u0259dli \u015f\u00fcbh\u0259li \u015f\u0259xs qismind\u0259 tutularaq istintaqa c\u0259lb edilmi\u015fdir. Haz\u0131rda cinay\u0259t i\u015fi \u00fczr\u0259 istintaq davam edir.<\/p>\n","protected":false},"author":2,"featured_media":437732,"comment_status":"closed","ping_status":"closed","sticky":false,"template":"","format":"standard","meta":{"om_disable_all_campaigns":false,"_monsterinsights_skip_tracking":false,"_monsterinsights_sitenote_active":false,"_monsterinsights_sitenote_note":"","_monsterinsights_sitenote_category":0},"categories":[5],"tags":[],"aioseo_notices":[],"gutentor_comment":0,"rttpg_featured_image_url":{"full":["https:\/\/arantv.az\/wp-content\/uploads\/2022\/02\/SWNO2gBij0qPlohvG3mVe7lE7tnwqflV0aA38oXm.jpg",2000,2000,false],"landscape":["https:\/\/arantv.az\/wp-content\/uploads\/2022\/02\/SWNO2gBij0qPlohvG3mVe7lE7tnwqflV0aA38oXm.jpg",2000,2000,false],"portraits":["https:\/\/arantv.az\/wp-content\/uploads\/2022\/02\/SWNO2gBij0qPlohvG3mVe7lE7tnwqflV0aA38oXm.jpg",2000,2000,false],"thumbnail":["https:\/\/arantv.az\/wp-content\/uploads\/2022\/02\/SWNO2gBij0qPlohvG3mVe7lE7tnwqflV0aA38oXm-500x280.jpg",500,280,true],"medium":["https:\/\/arantv.az\/wp-content\/uploads\/2022\/02\/SWNO2gBij0qPlohvG3mVe7lE7tnwqflV0aA38oXm-365x365.jpg",365,365,true],"large":["https:\/\/arantv.az\/wp-content\/uploads\/2022\/02\/SWNO2gBij0qPlohvG3mVe7lE7tnwqflV0aA38oXm-840x840.jpg",640,640,true],"1536x1536":["https:\/\/arantv.az\/wp-content\/uploads\/2022\/02\/SWNO2gBij0qPlohvG3mVe7lE7tnwqflV0aA38oXm-1536x1536.jpg",1536,1536,true],"2048x2048":["https:\/\/arantv.az\/wp-content\/uploads\/2022\/02\/SWNO2gBij0qPlohvG3mVe7lE7tnwqflV0aA38oXm.jpg",2000,2000,false],"post-thumbnail":["https:\/\/arantv.az\/wp-content\/uploads\/2022\/02\/SWNO2gBij0qPlohvG3mVe7lE7tnwqflV0aA38oXm-240x172.jpg",240,172,true],"advps-thumb-one":["https:\/\/arantv.az\/wp-content\/uploads\/2022\/02\/SWNO2gBij0qPlohvG3mVe7lE7tnwqflV0aA38oXm-1200x620.jpg",1200,620,true]},"rttpg_author":{"display_name":"V\u00fcsal Rafiqo\u011flu","author_link":"https:\/\/arantv.az\/?author=2"},"rttpg_comment":0,"rttpg_category":"<a href=\"https:\/\/arantv.az\/?cat=5\" rel=\"category\">Hadis\u0259<\/a>","rttpg_excerpt":"Fevral\u0131n 11-i \u0130smay\u0131ll\u0131 rayonu Basqal q\u0259s\u0259b\u0259 tam orta m\u0259kt\u0259bin h\u0259y\u0259tind\u0259 1982-ci il t\u0259v\u0259ll\u00fcdl\u00fc G\u00fclar\u0259 Q\u0259hr\u0259manovan\u0131n \u00f6ld\u00fcr\u00fclm\u0259si fakt\u0131 il\u0259 ba\u011fl\u0131 rayon prokurorlu\u011funa m\u0259lumat daxil olmu\u015fdur. Apar\u0131lm\u0131\u015f ara\u015fd\u0131rmalarla z\u0259r\u0259r\u00e7\u0259kmi\u015fin i\u015f yolda\u015f\u0131 1997-ci il t\u0259v\u0259ll\u00fcdl\u00fc B\u0259xtiyar \u018fhm\u0259dli \u015f\u0259xsi m\u00fcnasib\u0259tl\u0259r z\u0259minind\u0259 aralar\u0131nda yaranm\u0131\u015f m\u00fcnaqi\u015f\u0259 zaman\u0131 G\u00fclar\u0259 Q\u0259hr\u0259manovaya b\u0131\u00e7aqla \u00e7oxsayl\u0131 x\u0259sar\u0259tl\u0259r yetirm\u0259kl\u0259 onu q\u0259sd\u0259n \u00f6ld\u00fcrm\u0259sin\u0259 \u0259sasl\u0131 \u015f\u00fcbh\u0259l\u0259r m\u00fc\u0259yy\u0259n edilmi\u015fdir. Faktla&hellip;","_links":{"self":[{"href":"https:\/\/arantv.az\/index.php?rest_route=\/wp\/v2\/posts\/437731"}],"collection":[{"href":"https:\/\/arantv.az\/index.php?rest_route=\/wp\/v2\/posts"}],"about":[{"href":"https:\/\/arantv.az\/index.php?rest_route=\/wp\/v2\/types\/post"}],"author":[{"embeddable":true,"href":"https:\/\/arantv.az\/index.php?rest_route=\/wp\/v2\/users\/2"}],"replies":[{"embeddable":true,"href":"https:\/\/arantv.az\/index.php?rest_route=%2Fwp%2Fv2%2Fcomments&post=437731"}],"version-history":[{"count":0,"href":"https:\/\/arantv.az\/index.php?rest_route=\/wp\/v2\/posts\/437731\/revisions"}],"wp:featuredmedia":[{"embeddable":true,"href":"https:\/\/arantv.az\/index.php?rest_route=\/wp\/v2\/media\/437732"}],"wp:attachment":[{"href":"https:\/\/arantv.az\/index.php?rest_route=%2Fwp%2Fv2%2Fmedia&parent=437731"}],"wp:term":[{"taxonomy":"category","embeddable":true,"href":"https:\/\/arantv.az\/index.php?rest_route=%2Fwp%2Fv2%2Fcategories&post=437731"},{"taxonomy":"post_tag","embeddable":true,"href":"https:\/\/arantv.az\/index.php?rest_route=%2Fwp%2Fv2%2Ftags&post=437731"}],"curies":[{"name":"wp","href":"https:\/\/api.w.org\/{rel}","templated":true}]}}