{"id":437734,"date":"2022-02-11T15:48:59","date_gmt":"2022-02-11T12:48:59","guid":{"rendered":"http:\/\/arantv.az\/?p=437734"},"modified":"2022-02-11T15:48:59","modified_gmt":"2022-02-11T12:48:59","slug":"yeni-cagirislarda-xosb%c9%99xt-m%c9%99kt%c9%99bl%c9%99r-haqqinda-danisilacaq","status":"publish","type":"post","link":"https:\/\/arantv.az\/?p=437734","title":{"rendered":"&#8220;Yeni \u00e7a\u011f\u0131r\u0131\u015flar\u201dda xo\u015fb\u0259xt m\u0259kt\u0259bl\u0259r haqq\u0131nda dan\u0131\u015f\u0131lacaq"},"content":{"rendered":"<div id=\"printableArea\">\n<p>21 fevral saat 21:00-da \u201cYeni \u00e7a\u011f\u0131r\u0131\u015flar\u201d onlayn m\u00fczakir\u0259 proqram\u0131n\u0131n n\u00f6vb\u0259ti burax\u0131l\u0131\u015f\u0131 yay\u0131mlanacaq. Proqram\u0131n bud\u0259f\u0259ki qona\u011f\u0131 tan\u0131nm\u0131\u015f t\u00fcrkiy\u0259li psixoloq, Balta\u015f Qrupunun r\u0259hb\u0259ri, professor Acar Balta\u015fd\u0131r. Qabaqc\u0131l elm adam\u0131 Acar Balta\u015f il\u0259 xo\u015fb\u0259xt m\u0259kt\u0259bl\u0259r bar\u0259d\u0259 dan\u0131\u015f\u0131lacaq.<\/p>\n<p>Professor C\u0259rrahpa\u015fa Universitetind\u0259 doktorantura t\u0259hsili zaman\u0131 T\u00fcrkiy\u0259d\u0259 ilk d\u0259f\u0259 olaraq neyro-psixologiya m\u00f6vzusunu ara\u015fd\u0131r\u0131b, \u201cBeynin y\u00fcks\u0259k funksiyalar\u0131\u201d haqq\u0131nda t\u0259dqiqatlar apar\u0131b. Acar Balta\u015f 1983-c\u00fc ild\u0259n bu g\u00fcn\u0259 kimi t\u0259\u015fkilati psixologiya m\u00f6vzusunda t\u0259cr\u00fcb\u0259sini i\u015f h\u0259yat\u0131n\u0131n ehtiyaclar\u0131 il\u0259 uzla\u015fd\u0131raraq liderlik v\u0259 komanda i\u015fi m\u00f6vzusunda seminarlar verir, kitablar yaz\u0131r v\u0259 insan resurslar\u0131 sah\u0259sind\u0259 xidm\u0259t g\u00f6st\u0259r\u0259n Balta\u015f Qrupunu idar\u0259 edir.<\/p>\n<p>\u201cH\u0259yat\u0131 dolu-dolu ya\u015famaq\u201d, \u201cX\u0259yal\u0131n\u0131 yor\u011fan\u0131na g\u00f6r\u0259 uzat\u201d, \u201cT\u00fcrk m\u0259d\u0259niyy\u0259tind\u0259 idar\u0259\u00e7ilik\u201d, \u201cYeni minillikd\u0259 i\u015f u\u011furunun 12 a\u00e7ar\u0131\u201d, &#8220;Bir s\u0259yah\u0259t olaraq liderlik\u201d v\u0259 dig\u0259r kitablar\u0131n m\u00fc\u0259llifidir.<\/p>\n<p>Qeyd ed\u0259k ki, T\u0259hsil Nazirliyinin d\u0259st\u0259yi v\u0259 \u201cT-Network\u201d platformas\u0131n\u0131n\u0131n t\u0259\u015fkilat\u00e7\u0131l\u0131\u011f\u0131 il\u0259 davam ed\u0259n proqram T\u0259hsil Nazirliyinin r\u0259smi \u201cFacebook\u201d s\u0259hif\u0259si \u00fcz\u0259rind\u0259n canl\u0131 yay\u0131mlanacaq.<br \/>\n&nbsp;<\/p>\n<div><\/div>\n<\/div>\n<div id=\"accordionExample\" class=\"accordion\"><\/div>\n<div id=\"galleria\" class=\"pt-4\">\n<div class=\"galleria-container notouch galleria-theme-classic\">\n<div class=\"galleria-stage\">\n<div class=\"galleria-images\">\n<div class=\"galleria-image\">\n<div class=\"galleria-layer\"><\/div>\n<\/div>\n<div class=\"galleria-image\"><img loading=\"lazy\" src=\"https:\/\/edu.gov.az\/uploads\/gallery\/2022\/2\/1644564922\/\/02-11.02.22-01.jpg\" width=\"430\" height=\"430\" \/><\/div>\n<\/div>\n<div class=\"galleria-counter\"><\/div>\n<\/div>\n<\/div>\n<\/div>\n","protected":false},"excerpt":{"rendered":"<p>21 fevral saat 21:00-da \u201cYeni \u00e7a\u011f\u0131r\u0131\u015flar\u201d onlayn m\u00fczakir\u0259 proqram\u0131n\u0131n n\u00f6vb\u0259ti burax\u0131l\u0131\u015f\u0131 yay\u0131mlanacaq. Proqram\u0131n bud\u0259f\u0259ki qona\u011f\u0131 tan\u0131nm\u0131\u015f t\u00fcrkiy\u0259li psixoloq, Balta\u015f Qrupunun r\u0259hb\u0259ri, professor Acar Balta\u015fd\u0131r. Qabaqc\u0131l elm adam\u0131 Acar Balta\u015f il\u0259 xo\u015fb\u0259xt m\u0259kt\u0259bl\u0259r bar\u0259d\u0259 dan\u0131\u015f\u0131lacaq. Professor C\u0259rrahpa\u015fa Universitetind\u0259 doktorantura t\u0259hsili zaman\u0131 T\u00fcrkiy\u0259d\u0259 ilk d\u0259f\u0259 olaraq neyro-psixologiya m\u00f6vzusunu ara\u015fd\u0131r\u0131b, \u201cBeynin y\u00fcks\u0259k funksiyalar\u0131\u201d haqq\u0131nda t\u0259dqiqatlar apar\u0131b. Acar Balta\u015f 1983-c\u00fc ild\u0259n bu g\u00fcn\u0259 kimi t\u0259\u015fkilati psixologiya m\u00f6vzusunda t\u0259cr\u00fcb\u0259sini i\u015f h\u0259yat\u0131n\u0131n ehtiyaclar\u0131 il\u0259 uzla\u015fd\u0131raraq liderlik v\u0259 komanda i\u015fi m\u00f6vzusunda seminarlar verir, kitablar yaz\u0131r v\u0259 insan resurslar\u0131 sah\u0259sind\u0259 xidm\u0259t g\u00f6st\u0259r\u0259n Balta\u015f Qrupunu idar\u0259 edir. \u201cH\u0259yat\u0131 dolu-dolu&hellip;<\/p>\n","protected":false},"author":2,"featured_media":431921,"comment_status":"closed","ping_status":"closed","sticky":false,"template":"","format":"standard","meta":{"om_disable_all_campaigns":false,"_monsterinsights_skip_tracking":false,"_monsterinsights_sitenote_active":false,"_monsterinsights_sitenote_note":"","_monsterinsights_sitenote_category":0},"categories":[23],"tags":[],"aioseo_notices":[],"gutentor_comment":0,"rttpg_featured_image_url":{"full":["https:\/\/arantv.az\/wp-content\/uploads\/2022\/01\/tehsil_nazirliyi_048.jpg",800,600,false],"landscape":["https:\/\/arantv.az\/wp-content\/uploads\/2022\/01\/tehsil_nazirliyi_048.jpg",800,600,false],"portraits":["https:\/\/arantv.az\/wp-content\/uploads\/2022\/01\/tehsil_nazirliyi_048.jpg",800,600,false],"thumbnail":["https:\/\/arantv.az\/wp-content\/uploads\/2022\/01\/tehsil_nazirliyi_048-500x280.jpg",500,280,true],"medium":["https:\/\/arantv.az\/wp-content\/uploads\/2022\/01\/tehsil_nazirliyi_048-487x365.jpg",487,365,true],"large":["https:\/\/arantv.az\/wp-content\/uploads\/2022\/01\/tehsil_nazirliyi_048.jpg",640,480,false],"1536x1536":["https:\/\/arantv.az\/wp-content\/uploads\/2022\/01\/tehsil_nazirliyi_048.jpg",800,600,false],"2048x2048":["https:\/\/arantv.az\/wp-content\/uploads\/2022\/01\/tehsil_nazirliyi_048.jpg",800,600,false],"post-thumbnail":["https:\/\/arantv.az\/wp-content\/uploads\/2022\/01\/tehsil_nazirliyi_048-240x172.jpg",240,172,true],"advps-thumb-one":["https:\/\/arantv.az\/wp-content\/uploads\/2022\/01\/tehsil_nazirliyi_048.jpg",800,600,false]},"rttpg_author":{"display_name":"V\u00fcsal Rafiqo\u011flu","author_link":"https:\/\/arantv.az\/?author=2"},"rttpg_comment":0,"rttpg_category":"<a href=\"https:\/\/arantv.az\/?cat=23\" rel=\"category\">T\u0259hsil<\/a>","rttpg_excerpt":"21 fevral saat 21:00-da \u201cYeni \u00e7a\u011f\u0131r\u0131\u015flar\u201d onlayn m\u00fczakir\u0259 proqram\u0131n\u0131n n\u00f6vb\u0259ti burax\u0131l\u0131\u015f\u0131 yay\u0131mlanacaq. Proqram\u0131n bud\u0259f\u0259ki qona\u011f\u0131 tan\u0131nm\u0131\u015f t\u00fcrkiy\u0259li psixoloq, Balta\u015f Qrupunun r\u0259hb\u0259ri, professor Acar Balta\u015fd\u0131r. Qabaqc\u0131l elm adam\u0131 Acar Balta\u015f il\u0259 xo\u015fb\u0259xt m\u0259kt\u0259bl\u0259r bar\u0259d\u0259 dan\u0131\u015f\u0131lacaq. Professor C\u0259rrahpa\u015fa Universitetind\u0259 doktorantura t\u0259hsili zaman\u0131 T\u00fcrkiy\u0259d\u0259 ilk d\u0259f\u0259 olaraq neyro-psixologiya m\u00f6vzusunu ara\u015fd\u0131r\u0131b, \u201cBeynin y\u00fcks\u0259k funksiyalar\u0131\u201d haqq\u0131nda t\u0259dqiqatlar apar\u0131b. Acar Balta\u015f&hellip;","_links":{"self":[{"href":"https:\/\/arantv.az\/index.php?rest_route=\/wp\/v2\/posts\/437734"}],"collection":[{"href":"https:\/\/arantv.az\/index.php?rest_route=\/wp\/v2\/posts"}],"about":[{"href":"https:\/\/arantv.az\/index.php?rest_route=\/wp\/v2\/types\/post"}],"author":[{"embeddable":true,"href":"https:\/\/arantv.az\/index.php?rest_route=\/wp\/v2\/users\/2"}],"replies":[{"embeddable":true,"href":"https:\/\/arantv.az\/index.php?rest_route=%2Fwp%2Fv2%2Fcomments&post=437734"}],"version-history":[{"count":0,"href":"https:\/\/arantv.az\/index.php?rest_route=\/wp\/v2\/posts\/437734\/revisions"}],"wp:featuredmedia":[{"embeddable":true,"href":"https:\/\/arantv.az\/index.php?rest_route=\/wp\/v2\/media\/431921"}],"wp:attachment":[{"href":"https:\/\/arantv.az\/index.php?rest_route=%2Fwp%2Fv2%2Fmedia&parent=437734"}],"wp:term":[{"taxonomy":"category","embeddable":true,"href":"https:\/\/arantv.az\/index.php?rest_route=%2Fwp%2Fv2%2Fcategories&post=437734"},{"taxonomy":"post_tag","embeddable":true,"href":"https:\/\/arantv.az\/index.php?rest_route=%2Fwp%2Fv2%2Ftags&post=437734"}],"curies":[{"name":"wp","href":"https:\/\/api.w.org\/{rel}","templated":true}]}}