{"id":437742,"date":"2022-02-11T15:53:45","date_gmt":"2022-02-11T12:53:45","guid":{"rendered":"http:\/\/arantv.az\/?p=437742"},"modified":"2022-02-11T15:53:45","modified_gmt":"2022-02-11T12:53:45","slug":"dovl%c9%99t-imtahan-m%c9%99rk%c9%99zind%c9%99-fevralin-12-d%c9%99-toefl-ibt-imtahani-keciril%c9%99c%c9%99k","status":"publish","type":"post","link":"https:\/\/arantv.az\/?p=437742","title":{"rendered":"D\u00f6vl\u0259t \u0130mtahan M\u0259rk\u0259zind\u0259 fevral\u0131n 12-d\u0259 TOEFL iBT imtahan\u0131 ke\u00e7iril\u0259c\u0259k"},"content":{"rendered":"<p>ETS-in (<a href=\"https:\/\/www.ets.org\/\" target=\"_blank\" rel=\"noopener\">Educational Testing Service<\/a>\u2013T\u0259hsild\u0259 Qiym\u0259tl\u0259ndirm\u0259 Xidm\u0259ti)\u00a0<a href=\"https:\/\/www.ets.org\/toefl\" target=\"_blank\" rel=\"noopener\">TOEFL iBT<\/a>\u00a0imtahan\u0131 12 fevral 2022-ci ild\u0259\u00a0D\u00f6vl\u0259t \u0130mtahan M\u0259rk\u0259zinin Abdulvahab Salamzad\u0259 k\u00fc\u00e7\u0259si, 28\u00a0\u00fcnvan\u0131nda yerl\u0259\u015f\u0259n binas\u0131nda t\u0259\u015fkil olunacaq.<\/p>\n<p>\u0130mtahana g\u0259lm\u0259li olan \u015f\u0259xsl\u0259r saat 08:00-dan gec olmayaraq t\u0259l\u0259b olunan a\u015fa\u011f\u0131dak\u0131 s\u0259n\u0259dl\u0259rl\u0259 birlikd\u0259 imtahan binas\u0131nda olmal\u0131d\u0131rlar:<\/p>\n<p>1.\u00a0\u015e\u0259killi \u015f\u0259xsiyy\u0259t v\u0259siq\u0259si v\u0259 ya \u00fcmumv\u0259t\u0259nda\u015f pasportu;<\/p>\n<p>2.\u00a0\u0130mtahan i\u015ftirak\u00e7\u0131s\u0131n\u0131n sa\u011flaml\u0131\u011f\u0131 haqq\u0131nda b\u0259yannam\u0259.<\/p>\n<p>\u0130mtahan i\u015ftirak\u00e7\u0131s\u0131 \u201c<a href=\"http:\/\/dim.gov.az\/upload\/iblock\/6db\/6dbb37c5a34e297b20126f15b132552a.pdf\" target=\"_blank\" rel=\"noopener\">\u0130mtahan i\u015ftirak\u00e7\u0131s\u0131n\u0131n sa\u011flaml\u0131\u011f\u0131 haqq\u0131nda b\u0259yannam\u0259<\/a>\u201dni \u00e7ap edir v\u0259 imzalanm\u0131\u015f \u015f\u0259kild\u0259 g\u0259tirm\u0259lidir.<\/p>\n<p>\u0130mtahan saat 9:00-da ba\u015flan\u0131r.<\/p>\n<p>TOEFL iBT imtahan\u0131nda i\u015ftirak etm\u0259k \u00fc\u00e7\u00fcn 15 v\u0259 daha a\u015fa\u011f\u0131 ya\u015f qrupuna aid olan u\u015faqlar imtahan binas\u0131na valideynl\u0259ri il\u0259 birlikd\u0259 g\u0259lm\u0259lidirl\u0259r.<\/p>\n<p>Koronavirus (COVID-19) pandemiyas\u0131 il\u0259 \u0259laq\u0259dar h\u0259yata ke\u00e7iril\u0259n sanitar-gigiyenik t\u0259dbirl\u0259r \u00e7\u0259r\u00e7iv\u0259sind\u0259\u00a0imtahan binas\u0131na daxil olan i\u015ftirak\u00e7\u0131lar\u0131n m\u0259saf\u0259d\u0259n \u00f6l\u00e7\u0259 bil\u0259n elektron termometrl\u0259 b\u0259d\u0259n h\u0259rar\u0259tl\u0259ri yoxlan\u0131lacaq, z\u0259ruri dezinfeksiyaedici vasit\u0259l\u0259rd\u0259n istifad\u0259 olunacaq v\u0259 imtahan ota\u011f\u0131nda i\u015ftirak\u00e7\u0131lar\u0131n bir-birind\u0259n laz\u0131mi uzaq m\u0259saf\u0259d\u0259 \u0259yl\u0259\u015fdirilm\u0259si, h\u0259m\u00e7inin fasil\u0259 zaman\u0131 ara m\u0259saf\u0259nin saxlan\u0131lmas\u0131 t\u0259min olunacaq.<\/p>\n<p>\u0130\u015ftirak\u00e7\u0131lar imtahana tibbi maska il\u0259 g\u0259lm\u0259li v\u0259 onlardan d\u00fczg\u00fcn (burun, a\u011f\u0131z v\u0259 \u00e7\u0259n\u0259 nahiy\u0259sini tam \u00f6rtm\u0259kl\u0259) istifad\u0259 etm\u0259lidirl\u0259r. Maskan\u0131 \u00e7\u0131xarmaq qada\u011fand\u0131r v\u0259 b\u00fct\u00fcn proses (burax\u0131l\u0131\u015f rejimi, imtahan m\u00fcdd\u0259ti, imtahan binas\u0131n\u0131n t\u0259rk edilm\u0259si) boyu istifad\u0259 olunmal\u0131d\u0131r.<\/p>\n<p>TOEFL iBT imtahan\u0131 haqq\u0131nda daha \u0259trafl\u0131 m\u0259lumatla\u00a0<a href=\"http:\/\/dim.gov.az\/activities\/exams\/toefl\/\" target=\"_blank\" rel=\"noopener\">D\u0130M-in<\/a>\u00a0<a href=\"http:\/\/dim.gov.az\/activities\/exams\/toefl\/\" target=\"_blank\" rel=\"noopener\">s\u0259hif\u0259sind\u0259n\u00a0<\/a>tan\u0131\u015f olmaq m\u00fcmk\u00fcnd\u00fcr.<\/p>\n","protected":false},"excerpt":{"rendered":"<p>ETS-in (Educational Testing Service\u2013T\u0259hsild\u0259 Qiym\u0259tl\u0259ndirm\u0259 Xidm\u0259ti)\u00a0TOEFL iBT\u00a0imtahan\u0131 12 fevral 2022-ci ild\u0259\u00a0D\u00f6vl\u0259t \u0130mtahan M\u0259rk\u0259zinin Abdulvahab Salamzad\u0259 k\u00fc\u00e7\u0259si, 28\u00a0\u00fcnvan\u0131nda yerl\u0259\u015f\u0259n binas\u0131nda t\u0259\u015fkil olunacaq. \u0130mtahana g\u0259lm\u0259li olan \u015f\u0259xsl\u0259r saat 08:00-dan gec olmayaraq t\u0259l\u0259b olunan a\u015fa\u011f\u0131dak\u0131 s\u0259n\u0259dl\u0259rl\u0259 birlikd\u0259 imtahan binas\u0131nda olmal\u0131d\u0131rlar: 1.\u00a0\u015e\u0259killi \u015f\u0259xsiyy\u0259t v\u0259siq\u0259si v\u0259 ya \u00fcmumv\u0259t\u0259nda\u015f pasportu; 2.\u00a0\u0130mtahan i\u015ftirak\u00e7\u0131s\u0131n\u0131n sa\u011flaml\u0131\u011f\u0131 haqq\u0131nda b\u0259yannam\u0259. \u0130mtahan i\u015ftirak\u00e7\u0131s\u0131 \u201c\u0130mtahan i\u015ftirak\u00e7\u0131s\u0131n\u0131n sa\u011flaml\u0131\u011f\u0131 haqq\u0131nda b\u0259yannam\u0259\u201dni \u00e7ap edir v\u0259 imzalanm\u0131\u015f \u015f\u0259kild\u0259 g\u0259tirm\u0259lidir. \u0130mtahan saat 9:00-da ba\u015flan\u0131r. TOEFL iBT imtahan\u0131nda i\u015ftirak etm\u0259k \u00fc\u00e7\u00fcn 15 v\u0259 daha a\u015fa\u011f\u0131 ya\u015f qrupuna aid olan u\u015faqlar imtahan binas\u0131na valideynl\u0259ri il\u0259 birlikd\u0259 g\u0259lm\u0259lidirl\u0259r. Koronavirus (COVID-19) pandemiyas\u0131&hellip;<\/p>\n","protected":false},"author":2,"featured_media":376511,"comment_status":"closed","ping_status":"closed","sticky":false,"template":"","format":"standard","meta":{"om_disable_all_campaigns":false,"_monsterinsights_skip_tracking":false,"_monsterinsights_sitenote_active":false,"_monsterinsights_sitenote_note":"","_monsterinsights_sitenote_category":0},"categories":[1],"tags":[],"aioseo_notices":[],"gutentor_comment":0,"rttpg_featured_image_url":{"full":["https:\/\/arantv.az\/wp-content\/uploads\/2021\/09\/dim_dovlet_imtahan_merkezi_110417.jpg",800,450,false],"landscape":["https:\/\/arantv.az\/wp-content\/uploads\/2021\/09\/dim_dovlet_imtahan_merkezi_110417.jpg",800,450,false],"portraits":["https:\/\/arantv.az\/wp-content\/uploads\/2021\/09\/dim_dovlet_imtahan_merkezi_110417.jpg",800,450,false],"thumbnail":["https:\/\/arantv.az\/wp-content\/uploads\/2021\/09\/dim_dovlet_imtahan_merkezi_110417-500x280.jpg",500,280,true],"medium":["https:\/\/arantv.az\/wp-content\/uploads\/2021\/09\/dim_dovlet_imtahan_merkezi_110417-649x365.jpg",649,365,true],"large":["https:\/\/arantv.az\/wp-content\/uploads\/2021\/09\/dim_dovlet_imtahan_merkezi_110417.jpg",640,360,false],"1536x1536":["https:\/\/arantv.az\/wp-content\/uploads\/2021\/09\/dim_dovlet_imtahan_merkezi_110417.jpg",800,450,false],"2048x2048":["https:\/\/arantv.az\/wp-content\/uploads\/2021\/09\/dim_dovlet_imtahan_merkezi_110417.jpg",800,450,false],"post-thumbnail":["https:\/\/arantv.az\/wp-content\/uploads\/2021\/09\/dim_dovlet_imtahan_merkezi_110417-240x172.jpg",240,172,true],"advps-thumb-one":["https:\/\/arantv.az\/wp-content\/uploads\/2021\/09\/dim_dovlet_imtahan_merkezi_110417.jpg",800,450,false]},"rttpg_author":{"display_name":"V\u00fcsal Rafiqo\u011flu","author_link":"https:\/\/arantv.az\/?author=2"},"rttpg_comment":0,"rttpg_category":"<a href=\"https:\/\/arantv.az\/?cat=1\" rel=\"category\">C\u0259miyy\u0259t<\/a>","rttpg_excerpt":"ETS-in (Educational Testing Service\u2013T\u0259hsild\u0259 Qiym\u0259tl\u0259ndirm\u0259 Xidm\u0259ti)\u00a0TOEFL iBT\u00a0imtahan\u0131 12 fevral 2022-ci ild\u0259\u00a0D\u00f6vl\u0259t \u0130mtahan M\u0259rk\u0259zinin Abdulvahab Salamzad\u0259 k\u00fc\u00e7\u0259si, 28\u00a0\u00fcnvan\u0131nda yerl\u0259\u015f\u0259n binas\u0131nda t\u0259\u015fkil olunacaq. \u0130mtahana g\u0259lm\u0259li olan \u015f\u0259xsl\u0259r saat 08:00-dan gec olmayaraq t\u0259l\u0259b olunan a\u015fa\u011f\u0131dak\u0131 s\u0259n\u0259dl\u0259rl\u0259 birlikd\u0259 imtahan binas\u0131nda olmal\u0131d\u0131rlar: 1.\u00a0\u015e\u0259killi \u015f\u0259xsiyy\u0259t v\u0259siq\u0259si v\u0259 ya \u00fcmumv\u0259t\u0259nda\u015f pasportu; 2.\u00a0\u0130mtahan i\u015ftirak\u00e7\u0131s\u0131n\u0131n sa\u011flaml\u0131\u011f\u0131 haqq\u0131nda b\u0259yannam\u0259. \u0130mtahan i\u015ftirak\u00e7\u0131s\u0131 \u201c\u0130mtahan i\u015ftirak\u00e7\u0131s\u0131n\u0131n sa\u011flaml\u0131\u011f\u0131 haqq\u0131nda&hellip;","_links":{"self":[{"href":"https:\/\/arantv.az\/index.php?rest_route=\/wp\/v2\/posts\/437742"}],"collection":[{"href":"https:\/\/arantv.az\/index.php?rest_route=\/wp\/v2\/posts"}],"about":[{"href":"https:\/\/arantv.az\/index.php?rest_route=\/wp\/v2\/types\/post"}],"author":[{"embeddable":true,"href":"https:\/\/arantv.az\/index.php?rest_route=\/wp\/v2\/users\/2"}],"replies":[{"embeddable":true,"href":"https:\/\/arantv.az\/index.php?rest_route=%2Fwp%2Fv2%2Fcomments&post=437742"}],"version-history":[{"count":0,"href":"https:\/\/arantv.az\/index.php?rest_route=\/wp\/v2\/posts\/437742\/revisions"}],"wp:featuredmedia":[{"embeddable":true,"href":"https:\/\/arantv.az\/index.php?rest_route=\/wp\/v2\/media\/376511"}],"wp:attachment":[{"href":"https:\/\/arantv.az\/index.php?rest_route=%2Fwp%2Fv2%2Fmedia&parent=437742"}],"wp:term":[{"taxonomy":"category","embeddable":true,"href":"https:\/\/arantv.az\/index.php?rest_route=%2Fwp%2Fv2%2Fcategories&post=437742"},{"taxonomy":"post_tag","embeddable":true,"href":"https:\/\/arantv.az\/index.php?rest_route=%2Fwp%2Fv2%2Ftags&post=437742"}],"curies":[{"name":"wp","href":"https:\/\/api.w.org\/{rel}","templated":true}]}}