{"id":437744,"date":"2022-02-11T15:55:27","date_gmt":"2022-02-11T12:55:27","guid":{"rendered":"http:\/\/arantv.az\/?p=437744"},"modified":"2022-02-11T15:55:27","modified_gmt":"2022-02-11T12:55:27","slug":"media-reyestrinin-aparilmasi-qaydasinin-hazirlanmasina-baslanilib","status":"publish","type":"post","link":"https:\/\/arantv.az\/?p=437744","title":{"rendered":"Media reyestrinin apar\u0131lmas\u0131 qaydas\u0131n\u0131n haz\u0131rlanmas\u0131na ba\u015flan\u0131l\u0131b"},"content":{"rendered":"<p>Haz\u0131rda t\u0259r\u0259fimizd\u0259n media reyestrinin apar\u0131lmas\u0131 qaydas\u0131 haz\u0131rlan\u0131r v\u0259 bu layih\u0259 tez bir zamanda aidiyy\u0259ti \u00fczr\u0259 d\u00f6vl\u0259t qurumlar\u0131 il\u0259 raz\u0131la\u015fd\u0131r\u0131ld\u0131qdan sonra t\u0259sdiq edilm\u0259si \u00fc\u00e7\u00fcn t\u0259qdim olunacaq.<\/p>\n<p>Bunu Medianin \u0130nki\u015faf\u0131 Agentliyinin (MED\u0130A) icra\u00e7\u0131 direktoru \u018fhm\u0259d \u0130smay\u0131lov\u00a0<a href=\"https:\/\/az.trend.az\/\" target=\"_blank\" rel=\"noopener\">Trend<\/a>\u00a0B\u0130A-n\u0131n &#8220;Sahil K\u0259rimli il\u0259 Aktual&#8221; m\u00fc\u0259llif videolayih\u0259sin\u0259 m\u00fcsahib\u0259si zaman\u0131 deyib.<\/p>\n<p>O qeyd edib ki, Prezident \u0130lham \u018fliyevin 8 fevral tarixli F\u0259rman\u0131nda alt\u0131 ay \u0259rzind\u0259 Media Reyestrinin yarad\u0131lmas\u0131 il\u0259 ba\u011fl\u0131 tap\u015f\u0131r\u0131q n\u0259z\u0259rd\u0259 tutulub.<\/p>\n<p>&#8220;Qaydalar t\u0259sdiq olunduqdan sonra art\u0131q texniki \u015f\u0259rtl\u0259rin h\u0259ll olunmas\u0131 v\u0259 reyestrin \u0130T h\u0259ll\u0259rinin t\u0259min edilm\u0259si istiqam\u0259tind\u0259 t\u0259r\u0259fimizd\u0259n z\u0259ruri t\u0259dbirl\u0259r g\u00f6r\u00fcl\u0259c\u0259k. D\u00fc\u015f\u00fcn\u00fcr\u00fck ki, alt\u0131 ay \u0259rzind\u0259 biz bu reyestri yekunla\u015fd\u0131rmal\u0131y\u0131q&#8221;, &#8211; dey\u0259 \u018f.\u0130smay\u0131lov bildirib.<\/p>\n<p>O \u0259lav\u0259 edib ki, Media Reyestrind\u0259 h\u0259m media subyektl\u0259rimiz, h\u0259m d\u0259 k\u00f6n\u00fcll\u00fcl\u00fck \u0259sas\u0131nda jurnalistl\u0259rimiz qeydiyyata al\u0131na bil\u0259rl\u0259r.<\/p>\n<p>&#8220;Y\u0259ni jurnalistl\u0259rimizin qeydiyyat\u0131 m\u0259cburi deyil, jurnalistl\u0259r \u00f6z irad\u0259l\u0259ri \u0259sas\u0131nda h\u0259min reyestrd\u0259 olub-olmamalar\u0131 bar\u0259d\u0259 q\u0259rar verirl\u0259r. Media subyektl\u0259ri is\u0259 \u00fcmumiyy\u0259tl\u0259 qeydiyyata al\u0131n\u0131r. H\u0259m audiovizual media subyektl\u0259ri, h\u0259m onlayn, h\u0259m d\u0259 \u00e7ap media subyektl\u0259ri qeydiyyata al\u0131nacaq. \u0130nformasiya agentlikl\u0259ri \u00fc\u00e7\u00fcn d\u0259 media reyestrind\u0259 ayr\u0131ca bir b\u00f6lm\u0259 n\u0259z\u0259rd\u0259 tutulacaq.<\/p>\n<p>Media Reyestrinin yarad\u0131lmas\u0131n\u0131n m\u0259qs\u0259di media sah\u0259sind\u0259 sistemli yana\u015fman\u0131n t\u0259tbiqidir. Bu reyestr d\u00fcnyada m\u00f6vcud olan bildiri\u015f xarakterli reyestirdir, media subyektinin \u00f6z\u00fcn\u00fc b\u0259yanetm\u0259 mexanizmidir. Bu media reyestrinin formala\u015fmas\u0131 biz\u0259 imkan ver\u0259c\u0259k ki, media sah\u0259sinin v\u0259 jurnalistl\u0259rimizl\u0259 ba\u011fl\u0131 layih\u0259l\u0259rin h\u0259yata ke\u00e7irilm\u0259sinin iqtisadi v\u0259 h\u00fcquqi \u0259sasland\u0131r\u0131lmas\u0131n\u0131 h\u0259yata ke\u00e7ir\u0259k&#8221;, &#8211; dey\u0259 o qeyd edib.<\/p>\n","protected":false},"excerpt":{"rendered":"<p>Haz\u0131rda t\u0259r\u0259fimizd\u0259n media reyestrinin apar\u0131lmas\u0131 qaydas\u0131 haz\u0131rlan\u0131r v\u0259 bu layih\u0259 tez bir zamanda aidiyy\u0259ti \u00fczr\u0259 d\u00f6vl\u0259t qurumlar\u0131 il\u0259 raz\u0131la\u015fd\u0131r\u0131ld\u0131qdan sonra t\u0259sdiq edilm\u0259si \u00fc\u00e7\u00fcn t\u0259qdim olunacaq. Bunu Medianin \u0130nki\u015faf\u0131 Agentliyinin (MED\u0130A) icra\u00e7\u0131 direktoru \u018fhm\u0259d \u0130smay\u0131lov\u00a0Trend\u00a0B\u0130A-n\u0131n &#8220;Sahil K\u0259rimli il\u0259 Aktual&#8221; m\u00fc\u0259llif videolayih\u0259sin\u0259 m\u00fcsahib\u0259si zaman\u0131 deyib. O qeyd edib ki, Prezident \u0130lham \u018fliyevin 8 fevral tarixli F\u0259rman\u0131nda alt\u0131 ay \u0259rzind\u0259 Media Reyestrinin yarad\u0131lmas\u0131 il\u0259 ba\u011fl\u0131 tap\u015f\u0131r\u0131q n\u0259z\u0259rd\u0259 tutulub. &#8220;Qaydalar t\u0259sdiq olunduqdan sonra art\u0131q texniki \u015f\u0259rtl\u0259rin h\u0259ll olunmas\u0131 v\u0259 reyestrin \u0130T h\u0259ll\u0259rinin t\u0259min edilm\u0259si istiqam\u0259tind\u0259 t\u0259r\u0259fimizd\u0259n z\u0259ruri t\u0259dbirl\u0259r g\u00f6r\u00fcl\u0259c\u0259k. D\u00fc\u015f\u00fcn\u00fcr\u00fck ki, alt\u0131 ay \u0259rzind\u0259&hellip;<\/p>\n","protected":false},"author":2,"featured_media":437745,"comment_status":"closed","ping_status":"closed","sticky":false,"template":"","format":"standard","meta":{"om_disable_all_campaigns":false,"_monsterinsights_skip_tracking":false,"_monsterinsights_sitenote_active":false,"_monsterinsights_sitenote_note":"","_monsterinsights_sitenote_category":0},"categories":[19],"tags":[],"aioseo_notices":[],"gutentor_comment":0,"rttpg_featured_image_url":{"full":["https:\/\/arantv.az\/wp-content\/uploads\/2022\/02\/1018895.jpg",800,600,false],"landscape":["https:\/\/arantv.az\/wp-content\/uploads\/2022\/02\/1018895.jpg",800,600,false],"portraits":["https:\/\/arantv.az\/wp-content\/uploads\/2022\/02\/1018895.jpg",800,600,false],"thumbnail":["https:\/\/arantv.az\/wp-content\/uploads\/2022\/02\/1018895-500x280.jpg",500,280,true],"medium":["https:\/\/arantv.az\/wp-content\/uploads\/2022\/02\/1018895-487x365.jpg",487,365,true],"large":["https:\/\/arantv.az\/wp-content\/uploads\/2022\/02\/1018895.jpg",640,480,false],"1536x1536":["https:\/\/arantv.az\/wp-content\/uploads\/2022\/02\/1018895.jpg",800,600,false],"2048x2048":["https:\/\/arantv.az\/wp-content\/uploads\/2022\/02\/1018895.jpg",800,600,false],"post-thumbnail":["https:\/\/arantv.az\/wp-content\/uploads\/2022\/02\/1018895-240x172.jpg",240,172,true],"advps-thumb-one":["https:\/\/arantv.az\/wp-content\/uploads\/2022\/02\/1018895.jpg",800,600,false]},"rttpg_author":{"display_name":"V\u00fcsal Rafiqo\u011flu","author_link":"https:\/\/arantv.az\/?author=2"},"rttpg_comment":0,"rttpg_category":"<a href=\"https:\/\/arantv.az\/?cat=19\" rel=\"category\">G\u00fcnd\u0259m<\/a>","rttpg_excerpt":"Haz\u0131rda t\u0259r\u0259fimizd\u0259n media reyestrinin apar\u0131lmas\u0131 qaydas\u0131 haz\u0131rlan\u0131r v\u0259 bu layih\u0259 tez bir zamanda aidiyy\u0259ti \u00fczr\u0259 d\u00f6vl\u0259t qurumlar\u0131 il\u0259 raz\u0131la\u015fd\u0131r\u0131ld\u0131qdan sonra t\u0259sdiq edilm\u0259si \u00fc\u00e7\u00fcn t\u0259qdim olunacaq. Bunu Medianin \u0130nki\u015faf\u0131 Agentliyinin (MED\u0130A) icra\u00e7\u0131 direktoru \u018fhm\u0259d \u0130smay\u0131lov\u00a0Trend\u00a0B\u0130A-n\u0131n &#8220;Sahil K\u0259rimli il\u0259 Aktual&#8221; m\u00fc\u0259llif videolayih\u0259sin\u0259 m\u00fcsahib\u0259si zaman\u0131 deyib. O qeyd edib ki, Prezident \u0130lham \u018fliyevin 8 fevral tarixli F\u0259rman\u0131nda alt\u0131&hellip;","_links":{"self":[{"href":"https:\/\/arantv.az\/index.php?rest_route=\/wp\/v2\/posts\/437744"}],"collection":[{"href":"https:\/\/arantv.az\/index.php?rest_route=\/wp\/v2\/posts"}],"about":[{"href":"https:\/\/arantv.az\/index.php?rest_route=\/wp\/v2\/types\/post"}],"author":[{"embeddable":true,"href":"https:\/\/arantv.az\/index.php?rest_route=\/wp\/v2\/users\/2"}],"replies":[{"embeddable":true,"href":"https:\/\/arantv.az\/index.php?rest_route=%2Fwp%2Fv2%2Fcomments&post=437744"}],"version-history":[{"count":0,"href":"https:\/\/arantv.az\/index.php?rest_route=\/wp\/v2\/posts\/437744\/revisions"}],"wp:featuredmedia":[{"embeddable":true,"href":"https:\/\/arantv.az\/index.php?rest_route=\/wp\/v2\/media\/437745"}],"wp:attachment":[{"href":"https:\/\/arantv.az\/index.php?rest_route=%2Fwp%2Fv2%2Fmedia&parent=437744"}],"wp:term":[{"taxonomy":"category","embeddable":true,"href":"https:\/\/arantv.az\/index.php?rest_route=%2Fwp%2Fv2%2Fcategories&post=437744"},{"taxonomy":"post_tag","embeddable":true,"href":"https:\/\/arantv.az\/index.php?rest_route=%2Fwp%2Fv2%2Ftags&post=437744"}],"curies":[{"name":"wp","href":"https:\/\/api.w.org\/{rel}","templated":true}]}}