{"id":437759,"date":"2022-02-11T16:11:17","date_gmt":"2022-02-11T13:11:17","guid":{"rendered":"http:\/\/arantv.az\/?p=437759"},"modified":"2022-02-11T16:11:17","modified_gmt":"2022-02-11T13:11:17","slug":"bakida-kuc%c9%99d%c9%99-qizlara-hucum-ed%c9%99n-s%c9%99xs-bu-m%c9%99nim-hobbimdir-yenil%c9%99nib-video","status":"publish","type":"post","link":"https:\/\/arantv.az\/?p=437759","title":{"rendered":"Bak\u0131da k\u00fc\u00e7\u0259d\u0259 q\u0131zlara h\u00fccum ed\u0259n \u015f\u0259xs: \u201cBu, m\u0259nim hobbimdir\u201d &#8211; YEN\u0130L\u018fN\u0130B + V\u0130DEO"},"content":{"rendered":"<p>Bak\u0131da ictimai yerl\u0259rd\u0259 xan\u0131mlara qar\u015f\u0131 xuliqanl\u0131q \u0259m\u0259ll\u0259ri t\u00f6r\u0259d\u0259n \u015f\u0259xsl\u0259 ba\u011fl\u0131 maraql\u0131 faktlar ortaya \u00e7\u0131x\u0131b.<\/p>\n<p>Lent.az-\u0131n \u0259ld\u0259 etdiyi m\u0259lumata g\u00f6r\u0259, k\u00fc\u00e7\u0259d\u0259 xan\u0131mlara qar\u015f\u0131 xuliqanl\u0131q ed\u0259n 29 ya\u015fl\u0131 \u018fhm\u0259d H\u00fcseynovun \u0259m\u0259lind\u0259n z\u0259r\u0259r\u00e7\u0259k\u0259nl\u0259rin daha \u00e7ox oldu\u011fu bildirilir.<\/p>\n<article class=\"news\">\n<div class=\"news-inner\">\n<p>Bel\u0259 ki, s\u00f6z\u00fcged\u0259n video payla\u015f\u0131ld\u0131qdan sonra \u00e7oxlu sayda qad\u0131n Daxili \u0130\u015fl\u0259r Nazirliyin\u0259 z\u0259ng vuraraq h\u0259min \u015f\u0259xsin \u015fidd\u0259tin\u0259 m\u0259ruz qald\u0131qlar\u0131n\u0131 bildiribl\u0259r. \u0130lkin m\u0259lumata g\u00f6r\u0259, z\u0259r\u0259r\u00e7\u0259kmi\u015fl\u0259rin say\u0131 10-15 n\u0259f\u0259rdir. Z\u0259r\u0259r\u00e7\u0259k\u0259n xan\u0131mlar\u0131n say\u0131n\u0131n artmas\u0131 istisna olunmur.<\/p>\n<p>O da m\u0259lum olub ki, \u018f. H\u00fcseynov polis\u0259 verdiyi ilkin ifad\u0259sind\u0259 \u0259m\u0259lind\u0259n pe\u015fman oldu\u011funu bildirib. Amma buna baxmayaraq, o, qad\u0131nlara qar\u015f\u0131 bel\u0259 h\u0259r\u0259k\u0259t etm\u0259sind\u0259n xo\u015fland\u0131\u011f\u0131n\u0131 dil\u0259 g\u0259tirib: \u201cBu, m\u0259nim hobbimdir\u201d.<\/p>\n<p>Qeyd ed\u0259k ki, \u018f. H\u00fcseynovun yax\u0131n zamanlarda m\u0259hk\u0259m\u0259 qar\u015f\u0131s\u0131na \u00e7\u0131xar\u0131laca\u011f\u0131 bildirilir.<\/p>\n<p><strong>10:40<\/strong><\/p>\n<p>Sosial \u015f\u0259b\u0259k\u0259l\u0259rd\u0259 ictimai qaydan\u0131 kobud sur\u0259td\u0259 pozaraq qad\u0131nlara qar\u015f\u0131 xuliqanl\u0131q h\u0259r\u0259k\u0259tl\u0259ri t\u00f6r\u0259d\u0259n nam\u0259lum \u015f\u0259xs m\u00fc\u0259yy\u0259n olunaraq saxlan\u0131l\u0131b.<\/p>\n<p>Bu bar\u0259d\u0259 Daxili \u0130\u015fl\u0259r Nazirliyinin (D\u0130N) M\u0259tbuat Xidm\u0259tind\u0259n m\u0259lumat verilib.<\/p>\n<p>Ara\u015fd\u0131rmalara m\u00fc\u0259yy\u0259n olunub ki, 1993-c\u00fc il t\u0259v\u0259ll\u00fcdl\u00fc Yasamal rayon sakini \u018fhm\u0259d H\u00fcseynov eyni xarakterli xuliqanl\u0131q h\u0259r\u0259k\u0259tl\u0259rini dig\u0259r xan\u0131mlara qar\u015f\u0131 da t\u00f6r\u0259dib. O, ilkin ifad\u0259sind\u0259 t\u00f6r\u0259tdiyi \u0259m\u0259ll\u0259ri etiraf edib.<\/p>\n<p>\u0130ctimai qaydan\u0131 kobud sur\u0259td\u0259 pozan, c\u0259miyy\u0259t\u0259 a\u00e7\u0131qca h\u00f6rm\u0259tsizlik ifad\u0259 ed\u0259n, \u015f\u0259xsl\u0259r \u00fcz\u0259rind\u0259 zor t\u0259tbiq olunmas\u0131n\u0131n t\u0259rkib \u0259lam\u0259tl\u0259ri oldu\u011fundan fakta g\u00f6r\u0259 Yasamal Rayon Polis \u0130dar\u0259sinin \u0130stintaq \u015e\u00f6b\u0259sind\u0259 Cinay\u0259t M\u0259c\u0259ll\u0259sinin 221-ci (Xuliqanl\u0131q) madd\u0259si il\u0259 cinay\u0259t i\u015fi ba\u015flan\u0131b, i\u015f \u00fczr\u0259 istintaq h\u0259r\u0259k\u0259tl\u0259ri apar\u0131l\u0131r.<\/p>\n<p>\u018f.H\u00fcseynovun \u0259m\u0259ll\u0259rind\u0259n z\u0259r\u0259r\u00e7\u0259k\u0259n ba\u015fqa v\u0259t\u0259nda\u015flar varsa \u0259razi polis orqanlar\u0131na, \u201c102\u201d Xidm\u0259ti-Z\u0259ng M\u0259rk\u0259zin\u0259 v\u0259 Nazirliyin sosial \u015f\u0259b\u0259k\u0259l\u0259rd\u0259ki r\u0259smi s\u0259hif\u0259l\u0259rin\u0259 m\u0259lumat ver\u0259 bil\u0259rl\u0259r.<\/p>\n<div><iframe loading=\"lazy\" src=\"https:\/\/player.baku.tv\/embed\/50213\" width=\"560\" height=\"315\" frameborder=\"0\" allowfullscreen=\"allowfullscreen\" data-mce-fragment=\"1\"><\/iframe><\/div>\n<p><strong>09:38<\/strong><\/p>\n<p>Bak\u0131da k\u00fc\u00e7\u0259d\u0259 ged\u0259rk\u0259n m\u0259kt\u0259bli q\u0131za \u015fill\u0259 vuran \u015f\u0259xs saxlan\u0131l\u0131b.<\/p>\n<p>\u201cQafqazinfo\u201dnun m\u0259lumat\u0131na g\u00f6r\u0259, ara\u015fd\u0131rmalar zaman\u0131 hadis\u0259ni t\u00f6r\u0259tm\u0259kd\u0259 \u015f\u00fcbh\u0259li bilin\u0259n \u015f\u0259xsin Yasamal rayon sakini \u018fhm\u0259d H\u00fcseynov oldu\u011fu m\u00fc\u0259yy\u0259nl\u0259\u015fib.<\/p>\n<p>Polis b\u00f6lm\u0259sind\u0259 izahat\u0131 al\u0131nan \u018f.H\u00fcseynov \u0259m\u0259lind\u0259n pe\u015fman oldu\u011funu, yeniyetm\u0259d\u0259n v\u0259 valideynl\u0259rind\u0259n \u00fczr ist\u0259diyini bildirib.<\/p>\n<p>Ara\u015fd\u0131rma zaman\u0131 m\u0259lum olub ki, o, eyni \u0259m\u0259li bir ne\u00e7\u0259 ba\u015fqa q\u0131za qar\u015f\u0131 da t\u00f6r\u0259dib.<\/p>\n<p>Xat\u0131rladaq ki, hadis\u0259 fevral\u0131n 5-d\u0259 \u201c\u0130n\u015faat\u00e7\u0131lar\u201d metro stansiyas\u0131n\u0131n \u00e7\u0131x\u0131\u015f\u0131nda ba\u015f verib. Atas\u0131n\u0131n bildirdiyin\u0259 g\u00f6r\u0259, sif\u0259tind\u0259n \u015fill\u0259nin t\u0259sirind\u0259n q\u0131z a\u011fz\u0131ndan v\u0259 burnundan x\u0259sar\u0259t al\u0131b, qan a\u00e7\u0131l\u0131b.<\/p>\n<div><iframe loading=\"lazy\" src=\"https:\/\/player.baku.tv\/embed\/50191\" width=\"560\" height=\"315\" frameborder=\"0\" allowfullscreen=\"allowfullscreen\" data-mce-fragment=\"1\"><\/iframe><\/div>\n<\/div>\n<\/article>\n<section class=\"related-news\">\n<div class=\"l-center\"><\/div>\n<\/section>\n","protected":false},"excerpt":{"rendered":"<p>Bak\u0131da ictimai yerl\u0259rd\u0259 xan\u0131mlara qar\u015f\u0131 xuliqanl\u0131q \u0259m\u0259ll\u0259ri t\u00f6r\u0259d\u0259n \u015f\u0259xsl\u0259 ba\u011fl\u0131 maraql\u0131 faktlar ortaya \u00e7\u0131x\u0131b. Lent.az-\u0131n \u0259ld\u0259 etdiyi m\u0259lumata g\u00f6r\u0259, k\u00fc\u00e7\u0259d\u0259 xan\u0131mlara qar\u015f\u0131 xuliqanl\u0131q ed\u0259n 29 ya\u015fl\u0131 \u018fhm\u0259d H\u00fcseynovun \u0259m\u0259lind\u0259n z\u0259r\u0259r\u00e7\u0259k\u0259nl\u0259rin daha \u00e7ox oldu\u011fu bildirilir. Bel\u0259 ki, s\u00f6z\u00fcged\u0259n video payla\u015f\u0131ld\u0131qdan sonra \u00e7oxlu sayda qad\u0131n Daxili \u0130\u015fl\u0259r Nazirliyin\u0259 z\u0259ng vuraraq h\u0259min \u015f\u0259xsin \u015fidd\u0259tin\u0259 m\u0259ruz qald\u0131qlar\u0131n\u0131 bildiribl\u0259r. \u0130lkin m\u0259lumata g\u00f6r\u0259, z\u0259r\u0259r\u00e7\u0259kmi\u015fl\u0259rin say\u0131 10-15 n\u0259f\u0259rdir. Z\u0259r\u0259r\u00e7\u0259k\u0259n xan\u0131mlar\u0131n say\u0131n\u0131n artmas\u0131 istisna olunmur. O da m\u0259lum olub ki, \u018f. H\u00fcseynov polis\u0259 verdiyi ilkin ifad\u0259sind\u0259 \u0259m\u0259lind\u0259n pe\u015fman oldu\u011funu bildirib. Amma buna baxmayaraq, o, qad\u0131nlara qar\u015f\u0131 bel\u0259 h\u0259r\u0259k\u0259t&hellip;<\/p>\n","protected":false},"author":2,"featured_media":437760,"comment_status":"closed","ping_status":"closed","sticky":false,"template":"","format":"standard","meta":{"om_disable_all_campaigns":false,"_monsterinsights_skip_tracking":false,"_monsterinsights_sitenote_active":false,"_monsterinsights_sitenote_note":"","_monsterinsights_sitenote_category":0},"categories":[1],"tags":[],"aioseo_notices":[],"gutentor_comment":0,"rttpg_featured_image_url":{"full":["https:\/\/arantv.az\/wp-content\/uploads\/2022\/02\/FotoJet-16-4.jpg",620,413,false],"landscape":["https:\/\/arantv.az\/wp-content\/uploads\/2022\/02\/FotoJet-16-4.jpg",620,413,false],"portraits":["https:\/\/arantv.az\/wp-content\/uploads\/2022\/02\/FotoJet-16-4.jpg",620,413,false],"thumbnail":["https:\/\/arantv.az\/wp-content\/uploads\/2022\/02\/FotoJet-16-4-500x280.jpg",500,280,true],"medium":["https:\/\/arantv.az\/wp-content\/uploads\/2022\/02\/FotoJet-16-4-548x365.jpg",548,365,true],"large":["https:\/\/arantv.az\/wp-content\/uploads\/2022\/02\/FotoJet-16-4.jpg",620,413,false],"1536x1536":["https:\/\/arantv.az\/wp-content\/uploads\/2022\/02\/FotoJet-16-4.jpg",620,413,false],"2048x2048":["https:\/\/arantv.az\/wp-content\/uploads\/2022\/02\/FotoJet-16-4.jpg",620,413,false],"post-thumbnail":["https:\/\/arantv.az\/wp-content\/uploads\/2022\/02\/FotoJet-16-4-240x172.jpg",240,172,true],"advps-thumb-one":["https:\/\/arantv.az\/wp-content\/uploads\/2022\/02\/FotoJet-16-4.jpg",620,413,false]},"rttpg_author":{"display_name":"V\u00fcsal Rafiqo\u011flu","author_link":"https:\/\/arantv.az\/?author=2"},"rttpg_comment":0,"rttpg_category":"<a href=\"https:\/\/arantv.az\/?cat=1\" rel=\"category\">C\u0259miyy\u0259t<\/a>","rttpg_excerpt":"Bak\u0131da ictimai yerl\u0259rd\u0259 xan\u0131mlara qar\u015f\u0131 xuliqanl\u0131q \u0259m\u0259ll\u0259ri t\u00f6r\u0259d\u0259n \u015f\u0259xsl\u0259 ba\u011fl\u0131 maraql\u0131 faktlar ortaya \u00e7\u0131x\u0131b. Lent.az-\u0131n \u0259ld\u0259 etdiyi m\u0259lumata g\u00f6r\u0259, k\u00fc\u00e7\u0259d\u0259 xan\u0131mlara qar\u015f\u0131 xuliqanl\u0131q ed\u0259n 29 ya\u015fl\u0131 \u018fhm\u0259d H\u00fcseynovun \u0259m\u0259lind\u0259n z\u0259r\u0259r\u00e7\u0259k\u0259nl\u0259rin daha \u00e7ox oldu\u011fu bildirilir. Bel\u0259 ki, s\u00f6z\u00fcged\u0259n video payla\u015f\u0131ld\u0131qdan sonra \u00e7oxlu sayda qad\u0131n Daxili \u0130\u015fl\u0259r Nazirliyin\u0259 z\u0259ng vuraraq h\u0259min \u015f\u0259xsin \u015fidd\u0259tin\u0259 m\u0259ruz qald\u0131qlar\u0131n\u0131 bildiribl\u0259r. \u0130lkin&hellip;","_links":{"self":[{"href":"https:\/\/arantv.az\/index.php?rest_route=\/wp\/v2\/posts\/437759"}],"collection":[{"href":"https:\/\/arantv.az\/index.php?rest_route=\/wp\/v2\/posts"}],"about":[{"href":"https:\/\/arantv.az\/index.php?rest_route=\/wp\/v2\/types\/post"}],"author":[{"embeddable":true,"href":"https:\/\/arantv.az\/index.php?rest_route=\/wp\/v2\/users\/2"}],"replies":[{"embeddable":true,"href":"https:\/\/arantv.az\/index.php?rest_route=%2Fwp%2Fv2%2Fcomments&post=437759"}],"version-history":[{"count":0,"href":"https:\/\/arantv.az\/index.php?rest_route=\/wp\/v2\/posts\/437759\/revisions"}],"wp:featuredmedia":[{"embeddable":true,"href":"https:\/\/arantv.az\/index.php?rest_route=\/wp\/v2\/media\/437760"}],"wp:attachment":[{"href":"https:\/\/arantv.az\/index.php?rest_route=%2Fwp%2Fv2%2Fmedia&parent=437759"}],"wp:term":[{"taxonomy":"category","embeddable":true,"href":"https:\/\/arantv.az\/index.php?rest_route=%2Fwp%2Fv2%2Fcategories&post=437759"},{"taxonomy":"post_tag","embeddable":true,"href":"https:\/\/arantv.az\/index.php?rest_route=%2Fwp%2Fv2%2Ftags&post=437759"}],"curies":[{"name":"wp","href":"https:\/\/api.w.org\/{rel}","templated":true}]}}