{"id":437762,"date":"2022-02-11T16:12:33","date_gmt":"2022-02-11T13:12:33","guid":{"rendered":"http:\/\/arantv.az\/?p=437762"},"modified":"2022-02-11T16:12:33","modified_gmt":"2022-02-11T13:12:33","slug":"erm%c9%99nistani-bu-d%c9%99f%c9%99-az%c9%99rbaycanin-%c9%99lind%c9%99n-kims%c9%99-xilas-ed%c9%99-bilm%c9%99y%c9%99c%c9%99k","status":"publish","type":"post","link":"https:\/\/arantv.az\/?p=437762","title":{"rendered":"Erm\u0259nistan\u0131 bu d\u0259f\u0259 Az\u0259rbaycan\u0131n \u0259lind\u0259n kims\u0259 xilas ed\u0259 bilm\u0259y\u0259c\u0259k"},"content":{"rendered":"<p><strong>Az\u0259rbaycan 30 illik h\u0259sr\u0259t\u0259 44 g\u00fcnl\u00fck m\u00fcharib\u0259 n\u0259tic\u0259sind\u0259 son qoymaqla t\u0259k V\u0259t\u0259n h\u0259sr\u0259tini bitirm\u0259di, eyni zamanda regionda yeni reall\u0131q yaratma\u011fa nail oldu. Postkonflikt d\u00f6vr\u00fc d\u0259 bir daha g\u00f6st\u0259rir ki, \u0130kinci Qaraba\u011f m\u00fcharib\u0259si zaman\u0131 Az\u0259rbaycana c\u0259bh\u0259 a\u00e7an,\u00a0r\u0259smi Bak\u0131n\u0131 m\u00fcharib\u0259ni d\u0259rhal dayand\u0131rmayaca\u011f\u0131 t\u0259qdird\u0259 h\u0259rbi m\u00fcdaxil\u0259 il\u0259 h\u0259d\u0259l\u0259y\u0259n d\u00f6vl\u0259tl\u0259r v\u0259 onlar\u0131n liderl\u0259ri bu g\u00fcn Az\u0259rbaycan\u0131n yaratd\u0131\u011f\u0131 yeni reall\u0131qla bar\u0131\u015f\u0131rlar, h\u0259tta bu reall\u0131\u011f\u0131 art\u0131q Erm\u0259nistan\u0131n da q\u0259bul etm\u0259si \u00fc\u00e7\u00fcn r\u0259smi \u0130r\u0259vana \u00e7a\u011f\u0131r\u0131\u015flar\u0131 il\u0259 d\u0259 diqq\u0259t m\u0259rk\u0259zin\u0259 d\u00fc\u015fm\u0259y\u0259 ba\u015flay\u0131blar.<\/strong><\/p>\n<p>Buna Az\u0259rbaycan Prezidentinin 14 dekabrda NATO ba\u015f katibi, el\u0259c\u0259 d\u0259 A\u0130 prezidenti \u015earl Mi\u015fell\u0259\u00a0Br\u00fcssel g\u00f6r\u00fc\u015f\u00fcnd\u0259 v\u0259 g\u00fcnl\u0259r \u00f6nc\u0259 (4 fevral) videoformatda ke\u00e7iril\u0259n \u015earl Mi\u015felin, Emannuel Makronun vasit\u0259\u00e7iliyi il\u0259 Erm\u0259nistan v\u0259 Az\u0259rbaycan d\u00f6vl\u0259t ba\u015f\u00e7\u0131lar\u0131n\u0131n n\u00f6vb\u0259ti g\u00f6r\u00fc\u015f\u00fc zaman\u0131 \u015fahid olduq.<\/p>\n<p><img src=\"https:\/\/img.milli.az\/2022\/02\/11\/1018865_0999.jpg\" alt=\"\" \/><\/p>\n<p>\u0130kinci Qaraba\u011f m\u00fcharib\u0259si il\u0259 Erm\u0259nistan\u0131 kapitulyasiya akt\u0131na imza atma\u011fa vadar ed\u0259n Az\u0259rbaycan d\u00fcnyada iqtisadi, maliyy\u0259 b\u00f6hran\u0131n\u0131n h\u0259l\u0259 d\u0259 ba\u015fa \u00e7atmad\u0131\u011f\u0131 bir vaxtda b\u00f6lg\u0259d\u0259 v\u0259 regionda yeni inki\u015faf tendensiyas\u0131 yaratmaq, qon\u015fularla bu inki\u015faf x\u0259tti il\u0259 birg\u0259 \u015f\u0259kild\u0259 b\u00f6hrandan mimimum itkil\u0259rl\u0259 \u00e7\u0131xmaq istiqam\u0259tind\u0259 art\u0131q \u00e7ox b\u00f6y\u00fck add\u0131mlar\u0131n at\u0131lmas\u0131 istiqam\u0259tind\u0259 vacib q\u0259rarlar verm\u0259y\u0259 ba\u015flay\u0131b. Bel\u0259 ki, b\u0259yanatda (10 noyabr) \u0259sas b\u0259ndl\u0259rd\u0259n birini t\u0259\u015fkil ed\u0259n Z\u0259ng\u0259zur d\u0259hlizi m\u0259s\u0259l\u0259sinin tez bir zamanda realla\u015fmas\u0131 istiqam\u0259tind\u0259 Az\u0259rbaycan \u00f6z \u0259razisind\u0259ki tikinti, ifrastruktur i\u015fl\u0259rini q\u0131sa zamanda yekunla\u015fd\u0131rmaq m\u0259qs\u0259dil\u0259 maksimum d\u0259r\u0259c\u0259d\u0259 \u0259lind\u0259n g\u0259l\u0259ni edir.<\/p>\n<p>R\u0259smi Bak\u0131 \u00e7ox yax\u015f\u0131 anlay\u0131r ki, bu d\u0259hliz t\u0259k Az\u0259rbaycan\u0131 yox, b\u00fct\u00fcnl\u00fckl\u0259 qit\u0259l\u0259r aras\u0131 \u00e7ox \u00f6n\u0259mli logistik imkanlara malik bir layih\u0259y\u0259 \u00e7evril\u0259c\u0259k. T\u0259bii ki, Z\u0259ng\u0259zur d\u0259hlizi Az\u0259rbaycan, Rusiya, T\u00fcrkiy\u0259, \u0130ran v\u0259 G\u00fcrc\u00fcstan \u00fc\u00e7\u00fcn n\u0259 d\u0259r\u0259c\u0259d\u0259 \u0259h\u0259miyy\u0259t k\u0259sb ed\u0259c\u0259ks\u0259, \u0259n az\u0131 onun q\u0259d\u0259r Erm\u0259nistan \u00fc\u00e7\u00fcn d\u0259 h\u0259yati \u0259h\u0259miyy\u0259t da\u015f\u0131yacaq, n\u0259f\u0259slik rolu oynayacaq. \u00c7\u00fcnki bu d\u0259hliz Erm\u0259nistan\u0131n Avropaya \u00e7\u0131x\u0131\u015f \u00fc\u00e7\u00fcn yegan\u0259 qap\u0131s\u0131 ola bil\u0259r. Bu g\u00fcn Erm\u0259nistan bunun \u0259h\u0259miyy\u0259tini h\u0259l\u0259 d\u0259 d\u0259rk etmi\u015f kimi g\u00f6r\u00fcnm\u0259s\u0259 d\u0259 Az\u0259rbaycan m\u0259qs\u0259dind\u0259n, yolundan d\u00f6nm\u0259k, qalib t\u0259r\u0259f kimi layih\u0259l\u0259rini Erm\u0259nistan\u0131n manipulyasiyalar\u0131, silahl\u0131 insidentl\u0259ri, revan\u015fistl\u0259rin siyasi absurd b\u0259yanatlar\u0131na g\u00f6r\u0259 t\u0259xir\u0259 salmayacaq, arxa plana atmayacaq.<\/p>\n<p><img src=\"https:\/\/img.milli.az\/2022\/02\/11\/1018865_02.jpg\" alt=\"\" \/><\/p>\n<p>Prezident \u0130lham \u018fliyevin &#8220;Qobu&#8221; Enerji Qov\u015fa\u011f\u0131n\u0131n &#8211; y\u00fck\u00f6t\u00fcrm\u0259 g\u00fcc\u00fc 1000 meqavat olan 330\/220\/110 kilovoltluq &#8220;Qobu&#8221; yar\u0131mstansiyas\u0131n\u0131n v\u0259 385 meqavatl\u0131q &#8220;Qobu&#8221; Elektrik Stansiyas\u0131n\u0131n a\u00e7\u0131l\u0131\u015f\u0131nda i\u015ftirak\u0131 v\u0259 onun AZ\u018fRTAC-a m\u00fcsahib\u0259si zaman\u0131 s\u0259sl\u0259ndirdiyi fikirl\u0259r bir daha Az\u0259rbaycan\u0131n yol x\u0259rit\u0259sini a\u00e7\u0131q \u015f\u0259kild\u0259 h\u0259r k\u0259s\u0259 b\u0259yan etmi\u015f oldu. &#8220;Z\u0259ng\u0259zur d\u0259hlizi \u00fcz\u0259rind\u0259n Az\u0259rbaycandan Nax\u00e7\u0131van Muxtar Respublikas\u0131na, oradan is\u0259 T\u00fcrkiy\u0259y\u0259 v\u0259 \u0130rana yeni x\u0259ttin \u00e7\u0259kili\u015fi indi art\u0131q planlar\u0131m\u0131zdad\u0131r v\u0259 m\u0259n demi\u015fdim ki, Z\u0259ng\u0259zur d\u0259hlizi t\u0259kc\u0259 d\u0259mir yolu, avtomobil yolu, hava n\u0259qliyyatl\u0131 \u00fc\u00e7\u00fcn deyil, eyni zamanda, enerji n\u00f6vl\u0259rinin bu d\u0259hliz \u00fcz\u0259rind\u0259n ixrac edilm\u0259si il\u0259 ba\u011fl\u0131 Z\u0259ng\u0259zur d\u0259hlizi \u00f6z rolunu oynayacaq v\u0259 Az\u0259rbaycan\u0131n ayr\u0131lmaz hiss\u0259si olan Nax\u00e7\u0131van Muxtar Respublikas\u0131n\u0131 elektrik enerjisi il\u0259 t\u0259min etm\u0259k \u00fc\u00e7\u00fcn v\u0259 oradan xarici bazarlara \u00e7\u0131xmaq \u00fc\u00e7\u00fcn v\u0259 T\u00fcrkiy\u0259d\u0259n sonra Avropaya \u00e7\u0131xmaq \u00fc\u00e7\u00fcn yeni bir x\u0259ttimiz olacaq&#8221;, &#8211; dey\u0259n d\u00f6vl\u0259t ba\u015f\u00e7\u0131s\u0131 bu a\u00e7\u0131qlamas\u0131 il\u0259 Az\u0259rbaycan\u0131n Z\u0259ng\u0259zur d\u0259hlizind\u0259n s\u0131rf n\u0259qliyyat imkanlar\u0131 m\u0259qs\u0259dil\u0259 istifad\u0259 etm\u0259y\u0259c\u0259yini, daha b\u00f6y\u00fck planlar, layih\u0259l\u0259r haz\u0131rland\u0131\u011f\u0131n\u0131 h\u0259r k\u0259s\u0259 duyurdu.<\/p>\n<p><img src=\"https:\/\/img.milli.az\/2022\/02\/11\/zengezur_dehlizi.png\" alt=\"\" \/><\/p>\n<p>M\u0259lum oldu ki, Az\u0259rbaycan bununla Avropan\u0131n etibarl\u0131 enerji m\u0259nb\u0259l\u0259rind\u0259n birin\u0259 \u00e7evrilm\u0259kd\u0259 israrl\u0131d\u0131r. Bununla r\u0259smi Bak\u0131 Avropan\u0131n \u0259n etibarl\u0131, g\u00fcv\u0259nil\u0259n enerji idxal\u00e7\u0131s\u0131 olaraq h\u0259m Q\u0259rbd\u0259 toxunulmazl\u0131q statusunu \u0259ld\u0259 ed\u0259c\u0259k, h\u0259m d\u0259 Az\u0259rbaycan\u0131n haqq s\u0259sin\u0259 art\u0131q beyn\u0259lxalq t\u0259\u015fkil\u0259tlar, qit\u0259nin ali qurumlar\u0131 v\u0259 siyasi liderl\u0259ri daha bigan\u0259 qala bilm\u0259y\u0259c\u0259kl\u0259r. M\u00fcqayis\u0259 ed\u0259rk\u0259n t\u0259bii ki, Q\u0259rb\u0259 qrantlar\u0131 hesab\u0131na m\u00f6vcudlu\u011funu birt\u0259h\u0259r t\u0259min ed\u0259n, diasporas\u0131n\u0131n pullar\u0131n\u0131 yem\u0259kl\u0259 n\u00f6vb\u0259ti g\u00fcn\u0259 ke\u00e7m\u0259yi bacaran,\u00a0he\u00e7 bir iqtisadi v\u0259 ticari\u00a0potensial\u0131 olmayan, b\u00f6hran\u0131n dibini ya\u015fayan Erm\u0259nistandansa, Az\u0259rbaycan kimi g\u00fccl\u00fc iqtisadi imkanlara\u00a0malik, qaz, neft, enerji m\u0259nb\u0259l\u0259ri il\u0259 z\u0259ngin olan bir \u00f6lk\u0259yl\u0259 \u0259m\u0259kda\u015fl\u0131q daha \u00f6n\u0259mlidir. \u0130qtisadiyyat\u0131n n\u0259 q\u0259d\u0259r g\u00fcc\u00fcl\u00fc olarsa Ordun da o q\u0259d\u0259r g\u00fccl\u00fcd\u00fcr v\u0259 h\u0259r k\u0259s s\u0259nl\u0259 hesabla\u015fma\u011fa m\u0259cburdur. Biz buna V\u0259t\u0259n m\u00fcharib\u0259sind\u0259n qalib \u00e7\u0131xan t\u0259r\u0259f kimi \u015fahidik.<\/p>\n<p>BMT T\u0259hl\u00fck\u0259sizlik \u015euras\u0131n\u0131n d\u00f6rd q\u0259tnam\u0259sin\u0259\u00a0\u0130kinci Qaraba\u011f m\u00fcharib\u0259sinin ba\u015flad\u0131\u011f\u0131 tarix\u0259 (27 xentyabr\u00a02020-ci il) kimi he\u00e7 bir \u0259h\u0259miyy\u0259t verm\u0259y\u0259r\u0259k, d\u0259rhal icra etm\u0259si \u00fc\u00e7\u00fcn h\u0259r hans\u0131 bir ciddi add\u0131mla qar\u015f\u0131-qar\u015f\u0131ya qalmayan Erm\u0259nistan ona yarad\u0131lan bu &#8220;\u015f\u0259raitd\u0259n&#8221;\u00a0gerid\u0259 qalan 30 il \u0259rzind\u0259 i\u015f\u011fal\u00e7\u0131l\u0131q siyas\u0259tini davam etdirm\u0259k m\u0259qs\u0259dil\u0259 genin\u0259-boluna istifad\u0259 etdi, daha da az\u011f\u0131nla\u015fd\u0131. Lakin bu haqs\u0131zl\u0131\u011fa s\u0259br, d\u00f6z\u00fcm g\u00f6st\u0259rib m\u0259qam\u0131n\u0131 g\u00f6zl\u0259y\u0259n Az\u0259rbaycan bu zamana kimi ona qar\u015f\u0131 ikili standartlardan yana\u015fan, Erm\u0259nistana &#8220;g\u00f6z\u00fcn \u00fcst\u0259 qa\u015f\u0131n var&#8221; dem\u0259y\u0259n beyn\u0259lxalq qurumlar\u0131, t\u0259\u015fkilatlar\u0131, d\u00f6vl\u0259tl\u0259ri v\u0259 siyas\u0259t\u00e7il\u0259ri n\u0259hay\u0259t h\u0259rbi q\u00fcdr\u0259ti, n\u00fcfuzu qar\u015f\u0131s\u0131nda susdurma\u011f\u0131 bacard\u0131.<\/p>\n<p><img src=\"https:\/\/img.milli.az\/2022\/02\/11\/1018865_022.jpg\" alt=\"\" \/><\/p>\n<p>Bu g\u00fcn d\u0259 g\u00f6r\u00fcr\u00fck ki, art\u0131q\u00a0zaman-zaman bir vaxtlar Erm\u0259nistana g\u00f6r\u0259 Az\u0259rbaycanla az qala d\u00fc\u015fm\u0259n olma\u011fa bel\u0259 haz\u0131r olan h\u0259min dair\u0259l\u0259r Bak\u0131 il\u0259 hesabla\u015fmaqdan, m\u00f6vqeyini dolay\u0131s\u0131 il\u0259 d\u0259 olsa d\u0259st\u0259kl\u0259m\u0259kd\u0259n ba\u015fqa yollar\u0131n\u0131n qalmad\u0131\u011f\u0131n\u0131 anlay\u0131rlar. Bu is\u0259 ill\u0259rdir taftalanan, g\u00f6rm\u0259zd\u0259n g\u0259lin\u0259n haqq-\u0259dal\u0259timizin t\u0259nt\u0259n\u0259si, q\u0259l\u0259b\u0259si dem\u0259kdir.\u00a0H\u0259rbi q\u00fcdr\u0259tini iqtisadi imkanlar\u0131 hesab\u0131na 15-20 il \u0259vv\u0259ll\u0259rl\u0259 m\u00fcqayis\u0259d\u0259 xeyli yax\u015f\u0131la\u015fd\u0131ran Az\u0259rbaycan d\u00fcnyan\u0131n \u0259n m\u00fcasir silahlar\u0131 il\u0259 \u00f6z\u00fcn\u00fc t\u0259min ed\u0259r\u0259k, yeni n\u0259sil texnikalar il\u0259\u00a0he\u00e7 kimin, he\u00e7 \u0259n pessimist erm\u0259ninin bel\u0259 a\u011fl\u0131na g\u0259lm\u0259y\u0259c\u0259yini 44 g\u00fcn\u0259 realla\u015fd\u0131rd\u0131.<\/p>\n<p>Bunun \u00fc\u00e7\u00fcn d\u0259 d\u00f6vl\u0259t ba\u015f\u00e7\u0131s\u0131 yeni geosiyasi d\u00fcz\u0259nd\u0259\u00a0Az\u0259rbaycan\u0131n m\u00f6vqel\u0259rini daha da g\u00fccl\u0259ndirm\u0259k, Az\u0259rbaycan\u0131 regionda, qit\u0259d\u0259 \u0259sas s\u00f6z sahibin\u0259 \u00e7evirm\u0259k istiqam\u0259tind\u0259 m\u00fch\u00fcm, g\u0259r\u0259kli add\u0131mlar at\u0131r. \u018fg\u0259r Erm\u0259nistan hakimiyy\u0259ti d\u00fc\u015f\u00fcn\u00fcrs\u0259 ki, s\u00f6zd\u0259 bir \u015fey deyib, \u0259m\u0259ld\u0259 ba\u015fqa h\u0259r\u0259k\u0259t ed\u0259r\u0259k 10 noyabr b\u0259yanat\u0131n\u0131n m\u00fcdd\u0259alar\u0131ndan qa\u00e7a bil\u0259c\u0259k, m\u00fcxt\u0259lif manipulyativ add\u0131mlarla d\u0259hlizin a\u00e7\u0131lmas\u0131n\u0131, delimitasiya v\u0259 demarkasiya m\u0259s\u0259l\u0259l\u0259rini, el\u0259c\u0259 d\u0259 b\u00f6y\u00fck s\u00fclh sazi\u015finin imzalanmas\u0131n\u0131\u00a0l\u0259ngid\u0259c\u0259k v\u0259 yaxud da bird\u0259f\u0259lik deaktivl\u0259\u015fdir\u0259c\u0259k, o zaman daha b\u00f6y\u00fck s\u0259hv\u0259 yol vermi\u015f olacaq.<\/p>\n<p><img src=\"https:\/\/img.milli.az\/2022\/02\/11\/xtq_qwvveleri.png\" alt=\"\" \/><\/p>\n<p>\u00c7\u00fcnk\u00fc bu d\u0259f\u0259 Az\u0259rbaycan\u0131n Erm\u0259nistan\u0131 ip\u0259-sapa yat\u0131rmaq \u00fc\u00e7\u00fcn bir yolu qal\u0131r &#8211; yeni h\u0259rbi \u0259m\u0259liyyat! Erm\u0259nistan\u0131n is\u0259 buna n\u0259 imkan\u0131 var, n\u0259 d\u0259 h\u0259rbi potensial\u0131. Erm\u0259nistandan f\u0259rqli olaraq is\u0259 Az\u0259rbaycan h\u0259r g\u00fcn i\u015f\u011faldan azad edil\u0259n \u0259razil\u0259rd\u0259 m\u00f6vqel\u0259rini daha da m\u00f6hk\u0259ml\u0259ndirir. Arada bel\u0259 bir b\u00f6y\u00fck f\u0259rq\u00a0oldu\u011fu halda Erm\u0259nistan\u0131n ataca\u011f\u0131 ist\u0259nil\u0259n destruktiv add\u0131m Pa\u015finyan\u0131n k\u00fcrs\u00fcs\u00fcn\u00fc ciddi z\u0259d\u0259l\u0259m\u0259kl\u0259 yana\u015f\u0131, Erm\u0259nistan\u0131n g\u0259l\u0259c\u0259yini m\u0259hv etmi\u015f ola bil\u0259r. Ona g\u00f6r\u0259 ki, bu d\u0259f\u0259\u00a0Erm\u0259nistan\u0131 Az\u0259rbaycan\u0131n \u0259lind\u0259n he\u00e7 kim xilas ed\u0259 bilm\u0259y\u0259c\u0259k. Bak\u0131n\u0131n \u0130r\u0259van\u0131n etimad\u0131 z\u0259d\u0259l\u0259y\u0259n bu davran\u0131\u015flar\u0131na daha 30 il d\u00f6z\u0259c\u0259k\u00a0q\u0259d\u0259r s\u0259bri qalmay\u0131b.<\/p>\n","protected":false},"excerpt":{"rendered":"<p>Az\u0259rbaycan 30 illik h\u0259sr\u0259t\u0259 44 g\u00fcnl\u00fck m\u00fcharib\u0259 n\u0259tic\u0259sind\u0259 son qoymaqla t\u0259k V\u0259t\u0259n h\u0259sr\u0259tini bitirm\u0259di, eyni zamanda regionda yeni reall\u0131q yaratma\u011fa nail oldu. Postkonflikt d\u00f6vr\u00fc d\u0259 bir daha g\u00f6st\u0259rir ki, \u0130kinci Qaraba\u011f m\u00fcharib\u0259si zaman\u0131 Az\u0259rbaycana c\u0259bh\u0259 a\u00e7an,\u00a0r\u0259smi Bak\u0131n\u0131 m\u00fcharib\u0259ni d\u0259rhal dayand\u0131rmayaca\u011f\u0131 t\u0259qdird\u0259 h\u0259rbi m\u00fcdaxil\u0259 il\u0259 h\u0259d\u0259l\u0259y\u0259n d\u00f6vl\u0259tl\u0259r v\u0259 onlar\u0131n liderl\u0259ri bu g\u00fcn Az\u0259rbaycan\u0131n yaratd\u0131\u011f\u0131 yeni reall\u0131qla bar\u0131\u015f\u0131rlar, h\u0259tta bu reall\u0131\u011f\u0131 art\u0131q Erm\u0259nistan\u0131n da q\u0259bul etm\u0259si \u00fc\u00e7\u00fcn r\u0259smi \u0130r\u0259vana \u00e7a\u011f\u0131r\u0131\u015flar\u0131 il\u0259 d\u0259 diqq\u0259t m\u0259rk\u0259zin\u0259 d\u00fc\u015fm\u0259y\u0259 ba\u015flay\u0131blar. Buna Az\u0259rbaycan Prezidentinin 14 dekabrda NATO ba\u015f katibi, el\u0259c\u0259 d\u0259 A\u0130 prezidenti \u015earl Mi\u015fell\u0259\u00a0Br\u00fcssel g\u00f6r\u00fc\u015f\u00fcnd\u0259 v\u0259&hellip;<\/p>\n","protected":false},"author":2,"featured_media":437763,"comment_status":"closed","ping_status":"closed","sticky":false,"template":"","format":"standard","meta":{"om_disable_all_campaigns":false,"_monsterinsights_skip_tracking":false,"_monsterinsights_sitenote_active":false,"_monsterinsights_sitenote_note":"","_monsterinsights_sitenote_category":0},"categories":[4],"tags":[],"aioseo_notices":[],"gutentor_comment":0,"rttpg_featured_image_url":{"full":["https:\/\/arantv.az\/wp-content\/uploads\/2022\/02\/1018865_0.jpg",800,600,false],"landscape":["https:\/\/arantv.az\/wp-content\/uploads\/2022\/02\/1018865_0.jpg",800,600,false],"portraits":["https:\/\/arantv.az\/wp-content\/uploads\/2022\/02\/1018865_0.jpg",800,600,false],"thumbnail":["https:\/\/arantv.az\/wp-content\/uploads\/2022\/02\/1018865_0-500x280.jpg",500,280,true],"medium":["https:\/\/arantv.az\/wp-content\/uploads\/2022\/02\/1018865_0-487x365.jpg",487,365,true],"large":["https:\/\/arantv.az\/wp-content\/uploads\/2022\/02\/1018865_0.jpg",640,480,false],"1536x1536":["https:\/\/arantv.az\/wp-content\/uploads\/2022\/02\/1018865_0.jpg",800,600,false],"2048x2048":["https:\/\/arantv.az\/wp-content\/uploads\/2022\/02\/1018865_0.jpg",800,600,false],"post-thumbnail":["https:\/\/arantv.az\/wp-content\/uploads\/2022\/02\/1018865_0-240x172.jpg",240,172,true],"advps-thumb-one":["https:\/\/arantv.az\/wp-content\/uploads\/2022\/02\/1018865_0.jpg",800,600,false]},"rttpg_author":{"display_name":"V\u00fcsal Rafiqo\u011flu","author_link":"https:\/\/arantv.az\/?author=2"},"rttpg_comment":0,"rttpg_category":"<a href=\"https:\/\/arantv.az\/?cat=4\" rel=\"category\">Siyas\u0259t<\/a>","rttpg_excerpt":"Az\u0259rbaycan 30 illik h\u0259sr\u0259t\u0259 44 g\u00fcnl\u00fck m\u00fcharib\u0259 n\u0259tic\u0259sind\u0259 son qoymaqla t\u0259k V\u0259t\u0259n h\u0259sr\u0259tini bitirm\u0259di, eyni zamanda regionda yeni reall\u0131q yaratma\u011fa nail oldu. Postkonflikt d\u00f6vr\u00fc d\u0259 bir daha g\u00f6st\u0259rir ki, \u0130kinci Qaraba\u011f m\u00fcharib\u0259si zaman\u0131 Az\u0259rbaycana c\u0259bh\u0259 a\u00e7an,\u00a0r\u0259smi Bak\u0131n\u0131 m\u00fcharib\u0259ni d\u0259rhal dayand\u0131rmayaca\u011f\u0131 t\u0259qdird\u0259 h\u0259rbi m\u00fcdaxil\u0259 il\u0259 h\u0259d\u0259l\u0259y\u0259n d\u00f6vl\u0259tl\u0259r v\u0259 onlar\u0131n liderl\u0259ri bu g\u00fcn Az\u0259rbaycan\u0131n yaratd\u0131\u011f\u0131 yeni reall\u0131qla&hellip;","_links":{"self":[{"href":"https:\/\/arantv.az\/index.php?rest_route=\/wp\/v2\/posts\/437762"}],"collection":[{"href":"https:\/\/arantv.az\/index.php?rest_route=\/wp\/v2\/posts"}],"about":[{"href":"https:\/\/arantv.az\/index.php?rest_route=\/wp\/v2\/types\/post"}],"author":[{"embeddable":true,"href":"https:\/\/arantv.az\/index.php?rest_route=\/wp\/v2\/users\/2"}],"replies":[{"embeddable":true,"href":"https:\/\/arantv.az\/index.php?rest_route=%2Fwp%2Fv2%2Fcomments&post=437762"}],"version-history":[{"count":0,"href":"https:\/\/arantv.az\/index.php?rest_route=\/wp\/v2\/posts\/437762\/revisions"}],"wp:featuredmedia":[{"embeddable":true,"href":"https:\/\/arantv.az\/index.php?rest_route=\/wp\/v2\/media\/437763"}],"wp:attachment":[{"href":"https:\/\/arantv.az\/index.php?rest_route=%2Fwp%2Fv2%2Fmedia&parent=437762"}],"wp:term":[{"taxonomy":"category","embeddable":true,"href":"https:\/\/arantv.az\/index.php?rest_route=%2Fwp%2Fv2%2Fcategories&post=437762"},{"taxonomy":"post_tag","embeddable":true,"href":"https:\/\/arantv.az\/index.php?rest_route=%2Fwp%2Fv2%2Ftags&post=437762"}],"curies":[{"name":"wp","href":"https:\/\/api.w.org\/{rel}","templated":true}]}}