{"id":437772,"date":"2022-02-11T17:31:25","date_gmt":"2022-02-11T14:31:25","guid":{"rendered":"http:\/\/arantv.az\/?p=437772"},"modified":"2022-02-11T17:31:25","modified_gmt":"2022-02-11T14:31:25","slug":"erm%c9%99nistanin-t%c9%99hvil-verdiyi-meyit-qaliqlarinin-kim%c9%99-aid-oldugu-mu%c9%99yy%c9%99nl%c9%99sdirilir","status":"publish","type":"post","link":"https:\/\/arantv.az\/?p=437772","title":{"rendered":"Erm\u0259nistan\u0131n t\u0259hvil verdiyi meyit qal\u0131qlar\u0131n\u0131n kim\u0259 aid oldu\u011fu m\u00fc\u0259yy\u0259nl\u0259\u015fdirilir"},"content":{"rendered":"<p>Beyn\u0259lxalq Q\u0131z\u0131l Xa\u00e7 Komit\u0259sinin vasit\u0259\u00e7iliyi il\u0259 Az\u0259rbaycan t\u0259r\u0259fin\u0259 b\u0259zi meyit qal\u0131qlar\u0131 qaytar\u0131l\u0131b, haz\u0131rda onlar\u0131n kimlikl\u0259rinin m\u00fc\u0259yy\u0259nl\u0259\u015fdirilm\u0259si prosesi gedir.<\/p>\n<div class=\"AdviadNativeVideo\"><\/div>\n<p>Bunu APA-ya a\u00e7\u0131qlamas\u0131nda \u018fsir v\u0259 itkin d\u00fc\u015fm\u00fc\u015f, girov g\u00f6t\u00fcr\u00fclm\u00fc\u015f v\u0259t\u0259nda\u015flarla \u0259laq\u0259dar D\u00f6vl\u0259t Komissiyas\u0131n\u0131n \u0130\u015f\u00e7i qrupu r\u0259hb\u0259rinin m\u00fcavini Eldar S\u0259m\u0259dov deyib.<\/p>\n<p>O qeyd edib ki, meyit qal\u0131qlar\u0131n\u0131n say\u0131n\u0131n n\u0259 q\u0259d\u0259r olaca\u011f\u0131 il\u0259 ba\u011fl\u0131 son m\u0259rh\u0259l\u0259d\u0259 d\u0259qiq m\u0259lumat bilin\u0259c\u0259k.<\/p>\n<p>Xat\u0131rladaq ki, Erm\u0259nistan\u0131n Ba\u015f naziri Nikol Pa\u015finyan parlamentd\u0259 deyib ki, son bir ild\u0259 Erm\u0259nistan Az\u0259rbaycan t\u0259r\u0259fin\u0259 Birinci Qaraba\u011f m\u00fcharib\u0259si zaman\u0131 itkin d\u00fc\u015fm\u00fc\u015f 108 n\u0259f\u0259rin meyitinin qal\u0131qlar\u0131n\u0131 t\u0259hvil verib.<\/p>\n<p>O, yax\u0131n g\u00fcnl\u0259rd\u0259 daha iki meyitin qal\u0131\u011f\u0131n\u0131 t\u0259hvil verm\u0259y\u0259 haz\u0131rla\u015fd\u0131qlar\u0131n\u0131 da vur\u011fulay\u0131b.<\/p>\n","protected":false},"excerpt":{"rendered":"<p>Beyn\u0259lxalq Q\u0131z\u0131l Xa\u00e7 Komit\u0259sinin vasit\u0259\u00e7iliyi il\u0259 Az\u0259rbaycan t\u0259r\u0259fin\u0259 b\u0259zi meyit qal\u0131qlar\u0131 qaytar\u0131l\u0131b, haz\u0131rda onlar\u0131n kimlikl\u0259rinin m\u00fc\u0259yy\u0259nl\u0259\u015fdirilm\u0259si prosesi gedir. Bunu APA-ya a\u00e7\u0131qlamas\u0131nda \u018fsir v\u0259 itkin d\u00fc\u015fm\u00fc\u015f, girov g\u00f6t\u00fcr\u00fclm\u00fc\u015f v\u0259t\u0259nda\u015flarla \u0259laq\u0259dar D\u00f6vl\u0259t Komissiyas\u0131n\u0131n \u0130\u015f\u00e7i qrupu r\u0259hb\u0259rinin m\u00fcavini Eldar S\u0259m\u0259dov deyib. O qeyd edib ki, meyit qal\u0131qlar\u0131n\u0131n say\u0131n\u0131n n\u0259 q\u0259d\u0259r olaca\u011f\u0131 il\u0259 ba\u011fl\u0131 son m\u0259rh\u0259l\u0259d\u0259 d\u0259qiq m\u0259lumat bilin\u0259c\u0259k. Xat\u0131rladaq ki, Erm\u0259nistan\u0131n Ba\u015f naziri Nikol Pa\u015finyan parlamentd\u0259 deyib ki, son bir ild\u0259 Erm\u0259nistan Az\u0259rbaycan t\u0259r\u0259fin\u0259 Birinci Qaraba\u011f m\u00fcharib\u0259si zaman\u0131 itkin d\u00fc\u015fm\u00fc\u015f 108 n\u0259f\u0259rin meyitinin qal\u0131qlar\u0131n\u0131 t\u0259hvil verib. O, yax\u0131n g\u00fcnl\u0259rd\u0259 daha iki meyitin qal\u0131\u011f\u0131n\u0131&hellip;<\/p>\n","protected":false},"author":2,"featured_media":392121,"comment_status":"closed","ping_status":"closed","sticky":false,"template":"","format":"standard","meta":{"om_disable_all_campaigns":false,"_monsterinsights_skip_tracking":false,"_monsterinsights_sitenote_active":false,"_monsterinsights_sitenote_note":"","_monsterinsights_sitenote_category":0},"categories":[1],"tags":[],"aioseo_notices":[],"gutentor_comment":0,"rttpg_featured_image_url":{"full":["https:\/\/arantv.az\/wp-content\/uploads\/2021\/10\/teleqraf.com14128340681365831372_meyit.jpg",800,450,false],"landscape":["https:\/\/arantv.az\/wp-content\/uploads\/2021\/10\/teleqraf.com14128340681365831372_meyit.jpg",800,450,false],"portraits":["https:\/\/arantv.az\/wp-content\/uploads\/2021\/10\/teleqraf.com14128340681365831372_meyit.jpg",800,450,false],"thumbnail":["https:\/\/arantv.az\/wp-content\/uploads\/2021\/10\/teleqraf.com14128340681365831372_meyit-500x280.jpg",500,280,true],"medium":["https:\/\/arantv.az\/wp-content\/uploads\/2021\/10\/teleqraf.com14128340681365831372_meyit-649x365.jpg",649,365,true],"large":["https:\/\/arantv.az\/wp-content\/uploads\/2021\/10\/teleqraf.com14128340681365831372_meyit.jpg",640,360,false],"1536x1536":["https:\/\/arantv.az\/wp-content\/uploads\/2021\/10\/teleqraf.com14128340681365831372_meyit.jpg",800,450,false],"2048x2048":["https:\/\/arantv.az\/wp-content\/uploads\/2021\/10\/teleqraf.com14128340681365831372_meyit.jpg",800,450,false],"post-thumbnail":["https:\/\/arantv.az\/wp-content\/uploads\/2021\/10\/teleqraf.com14128340681365831372_meyit-240x172.jpg",240,172,true],"advps-thumb-one":["https:\/\/arantv.az\/wp-content\/uploads\/2021\/10\/teleqraf.com14128340681365831372_meyit.jpg",800,450,false]},"rttpg_author":{"display_name":"V\u00fcsal Rafiqo\u011flu","author_link":"https:\/\/arantv.az\/?author=2"},"rttpg_comment":0,"rttpg_category":"<a href=\"https:\/\/arantv.az\/?cat=1\" rel=\"category\">C\u0259miyy\u0259t<\/a>","rttpg_excerpt":"Beyn\u0259lxalq Q\u0131z\u0131l Xa\u00e7 Komit\u0259sinin vasit\u0259\u00e7iliyi il\u0259 Az\u0259rbaycan t\u0259r\u0259fin\u0259 b\u0259zi meyit qal\u0131qlar\u0131 qaytar\u0131l\u0131b, haz\u0131rda onlar\u0131n kimlikl\u0259rinin m\u00fc\u0259yy\u0259nl\u0259\u015fdirilm\u0259si prosesi gedir. Bunu APA-ya a\u00e7\u0131qlamas\u0131nda \u018fsir v\u0259 itkin d\u00fc\u015fm\u00fc\u015f, girov g\u00f6t\u00fcr\u00fclm\u00fc\u015f v\u0259t\u0259nda\u015flarla \u0259laq\u0259dar D\u00f6vl\u0259t Komissiyas\u0131n\u0131n \u0130\u015f\u00e7i qrupu r\u0259hb\u0259rinin m\u00fcavini Eldar S\u0259m\u0259dov deyib. O qeyd edib ki, meyit qal\u0131qlar\u0131n\u0131n say\u0131n\u0131n n\u0259 q\u0259d\u0259r olaca\u011f\u0131 il\u0259 ba\u011fl\u0131 son m\u0259rh\u0259l\u0259d\u0259 d\u0259qiq m\u0259lumat bilin\u0259c\u0259k.&hellip;","_links":{"self":[{"href":"https:\/\/arantv.az\/index.php?rest_route=\/wp\/v2\/posts\/437772"}],"collection":[{"href":"https:\/\/arantv.az\/index.php?rest_route=\/wp\/v2\/posts"}],"about":[{"href":"https:\/\/arantv.az\/index.php?rest_route=\/wp\/v2\/types\/post"}],"author":[{"embeddable":true,"href":"https:\/\/arantv.az\/index.php?rest_route=\/wp\/v2\/users\/2"}],"replies":[{"embeddable":true,"href":"https:\/\/arantv.az\/index.php?rest_route=%2Fwp%2Fv2%2Fcomments&post=437772"}],"version-history":[{"count":0,"href":"https:\/\/arantv.az\/index.php?rest_route=\/wp\/v2\/posts\/437772\/revisions"}],"wp:featuredmedia":[{"embeddable":true,"href":"https:\/\/arantv.az\/index.php?rest_route=\/wp\/v2\/media\/392121"}],"wp:attachment":[{"href":"https:\/\/arantv.az\/index.php?rest_route=%2Fwp%2Fv2%2Fmedia&parent=437772"}],"wp:term":[{"taxonomy":"category","embeddable":true,"href":"https:\/\/arantv.az\/index.php?rest_route=%2Fwp%2Fv2%2Fcategories&post=437772"},{"taxonomy":"post_tag","embeddable":true,"href":"https:\/\/arantv.az\/index.php?rest_route=%2Fwp%2Fv2%2Ftags&post=437772"}],"curies":[{"name":"wp","href":"https:\/\/api.w.org\/{rel}","templated":true}]}}