{"id":437774,"date":"2022-02-11T17:32:02","date_gmt":"2022-02-11T14:32:02","guid":{"rendered":"http:\/\/arantv.az\/?p=437774"},"modified":"2022-02-11T17:32:02","modified_gmt":"2022-02-11T14:32:02","slug":"erm%c9%99nistan-meyit-qaliqlarini-qarisiq-verib-aciqlama","status":"publish","type":"post","link":"https:\/\/arantv.az\/?p=437774","title":{"rendered":"Erm\u0259nistan meyit qal\u0131qlar\u0131n\u0131 qar\u0131\u015f\u0131q verib &#8211; A\u00c7IQLAMA"},"content":{"rendered":"<p>\u201cErm\u0259nistan t\u0259r\u0259fi Az\u0259rbaycana meyit qal\u0131qlar\u0131n\u0131 qar\u0131\u015f\u0131q verib\u201d.<\/p>\n<div class=\"AdviadNativeVideo\"><\/div>\n<p>Bunu APA-ya a\u00e7\u0131qlamas\u0131nda \u018fsir v\u0259 itkin d\u00fc\u015fm\u00fc\u015f, girov g\u00f6t\u00fcr\u00fclm\u00fc\u015f v\u0259t\u0259nda\u015flarla \u0259laq\u0259dar D\u00f6vl\u0259t Komissiyas\u0131n\u0131n \u0130\u015f\u00e7i qrupu r\u0259hb\u0259rinin m\u00fcavini Eldar S\u0259m\u0259dov deyib.<\/p>\n<p>O bildirib ki, bu, meyitl\u0259rin k\u00fctl\u0259vi m\u0259zarl\u0131qlarda basd\u0131r\u0131ld\u0131\u011f\u0131n\u0131 s\u00fcbut edir: \u201cBeyn\u0259lxalq Q\u0131z\u0131l Xa\u00e7 Komit\u0259sinin vasit\u0259\u00e7iliyi il\u0259 Az\u0259rbaycan t\u0259r\u0259fin\u0259 b\u0259zi meyit qal\u0131qlar\u0131 qaytar\u0131lsa da, haz\u0131rda onlar\u0131n kimlikl\u0259rinin m\u00fc\u0259yy\u0259nl\u0259\u015fdirilm\u0259si prosesi gedir. Meyit qal\u0131qlar\u0131 \u0259sas\u0259n, qrunt sular\u0131, yeralt\u0131 sular\u0131n ke\u00e7diyi \u0259razil\u0259rd\u0259n g\u00f6t\u00fcr\u00fcl\u00fcb. Ona g\u00f6r\u0259 d\u0259 bu meyit qal\u0131qlar\u0131ndan DNT n\u00fcmun\u0259l\u0259ri \u0259ld\u0259 etm\u0259k \u00e7ox \u00e7\u0259tindir. Oradak\u0131 meyit qal\u0131qlar\u0131n\u0131n say\u0131n\u0131n n\u0259 q\u0259d\u0259r olaca\u011f\u0131 il\u0259 ba\u011fl\u0131 son m\u0259rh\u0259l\u0259d\u0259 d\u0259qiq m\u0259lumat olacaq\u201d.<\/p>\n<p>Xat\u0131rladaq ki, Erm\u0259nistan\u0131n Ba\u015f naziri Nikol Pa\u015finyan parlamentd\u0259 deyib ki, son bir ild\u0259 Erm\u0259nistan Az\u0259rbaycan t\u0259r\u0259fin\u0259 Birinci Qaraba\u011f m\u00fcharib\u0259si zaman\u0131 itkin d\u00fc\u015fm\u00fc\u015f 108 n\u0259f\u0259rin meyitinin qal\u0131qlar\u0131n\u0131 t\u0259hvil verib. O, yax\u0131n g\u00fcnl\u0259rd\u0259 daha 2 meyitin qal\u0131\u011f\u0131n\u0131 t\u0259hvil verm\u0259y\u0259 haz\u0131rla\u015fd\u0131qlar\u0131n\u0131 da vur\u011fulay\u0131b.<\/p>\n","protected":false},"excerpt":{"rendered":"<p>\u201cErm\u0259nistan t\u0259r\u0259fi Az\u0259rbaycana meyit qal\u0131qlar\u0131n\u0131 qar\u0131\u015f\u0131q verib\u201d. Bunu APA-ya a\u00e7\u0131qlamas\u0131nda \u018fsir v\u0259 itkin d\u00fc\u015fm\u00fc\u015f, girov g\u00f6t\u00fcr\u00fclm\u00fc\u015f v\u0259t\u0259nda\u015flarla \u0259laq\u0259dar D\u00f6vl\u0259t Komissiyas\u0131n\u0131n \u0130\u015f\u00e7i qrupu r\u0259hb\u0259rinin m\u00fcavini Eldar S\u0259m\u0259dov deyib. O bildirib ki, bu, meyitl\u0259rin k\u00fctl\u0259vi m\u0259zarl\u0131qlarda basd\u0131r\u0131ld\u0131\u011f\u0131n\u0131 s\u00fcbut edir: \u201cBeyn\u0259lxalq Q\u0131z\u0131l Xa\u00e7 Komit\u0259sinin vasit\u0259\u00e7iliyi il\u0259 Az\u0259rbaycan t\u0259r\u0259fin\u0259 b\u0259zi meyit qal\u0131qlar\u0131 qaytar\u0131lsa da, haz\u0131rda onlar\u0131n kimlikl\u0259rinin m\u00fc\u0259yy\u0259nl\u0259\u015fdirilm\u0259si prosesi gedir. Meyit qal\u0131qlar\u0131 \u0259sas\u0259n, qrunt sular\u0131, yeralt\u0131 sular\u0131n ke\u00e7diyi \u0259razil\u0259rd\u0259n g\u00f6t\u00fcr\u00fcl\u00fcb. Ona g\u00f6r\u0259 d\u0259 bu meyit qal\u0131qlar\u0131ndan DNT n\u00fcmun\u0259l\u0259ri \u0259ld\u0259 etm\u0259k \u00e7ox \u00e7\u0259tindir. Oradak\u0131 meyit qal\u0131qlar\u0131n\u0131n say\u0131n\u0131n n\u0259 q\u0259d\u0259r olaca\u011f\u0131 il\u0259 ba\u011fl\u0131 son m\u0259rh\u0259l\u0259d\u0259 d\u0259qiq&hellip;<\/p>\n","protected":false},"author":2,"featured_media":437775,"comment_status":"closed","ping_status":"closed","sticky":false,"template":"","format":"standard","meta":{"om_disable_all_campaigns":false,"_monsterinsights_skip_tracking":false,"_monsterinsights_sitenote_active":false,"_monsterinsights_sitenote_note":"","_monsterinsights_sitenote_category":0},"categories":[4],"tags":[],"aioseo_notices":[],"gutentor_comment":0,"rttpg_featured_image_url":{"full":["https:\/\/arantv.az\/wp-content\/uploads\/2022\/02\/FotoJet-85.jpg",620,413,false],"landscape":["https:\/\/arantv.az\/wp-content\/uploads\/2022\/02\/FotoJet-85.jpg",620,413,false],"portraits":["https:\/\/arantv.az\/wp-content\/uploads\/2022\/02\/FotoJet-85.jpg",620,413,false],"thumbnail":["https:\/\/arantv.az\/wp-content\/uploads\/2022\/02\/FotoJet-85-500x280.jpg",500,280,true],"medium":["https:\/\/arantv.az\/wp-content\/uploads\/2022\/02\/FotoJet-85-548x365.jpg",548,365,true],"large":["https:\/\/arantv.az\/wp-content\/uploads\/2022\/02\/FotoJet-85.jpg",620,413,false],"1536x1536":["https:\/\/arantv.az\/wp-content\/uploads\/2022\/02\/FotoJet-85.jpg",620,413,false],"2048x2048":["https:\/\/arantv.az\/wp-content\/uploads\/2022\/02\/FotoJet-85.jpg",620,413,false],"post-thumbnail":["https:\/\/arantv.az\/wp-content\/uploads\/2022\/02\/FotoJet-85-240x172.jpg",240,172,true],"advps-thumb-one":["https:\/\/arantv.az\/wp-content\/uploads\/2022\/02\/FotoJet-85.jpg",620,413,false]},"rttpg_author":{"display_name":"V\u00fcsal Rafiqo\u011flu","author_link":"https:\/\/arantv.az\/?author=2"},"rttpg_comment":0,"rttpg_category":"<a href=\"https:\/\/arantv.az\/?cat=4\" rel=\"category\">Siyas\u0259t<\/a>","rttpg_excerpt":"\u201cErm\u0259nistan t\u0259r\u0259fi Az\u0259rbaycana meyit qal\u0131qlar\u0131n\u0131 qar\u0131\u015f\u0131q verib\u201d. Bunu APA-ya a\u00e7\u0131qlamas\u0131nda \u018fsir v\u0259 itkin d\u00fc\u015fm\u00fc\u015f, girov g\u00f6t\u00fcr\u00fclm\u00fc\u015f v\u0259t\u0259nda\u015flarla \u0259laq\u0259dar D\u00f6vl\u0259t Komissiyas\u0131n\u0131n \u0130\u015f\u00e7i qrupu r\u0259hb\u0259rinin m\u00fcavini Eldar S\u0259m\u0259dov deyib. O bildirib ki, bu, meyitl\u0259rin k\u00fctl\u0259vi m\u0259zarl\u0131qlarda basd\u0131r\u0131ld\u0131\u011f\u0131n\u0131 s\u00fcbut edir: \u201cBeyn\u0259lxalq Q\u0131z\u0131l Xa\u00e7 Komit\u0259sinin vasit\u0259\u00e7iliyi il\u0259 Az\u0259rbaycan t\u0259r\u0259fin\u0259 b\u0259zi meyit qal\u0131qlar\u0131 qaytar\u0131lsa da, haz\u0131rda onlar\u0131n kimlikl\u0259rinin m\u00fc\u0259yy\u0259nl\u0259\u015fdirilm\u0259si prosesi&hellip;","_links":{"self":[{"href":"https:\/\/arantv.az\/index.php?rest_route=\/wp\/v2\/posts\/437774"}],"collection":[{"href":"https:\/\/arantv.az\/index.php?rest_route=\/wp\/v2\/posts"}],"about":[{"href":"https:\/\/arantv.az\/index.php?rest_route=\/wp\/v2\/types\/post"}],"author":[{"embeddable":true,"href":"https:\/\/arantv.az\/index.php?rest_route=\/wp\/v2\/users\/2"}],"replies":[{"embeddable":true,"href":"https:\/\/arantv.az\/index.php?rest_route=%2Fwp%2Fv2%2Fcomments&post=437774"}],"version-history":[{"count":0,"href":"https:\/\/arantv.az\/index.php?rest_route=\/wp\/v2\/posts\/437774\/revisions"}],"wp:featuredmedia":[{"embeddable":true,"href":"https:\/\/arantv.az\/index.php?rest_route=\/wp\/v2\/media\/437775"}],"wp:attachment":[{"href":"https:\/\/arantv.az\/index.php?rest_route=%2Fwp%2Fv2%2Fmedia&parent=437774"}],"wp:term":[{"taxonomy":"category","embeddable":true,"href":"https:\/\/arantv.az\/index.php?rest_route=%2Fwp%2Fv2%2Fcategories&post=437774"},{"taxonomy":"post_tag","embeddable":true,"href":"https:\/\/arantv.az\/index.php?rest_route=%2Fwp%2Fv2%2Ftags&post=437774"}],"curies":[{"name":"wp","href":"https:\/\/api.w.org\/{rel}","templated":true}]}}