{"id":437853,"date":"2022-02-11T19:18:38","date_gmt":"2022-02-11T16:18:38","guid":{"rendered":"http:\/\/arantv.az\/?p=437853"},"modified":"2022-02-11T19:18:38","modified_gmt":"2022-02-11T16:18:38","slug":"argentinani-mes%c9%99-yanginlari-buruyub-video","status":"publish","type":"post","link":"https:\/\/arantv.az\/?p=437853","title":{"rendered":"Argentinan\u0131 me\u015f\u0259 yan\u011f\u0131nlar\u0131 b\u00fcr\u00fcy\u00fcb &#8211; V\u0130DEO"},"content":{"rendered":"<p>Argentinan\u0131n Korrientes \u0259yal\u0259tind\u0259 davam ed\u0259n me\u015f\u0259 yan\u011f\u0131n\u0131 335 min hektar \u0259razini k\u00fcl\u0259 \u00e7evirib.<\/p>\n<div class=\"AdviadNativeVideo\"><\/div>\n<p>Art\u0131q bir h\u0259ft\u0259d\u0259n \u00e7oxdur davam ed\u0259n me\u015f\u0259 yan\u011f\u0131n\u0131 il\u0259 m\u00fcbariz\u0259y\u0259 onlarla yan\u011f\u0131ns\u00f6nd\u00fcr\u0259n texnika, y\u00fczl\u0259rl\u0259 yan\u011f\u0131ns\u00f6nd\u00fcr\u0259n briqadalar c\u0259lb edilib.<\/p>\n<p>\u018fyal\u0259tin qubernatoru Qustavo Valdes a\u00e7\u0131qlamas\u0131nda v\u0259ziyy\u0259tin kritik oldu\u011funu, b\u00fct\u00fcn h\u00f6kum\u0259t qurumlar\u0131n\u0131n yan\u011f\u0131nla m\u00fcbariz\u0259y\u0259 c\u0259lb edildiyini s\u00f6yl\u0259yib.<\/p>\n<div><iframe loading=\"lazy\" src=\"https:\/\/player.baku.tv\/embed\/50219\" width=\"560\" height=\"315\" frameborder=\"0\" allowfullscreen=\"allowfullscreen\" data-mce-fragment=\"1\"><\/iframe><\/div>\n<p>M\u0259nb\u0259: \u201c\u0130hlas Haber Ajans\u0131\u201d (\u0130HA)<\/p>\n","protected":false},"excerpt":{"rendered":"<p>Argentinan\u0131n Korrientes \u0259yal\u0259tind\u0259 davam ed\u0259n me\u015f\u0259 yan\u011f\u0131n\u0131 335 min hektar \u0259razini k\u00fcl\u0259 \u00e7evirib. Art\u0131q bir h\u0259ft\u0259d\u0259n \u00e7oxdur davam ed\u0259n me\u015f\u0259 yan\u011f\u0131n\u0131 il\u0259 m\u00fcbariz\u0259y\u0259 onlarla yan\u011f\u0131ns\u00f6nd\u00fcr\u0259n texnika, y\u00fczl\u0259rl\u0259 yan\u011f\u0131ns\u00f6nd\u00fcr\u0259n briqadalar c\u0259lb edilib. \u018fyal\u0259tin qubernatoru Qustavo Valdes a\u00e7\u0131qlamas\u0131nda v\u0259ziyy\u0259tin kritik oldu\u011funu, b\u00fct\u00fcn h\u00f6kum\u0259t qurumlar\u0131n\u0131n yan\u011f\u0131nla m\u00fcbariz\u0259y\u0259 c\u0259lb edildiyini s\u00f6yl\u0259yib. M\u0259nb\u0259: \u201c\u0130hlas Haber Ajans\u0131\u201d (\u0130HA)<\/p>\n","protected":false},"author":2,"featured_media":437854,"comment_status":"closed","ping_status":"closed","sticky":false,"template":"","format":"standard","meta":{"om_disable_all_campaigns":false,"_monsterinsights_skip_tracking":false,"_monsterinsights_sitenote_active":false,"_monsterinsights_sitenote_note":"","_monsterinsights_sitenote_category":0},"categories":[7],"tags":[],"aioseo_notices":[],"gutentor_comment":0,"rttpg_featured_image_url":{"full":["https:\/\/arantv.az\/wp-content\/uploads\/2022\/02\/FotoJet-2022-02-11T115602.463.jpg",620,413,false],"landscape":["https:\/\/arantv.az\/wp-content\/uploads\/2022\/02\/FotoJet-2022-02-11T115602.463.jpg",620,413,false],"portraits":["https:\/\/arantv.az\/wp-content\/uploads\/2022\/02\/FotoJet-2022-02-11T115602.463.jpg",620,413,false],"thumbnail":["https:\/\/arantv.az\/wp-content\/uploads\/2022\/02\/FotoJet-2022-02-11T115602.463-500x280.jpg",500,280,true],"medium":["https:\/\/arantv.az\/wp-content\/uploads\/2022\/02\/FotoJet-2022-02-11T115602.463-548x365.jpg",548,365,true],"large":["https:\/\/arantv.az\/wp-content\/uploads\/2022\/02\/FotoJet-2022-02-11T115602.463.jpg",620,413,false],"1536x1536":["https:\/\/arantv.az\/wp-content\/uploads\/2022\/02\/FotoJet-2022-02-11T115602.463.jpg",620,413,false],"2048x2048":["https:\/\/arantv.az\/wp-content\/uploads\/2022\/02\/FotoJet-2022-02-11T115602.463.jpg",620,413,false],"post-thumbnail":["https:\/\/arantv.az\/wp-content\/uploads\/2022\/02\/FotoJet-2022-02-11T115602.463-240x172.jpg",240,172,true],"advps-thumb-one":["https:\/\/arantv.az\/wp-content\/uploads\/2022\/02\/FotoJet-2022-02-11T115602.463.jpg",620,413,false]},"rttpg_author":{"display_name":"V\u00fcsal Rafiqo\u011flu","author_link":"https:\/\/arantv.az\/?author=2"},"rttpg_comment":0,"rttpg_category":"<a href=\"https:\/\/arantv.az\/?cat=7\" rel=\"category\">D\u00fcnya<\/a>","rttpg_excerpt":"Argentinan\u0131n Korrientes \u0259yal\u0259tind\u0259 davam ed\u0259n me\u015f\u0259 yan\u011f\u0131n\u0131 335 min hektar \u0259razini k\u00fcl\u0259 \u00e7evirib. Art\u0131q bir h\u0259ft\u0259d\u0259n \u00e7oxdur davam ed\u0259n me\u015f\u0259 yan\u011f\u0131n\u0131 il\u0259 m\u00fcbariz\u0259y\u0259 onlarla yan\u011f\u0131ns\u00f6nd\u00fcr\u0259n texnika, y\u00fczl\u0259rl\u0259 yan\u011f\u0131ns\u00f6nd\u00fcr\u0259n briqadalar c\u0259lb edilib. \u018fyal\u0259tin qubernatoru Qustavo Valdes a\u00e7\u0131qlamas\u0131nda v\u0259ziyy\u0259tin kritik oldu\u011funu, b\u00fct\u00fcn h\u00f6kum\u0259t qurumlar\u0131n\u0131n yan\u011f\u0131nla m\u00fcbariz\u0259y\u0259 c\u0259lb edildiyini s\u00f6yl\u0259yib. M\u0259nb\u0259: \u201c\u0130hlas Haber Ajans\u0131\u201d (\u0130HA)","_links":{"self":[{"href":"https:\/\/arantv.az\/index.php?rest_route=\/wp\/v2\/posts\/437853"}],"collection":[{"href":"https:\/\/arantv.az\/index.php?rest_route=\/wp\/v2\/posts"}],"about":[{"href":"https:\/\/arantv.az\/index.php?rest_route=\/wp\/v2\/types\/post"}],"author":[{"embeddable":true,"href":"https:\/\/arantv.az\/index.php?rest_route=\/wp\/v2\/users\/2"}],"replies":[{"embeddable":true,"href":"https:\/\/arantv.az\/index.php?rest_route=%2Fwp%2Fv2%2Fcomments&post=437853"}],"version-history":[{"count":0,"href":"https:\/\/arantv.az\/index.php?rest_route=\/wp\/v2\/posts\/437853\/revisions"}],"wp:featuredmedia":[{"embeddable":true,"href":"https:\/\/arantv.az\/index.php?rest_route=\/wp\/v2\/media\/437854"}],"wp:attachment":[{"href":"https:\/\/arantv.az\/index.php?rest_route=%2Fwp%2Fv2%2Fmedia&parent=437853"}],"wp:term":[{"taxonomy":"category","embeddable":true,"href":"https:\/\/arantv.az\/index.php?rest_route=%2Fwp%2Fv2%2Fcategories&post=437853"},{"taxonomy":"post_tag","embeddable":true,"href":"https:\/\/arantv.az\/index.php?rest_route=%2Fwp%2Fv2%2Ftags&post=437853"}],"curies":[{"name":"wp","href":"https:\/\/api.w.org\/{rel}","templated":true}]}}