{"id":437856,"date":"2022-02-11T19:21:44","date_gmt":"2022-02-11T16:21:44","guid":{"rendered":"http:\/\/arantv.az\/?p=437856"},"modified":"2022-02-11T19:21:44","modified_gmt":"2022-02-11T16:21:44","slug":"susa-ilind%c9%99n-gozl%c9%99ntil%c9%99rimiz-h%c9%99r-birimiz-susa-ilin%c9%99-oz-tohf%c9%99mizi-verm%c9%99liyik","status":"publish","type":"post","link":"https:\/\/arantv.az\/?p=437856","title":{"rendered":"\u201c\u015eu\u015fa \u0130li\u201dnd\u0259n g\u00f6zl\u0259ntil\u0259rimiz: &#8220;H\u0259r birimiz \u201c\u015eu\u015fa \u0130li\u201dn\u0259 \u00f6z t\u00f6hf\u0259mizi verm\u0259liyik&#8221;"},"content":{"rendered":"<p><em><strong>Paytaxt sakinl\u0259ri n\u0259 d\u00fc\u015f\u00fcn\u00fcr?<\/strong><\/em><\/p>\n<p>Prezident \u0130lham \u018fliyevin m\u00fcvafiq S\u0259r\u0259ncam\u0131na \u0259sas\u0259n, xalq\u0131m\u0131z\u0131n q\u0259hr\u0259manl\u0131q ruhunun t\u0259nt\u0259n\u0259sin\u0259 \u00e7evril\u0259n \u015eu\u015fa \u015f\u0259h\u0259rinin 270 illik yubileyinin t\u0259sad\u00fcf etdiyi \u2013 2022-ci il &#8220;\u015eu\u015fa \u0130li\u201d elan edildi. Bu tarixi\u00a0 s\u0259n\u0259d &#8220;Qaraba\u011f Az\u0259rbaycand\u0131r!\u201d\u00a0 nidal\u0131 \u015f\u00fcar\u0131m\u0131z\u0131n v\u0259 do\u011fma Qaraba\u011f\u0131m\u0131z\u0131n tez bir zamanda c\u0259nn\u0259t\u0259 \u00e7evrilm\u0259si prosesinin s\u00fcr\u0259tl\u0259nm\u0259sinin\u00a0 d\u00fcnyaya n\u00f6vb\u0259ti t\u0259qdimat\u0131d\u0131r.<\/p>\n<p>\u015eu\u015fan\u0131n azadl\u0131\u011f\u0131ndan \u00f6t\u0259n bir il \u0259rzind\u0259 \u015fahidlik etdiyi m\u00fch\u00fcm tarixi hadis\u0259l\u0259r\u0259, \u00a0C\u0131d\u0131r d\u00fcz\u00fcnd\u0259 ke\u00e7iril\u0259n t\u0259dbirl\u0259rin miqyas\u0131na diqq\u0259t yetirdikd\u0259 \u201c\u015eu\u015fa \u0130li\u201d \u00e7\u0259r\u00e7iv\u0259sind\u0259 g\u00f6r\u00fcl\u0259c\u0259k i\u015fl\u0259r, m\u00fc\u0259yy\u0259nl\u0259\u015fdiril\u0259n h\u0259d\u0259fl\u0259r bar\u0259d\u0259 ayd\u0131n t\u0259s\u0259vv\u00fcr yaran\u0131r. \u015e\u0259h\u0259rd\u0259 infrastrukturun qurulmas\u0131 il\u0259 yana\u015f\u0131, tarix v\u0259 m\u0259d\u0259niyy\u0259t abid\u0259l\u0259rinin b\u0259rpas\u0131na ba\u015flan\u0131l\u0131b, quruculuq i\u015fl\u0259rinin t\u0259\u015fkilind\u0259 \u00e7evikliyin, s\u0259m\u0259r\u0259liliyin t\u0259min olunmas\u0131 \u00fc\u00e7\u00fcn burada d\u00f6vl\u0259t idar\u0259etm\u0259sin\u0259 b\u00f6y\u00fck diqq\u0259t yetirilib, \u015eu\u015fa \u015e\u0259h\u0259ri D\u00f6vl\u0259t Qoru\u011fu \u0130dar\u0259si yarad\u0131l\u0131b.\u00a0Az\u0259rbaycan\u0131n m\u0259d\u0259niyy\u0259t paytaxt\u0131 elan edil\u0259n \u015eu\u015fada bu g\u00fcn \u015f\u0259h\u0259rin \u0259sl tarixi simas\u0131n\u0131n b\u0259rpas\u0131 y\u00f6n\u00fcnd\u0259 n\u0259h\u0259ng layih\u0259l\u0259r ger\u00e7\u0259kl\u0259\u015fdirilir.<\/p>\n<p><img src=\"https:\/\/ikisahil.az\/upload\/\/2022\/02\/11\/\/-ccc36675164459405260137361410656103.jpg\" alt=\"\" \/><\/p>\n<p>Az\u0259rbaycan\u0131n tan\u0131nm\u0131\u015f \u015f\u0259xsiyy\u0259tl\u0259ri Nat\u0259van, B\u00fclb\u00fcl v\u0259 \u00dczeyir Hac\u0131b\u0259ylinin g\u00fcll\u0259l\u0259nmi\u015f heyk\u0259ll\u0259ri \u0259vv\u0259lki yerl\u0259rin\u0259 &#8211; \u015eu\u015fa \u015f\u0259h\u0259r m\u0259rk\u0259zi meydan\u0131na qaytar\u0131l\u0131b, \u201cXan q\u0131z\u0131\u201d bula\u011f\u0131 b\u0259rpa edilib. Q\u0131sa vaxtda Heyd\u0259r \u018fliyev Fondu t\u0259r\u0259find\u0259n dahi Az\u0259rbaycan \u015fairi v\u0259 ictimai-xadimi Molla P\u0259nah Vaqifin muzey-m\u0259qb\u0259r\u0259 kompleksind\u0259 t\u0259mir-b\u0259rpa v\u0259 yenid\u0259nqurma i\u015fl\u0259ri apar\u0131l\u0131b. G\u00f6rk\u0259mli Az\u0259rbaycan b\u0259st\u0259kar\u0131 \u00dczeyir Hac\u0131b\u0259ylinin heyk\u0259li v\u0259 dahi Az\u0259rbaycan \u015fairi Molla P\u0259nah Vaqifin b\u00fcst\u00fc qoyulub. Xalq artisti B\u00fclb\u00fcl\u00fcn ev-muzeyi b\u0259rpa edilib. \u015eu\u015fada yeni m\u0259scidin v\u0259 Da\u015falt\u0131 m\u0259scidinin t\u0259m\u0259li qoyulub. \u00dczeyir Hac\u0131b\u0259ylinin ev-muzeyind\u0259 apar\u0131lacaq i\u015fl\u0259r \u00fczr\u0259 layih\u0259 haz\u0131rlan\u0131b.<\/p>\n<p><img src=\"https:\/\/ikisahil.az\/upload\/\/2022\/02\/11\/\/-44089d5f164459410699923434210515156.jpg\" alt=\"\" \/><\/p>\n<p>Haz\u0131rda Heyd\u0259r \u018fliyev Fondu t\u0259r\u0259find\u0259n A\u015fa\u011f\u0131 G\u00f6vh\u0259r A\u011fa, Yuxar\u0131 G\u00f6vh\u0259r A\u011fa v\u0259 Saatl\u0131 m\u0259scidl\u0259rind\u0259 v\u0259 Mehmandarovlar\u0131n malikan\u0259 kompleksind\u0259 b\u0259rpa i\u015fl\u0259ri apar\u0131l\u0131r. Az\u0259rbaycan\u0131n m\u0259d\u0259niyy\u0259t paytaxt\u0131 olan \u015eu\u015fada m\u0259d\u0259ni-k\u00fctl\u0259vi t\u0259dbirl\u0259rin ke\u00e7irilm\u0259si d\u0259 b\u0259rpa edilib &#8211; Vaqif poeziya g\u00fcnl\u0259ri, Xar\u0131b\u00fclb\u00fcl festival\u0131 v\u0259 Milli Musiqi G\u00fcn\u00fc \u00e7\u0259r\u00e7iv\u0259sind\u0259 \u00dczeyir Hac\u0131b\u0259yli XIII Beyn\u0259lxalq Musiqi Festival\u0131n\u0131n konserti ke\u00e7irilib. \u015eu\u015fa Az\u0259rbaycan-T\u00fcrkiy\u0259 dostlu\u011funun v\u0259 qarda\u015fl\u0131\u011f\u0131n\u0131n t\u0259nt\u0259n\u0259sini ya\u015fad\u0131, m\u00f6ht\u0259\u015f\u0259m t\u0259dbir\u0259 ev sahibliyi etdi.<\/p>\n<p><img src=\"https:\/\/ikisahil.az\/upload\/\/2022\/01\/27\/\/-f8548d45164329422962379498810466699.jpg\" alt=\"\" \/><\/p>\n<p>Az\u0259rbaycan Prezidentinin d\u0259v\u0259ti il\u0259 T\u00fcrkiy\u0259 Prezidenti R\u0259c\u0259b Tayyib \u018frdo\u011fan\u0131n Az\u0259rbaycan\u0131n m\u0259d\u0259niyy\u0259t m\u0259rk\u0259zi elan edilmi\u015f \u015eu\u015fa \u015f\u0259h\u0259rin\u0259 s\u0259f\u0259ri ba\u015f tutdu. \u0130ki dost, iki qarda\u015f \u00f6lk\u0259 ba\u015f\u00e7\u0131lar\u0131n\u0131n m\u0259hz burada \u2013 Qaraba\u011f\u0131n incisi \u015eu\u015fada g\u00f6r\u00fc\u015fm\u0259sinin d\u0259 r\u0259mzi m\u0259nas\u0131 var idi. \u015eu\u015fada iki \u00f6lk\u0259 aras\u0131nda imzalanm\u0131\u015f \u201c\u015eu\u015fa b\u0259yannam\u0259si\u201d regionda s\u00fclh v\u0259 sabitliyin b\u0259rpa edilm\u0259si, \u00f6lk\u0259l\u0259rimizin \u0259razi b\u00fct\u00f6vl\u00fcy\u00fcn\u0259 t\u0259hdid v\u0259 t\u0259hl\u00fck\u0259 yaranarsa, qar\u015f\u0131l\u0131ql\u0131 h\u0259rbi yard\u0131mlar\u0131 \u00f6z\u00fcnd\u0259 \u0259ks etdir\u0259n \u00e7ox vacib s\u0259n\u0259d oldu. \u015eu\u015fadan ucalan bu birlik v\u0259 h\u0259mr\u0259ylik yumru\u011funun s\u0259das\u0131 d\u00fc\u015fm\u0259nin qulaqlar\u0131nda cingild\u0259di.<\/p>\n<p>\u018fminlikl\u0259 dem\u0259k olar ki, \u201c\u015eu\u015fa \u0130li\u201d \u00e7\u0259r\u00e7iv\u0259sind\u0259 h\u0259yata ke\u00e7iril\u0259c\u0259k t\u0259dbirl\u0259r m\u0259d\u0259niyy\u0259t paytaxt\u0131m\u0131z\u0131n inki\u015faf\u0131na v\u0259 n\u00fcfuzunun daha da artmas\u0131na z\u0259min yaradacaq, Qaraba\u011f\u0131n tarixinin d\u00fcnyaya \u00e7atd\u0131r\u0131lmas\u0131nda m\u00fch\u00fcm rol oynayacaq. 2022-ci il \u015eu\u015fan\u0131n h\u0259yat\u0131nda \u0259n yaddaqalan, \u0259lam\u0259tdar il olacaq. \u015eu\u015fada t\u0259nt\u0259n\u0259li t\u0259dbirl\u0259r &#8211; festivallar, konsertl\u0259r, m\u00fcsabiq\u0259l\u0259r, s\u0259rgil\u0259r, yarad\u0131c\u0131l\u0131q layih\u0259l\u0259ri, poeziya gec\u0259l\u0259ri, yubileyl\u0259r ke\u00e7iril\u0259c\u0259k, \u015f\u0259h\u0259rin 270 illik yubileyi geni\u015f qeyd edil\u0259c\u0259k, q\u0259dim m\u0259d\u0259niyy\u0259timizin v\u0259 inc\u0259s\u0259n\u0259timizin b\u00fct\u00fcn palitras\u0131 t\u0259qdim olunacaq. \u015eu\u015fa \u00f6z tarixi ke\u00e7mi\u015fini qaytaracaq.<\/p>\n<p>\u018flb\u0259tt\u0259 ki, 2022-ci ilin \u201c\u015eu\u015fa \u0130li\u201d elan edilm\u0259si \u00a0h\u0259r bir az\u0259rbaycanl\u0131 \u00fc\u00e7\u00fcn \u00e7ox \u0259lam\u0259tdar, sevincli v\u0259 q\u00fcrurverici hadis\u0259dir.\u00a0<strong>\u201c\u0130ki sahil\u201d<\/strong>\u00a028 ildir q\u0259lbi \u015eu\u015fa h\u0259sr\u0259ti il\u0259 d\u00f6y\u00fcn\u0259n\u00a0 xalq\u0131m\u0131z\u0131n \u201c\u015eu\u015fa \u0130li\u201d il\u0259 ba\u011fl\u0131 g\u00f6zl\u0259ntil\u0259rini, arzular\u0131n\u0131 v\u0259 t\u0259\u0259ss\u00fcratlar\u0131n\u0131 \u00f6yr\u0259ndi:<\/p>\n<p><em><strong>Bu ilin \u201c\u015eu\u015fa \u0130li\u201d elan olunmas\u0131 h\u0259r bir az\u0259rbaycanl\u0131n\u0131n bu \u015f\u0259h\u0259r\u0259 olan m\u0259h\u0259bb\u0259tinin \u00a0t\u0259c\u0259ss\u00fcm\u00fcd\u00fcr<\/strong><\/em><\/p>\n<p><em><strong><img src=\"https:\/\/ikisahil.az\/upload\/\/2022\/02\/11\/\/-33b879e716445941999136451171005698.jpg\" alt=\"\" \/><\/strong><\/em><\/p>\n<p>Paytaxt sakini<strong>\u00a0Elman Hac\u0131\u0259liyev\u00a0<\/strong>\u201c\u015eu\u015fa \u0130li\u201dnd\u0259n \u00e7ox b\u00f6y\u00fck f\u0259xrl\u0259 s\u00f6z a\u00e7d\u0131: \u201cBundan g\u00f6z\u0259l n\u0259 ola bil\u0259r ki?.. Art\u0131q \u015eu\u015fa azadd\u0131r. \u015eu\u015fam\u0131z yenid\u0259n biz\u0259 qay\u0131td\u0131. 28 il \u015eu\u015fas\u0131z qald\u0131q. \u00dcr\u0259kl\u0259rind\u0259 \u015eu\u015fa h\u0259sr\u0259ti il\u0259 \u00e7oxlar\u0131 bu d\u00fcnyadan k\u00f6\u00e7d\u00fc. H\u0259r il qulaqlar\u0131m\u0131z bu alq\u0131\u015f\u0131 e\u015fitdi \u201c\u0130n\u015fallah, g\u0259l\u0259n il \u015eu\u015fada, Qaraba\u011fda g\u00f6r\u00fc\u015f\u0259rik\u201d. \u015e\u00fck\u00fcrl\u0259r olsun ki, Ali Ba\u015f Komandan \u0130lham \u018fliyevin r\u0259hb\u0259rliyi il\u0259 r\u0259\u015fad\u0259tli Ordumuz t\u0259r\u0259find\u0259n\u00a0 Qaraba\u011f\u0131n tac\u0131 olan \u015eu\u015fan\u0131n azad edilm\u0259si 44 g\u00fcnl\u00fck \u0130kinci Qaraba\u011f m\u00fcharib\u0259sind\u0259 \u0259n\u00a0 b\u00f6y\u00fck h\u0259rbi q\u0259l\u0259b\u0259 oldu. 2022-ci ilin \u201c\u015eu\u015fa \u0130li\u201d elan olunmas\u0131 h\u0259r bir az\u0259rbaycanl\u0131n\u0131n bu \u015f\u0259h\u0259r\u0259 olan m\u0259h\u0259bb\u0259tinin \u00a0n\u00f6vb\u0259ti t\u0259c\u0259ss\u00fcm\u00fc oldu. Qaraba\u011f\u0131n z\u00fcmr\u00fcd qa\u015f\u0131 \u2013 \u015eu\u015fa, bu il s\u0259nin \u00fc\u00e7\u00fcn parlaq v\u0259 t\u0259nt\u0259n\u0259li t\u0259dbirl\u0259rl\u0259 \u2013 \u00a0quruculuq, festivallar, konsertl\u0259r, m\u00fcsabiq\u0259l\u0259r, s\u0259rgil\u0259r, yarad\u0131c\u0131l\u0131q layih\u0259l\u0259ri, poeziya gec\u0259l\u0259ri, yubileyl\u0259rl\u0259 yadda qalacaq. Yax\u0131n vaxtlarda h\u0259r birimiz \u015eu\u015faya ged\u0259c\u0259yik, do\u011fma yurdumuzun torpa\u011f\u0131na ayaq bas\u0131b, onun t\u0259miz havas\u0131ndan udacay\u0131q. Var olsun M\u00fcz\u0259ff\u0259r Ali Ba\u015f Komandan\u0131m\u0131z v\u0259 r\u0259\u015fad\u0259tli Ordumuz.\u201d<\/p>\n<p><em><strong>2022-ci il t\u0259kc\u0259 \u015eu\u015fa, Qaraba\u011f \u00fc\u00e7\u00fcn deyil, b\u00fct\u00f6vl\u00fckd\u0259 \u00f6lk\u0259miz \u00fc\u00e7\u00fcn \u00e7ox u\u011furlu il olacaq<\/strong><\/em><\/p>\n<p><em><strong><img src=\"https:\/\/ikisahil.az\/upload\/\/2022\/02\/11\/\/-3d0236a1164459422135149355711006079.jpg\" alt=\"\" \/><\/strong><\/em><\/p>\n<p><strong>Yegan\u0259 Quliyeva\u00a0<\/strong>sevincli oldu\u011funu bildirdi: \u201cD\u00f6vl\u0259timizin ba\u015f\u00e7\u0131s\u0131 \u00a0\u015fanl\u0131 Z\u0259f\u0259r tariximizi n\u0259z\u0259r\u0259 alaraq v\u0259 \u015eu\u015fan\u0131n b\u0259rpas\u0131n\u0131 s\u00fcr\u0259tl\u0259ndirm\u0259k m\u0259qs\u0259dil\u0259 2022-ci ili \u201c\u015eu\u015fa ili\u201d elan edib. Bu x\u0259b\u0259r h\u0259r bir v\u0259t\u0259np\u0259rv\u0259r insan kimi, m\u0259ni d\u0259 \u00e7ox sevindirdi. Ona g\u00f6r\u0259 ki, \u015eu\u015fa adi \u015f\u0259h\u0259r deyil. Bu g\u00f6z\u0259l v\u0259 ecazkar \u015f\u0259h\u0259r bizim milli musiqimizin be\u015fiyidir, m\u0259d\u0259niyy\u0259timizin tac\u0131d\u0131r. M\u0259n inan\u0131ram ki, 2022-ci il t\u0259kc\u0259 \u015eu\u015fa, Qaraba\u011f \u00fc\u00e7\u00fcn deyil, b\u00fct\u00f6vl\u00fckd\u0259 \u00f6lk\u0259miz \u00fc\u00e7\u00fcn \u00e7ox u\u011furlu il olacaq. \u0130st\u0259rdim ki, i\u015f\u011faldan azad olunan b\u00fct\u00fcn torpaqlar\u0131m\u0131z, o c\u00fcml\u0259d\u0259n \u015eu\u015fa da tezlikl\u0259 tam b\u0259rpa olunsun. Ke\u00e7mi\u015f m\u0259cburi-k\u00f6\u00e7k\u00fcnl\u0259r \u00f6z yurd-yuvalar\u0131na qay\u0131ts\u0131n. Biz\u0259 d\u0259 ad\u0131n\u0131 e\u015fitdiyimiz, \u015fan-\u015f\u00f6hr\u0259ti, z\u0259ngin tarixi haqq\u0131nda\u00a0 oxudu\u011fumuz \u015eu\u015fan\u0131 g\u00f6rm\u0259k s\u0259ad\u0259ti\u00a0 n\u0259hay\u0259t ki, n\u0259sib olsun.<\/p>\n<p><em><strong>\u015eu\u015fa il\u0259 ba\u011fl\u0131 q\u0259hr\u0259manl\u0131q filml\u0259ri \u00e7\u0259kilm\u0259li, kitablar yaz\u0131lmal\u0131d\u0131r<\/strong><\/em><\/p>\n<p><em><strong><img src=\"https:\/\/ikisahil.az\/upload\/\/2022\/02\/11\/\/-ff7a2112164459424046161886811113016.jpg\" alt=\"\" \/><\/strong><\/em><\/p>\n<p><strong>\u018fliheyd\u0259r M\u0259mm\u0259dov\u00a0<\/strong>bu ild\u0259n g\u00f6zl\u0259ntil\u0259rinin \u00e7ox oldu\u011funu vur\u011fulad\u0131: \u201c\u00dcmid edir\u0259m ki,\u00a0 bu il Az\u0259rbaycan inc\u0259s\u0259n\u0259tinin yarad\u0131c\u0131 insanlar\u0131 \u015eu\u015fa il\u0259, tarixi Z\u0259f\u0259rimizl\u0259 ba\u011fl\u0131 layih\u0259l\u0259rin ger\u00e7\u0259kl\u0259\u015fm\u0259si \u00fc\u00e7\u00fcn \u00f6z t\u00f6hf\u0259l\u0259rini ver\u0259c\u0259kl\u0259r. \u0130lk olaraq, \u015eu\u015fa il\u0259 ba\u011fl\u0131 \u00e7ox g\u00f6z\u0259l q\u0259hr\u0259manl\u0131q filml\u0259rinin \u00e7\u0259kilm\u0259sini, kitablar yaz\u0131lmas\u0131n\u0131 ist\u0259yir\u0259m. \u018fsg\u0259rl\u0259rimizin \u015f\u00fcca\u0259ti, qorxmazl\u0131\u011f\u0131, f\u0259dakarl\u0131\u011f\u0131 v\u0259 \u0259n \u0259sas\u0131 v\u0259t\u0259np\u0259rv\u0259rliyini m\u00fck\u0259mm\u0259l \u015f\u0259kild\u0259 t\u0259c\u0259ss\u00fcm etdir\u0259c\u0259k film\u00a0 \u00e7\u0259kilm\u0259lidir. Bizim \u0259sl V\u0259t\u0259n m\u00fcharib\u0259miz el\u0259 \u015eu\u015fada idi. Az\u0259rbaycan igidl\u0259rinin \u015eu\u015fada g\u00f6st\u0259rdiyi q\u0259hr\u0259manl\u0131q\u00a0 b\u00fct\u00fcn az\u0259rbaycanl\u0131lar\u0131n\u0131n q\u0259hr\u0259manl\u0131\u011f\u0131n\u0131 g\u00f6st\u0259rdi. Haz\u0131rk\u0131 postm\u00fcnaqi\u015f\u0259 d\u00f6vr\u00fcnd\u0259 bu m\u0259lumatlar\u0131n yay\u0131lmas\u0131 bir t\u0259r\u0259fd\u0259n Qaraba\u011f\u0131n \u0259sl sahibinin kim oldu\u011funu d\u00fcnya ictimaiyy\u0259tin\u0259 bir daha t\u0259qdim ed\u0259c\u0259k, dig\u0259r t\u0259r\u0259fd\u0259n, uzun ill\u0259r tarixi saxtala\u015fd\u0131rma\u011fa c\u0259hd ed\u0259n erm\u0259nil\u0259ri v\u0259 onlar\u0131n yalanlar\u0131n\u0131 \u0259yani faktlarla if\u015fa ed\u0259c\u0259kdir.\u201d<\/p>\n<p><em><strong>H\u0259r birimiz \u201c\u015eu\u015fa \u0130li\u201dn\u0259 \u00f6z t\u00f6hf\u0259mizi verm\u0259liyik<\/strong><\/em><\/p>\n<p><em><strong><img src=\"https:\/\/ikisahil.az\/upload\/\/2022\/02\/11\/\/-bac49b87164459425555465247610522365.jpg\" alt=\"\" \/><\/strong><\/em><\/p>\n<p><strong>Oktay Cebrayza\u00a0<\/strong>vur\u011fulad\u0131 ki, \u015eu\u015fa Qaraba\u011f\u0131n \u0259z\u0259m\u0259tli zirv\u0259si, Az\u0259rbaycan\u0131n \u015fah damar\u0131d\u0131r. \u015eu\u015fa milli m\u0259d\u0259niyy\u0259timizin, inc\u0259s\u0259n\u0259timizin be\u015fiyidir: \u201cBu \u015f\u0259h\u0259rin i\u015f\u011fal alt\u0131nda olma\u011f\u0131 tarixin qara s\u0259hif\u0259si idi. Ali Ba\u015f Komandan \u0130lham \u018fliyevin r\u0259hb\u0259rliyi alt\u0131nda igid \u0259sg\u0259r v\u0259 zabitl\u0259rimiz 2020-ci il noyabr\u0131n 8-d\u0259 \u015eu\u015fan\u0131 i\u015f\u011faldan azad etm\u0259kl\u0259 V\u0259t\u0259n m\u00fcharib\u0259si tarixini Q\u0259l\u0259b\u0259 il\u0259 ba\u015fa vurdular. Az\u0259rbaycan Ordusunun \u0259sg\u0259r v\u0259 zabitl\u0259ri \u00f6z qan\u0131 v\u0259 can\u0131 bahas\u0131na\u00a0 tarixi torpaqlar\u0131m\u0131z\u0131 erm\u0259ni v\u0259 erm\u0259nip\u0259r\u0259st i\u015f\u011fal\u00e7\u0131lardan t\u0259mizl\u0259di. C\u0259nab Prezident \u0130lham \u018fliyevin 2022-ci ili \u201c\u015eu\u015fa ili\u201d elan etm\u0259si m\u00f6ht\u0259\u015f\u0259m hadis\u0259y\u0259 \u00e7evrildi v\u0259 \u00f6lk\u0259nin \u015fanl\u0131 tarixinin q\u0131z\u0131l salnam\u0259sin\u0259 yaz\u0131lacaq. \u00a0Fikrimc\u0259, 2022-ci il \u015eu\u015fan\u0131n h\u0259yat\u0131nda \u0259n yaddaqalan il olacaq. H\u0259r birimiz \u201c\u015eu\u015fa \u0130li\u201d il\u0259 ba\u011fl\u0131 b\u00fct\u00fcn h\u0259d\u0259f\u0259rin ger\u00e7\u0259kl\u0259\u015fm\u0259si \u00fc\u00e7\u00fcn \u00f6z t\u00f6hf\u0259mizi verm\u0259liyik. H\u0259r bir az\u0259rbaycanl\u0131 \u00fc\u00e7\u00fcn m\u00fcq\u0259dd\u0259s olan bu \u015f\u0259h\u0259r\u0259 tez-tez s\u0259f\u0259rl\u0259r t\u0259\u015fkil olunacaq, o c\u00fcml\u0259d\u0259n xarici qonaqlar \u00fc\u00e7\u00fcn. \u015eu\u015fa \u00f6z \u0259z\u0259m\u0259tini yenid\u0259n qaytaracaq v\u0259 b\u00fct\u00fcn d\u00fcnya bu \u015f\u0259h\u0259rd\u0259 ba\u015f ver\u0259n m\u00f6ht\u0259\u015f\u0259m hadis\u0259l\u0259ri izl\u0259y\u0259c\u0259k.\u201d<\/p>\n<p><em><strong>\u015eu\u015fa b\u00fct\u00fcn az\u0259rbaycanl\u0131lar \u00fc\u00e7\u00fcn q\u00fcrur yeridir<\/strong><\/em><\/p>\n<p><em><strong><img src=\"https:\/\/ikisahil.az\/upload\/\/2022\/02\/11\/\/-90610aa0164459427166725195710169519.jpg\" alt=\"\" \/><\/strong><\/em><\/p>\n<p><strong>F\u0259xr\u0259ddin M\u0259mm\u0259dov<\/strong>\u00a0tezlikl\u0259 ail\u0259si il\u0259 birlikd\u0259 \u015eu\u015faya getm\u0259k ist\u0259yind\u0259n, \u015f\u0259h\u0259ri g\u00f6rm\u0259kl\u0259 ba\u011fl\u0131 dil\u0259yind\u0259n b\u0259hs etdi: \u201cAz\u0259rbaycan\u0131n qeyr\u0259t qalas\u0131, Qaraba\u011f\u0131n d\u00f6y\u00fcn\u0259n \u00fcr\u0259yi, Qafqaz\u0131n incisi \u015eu\u015fa g\u00f6z\u0259llik simvolu, q\u00fcrur r\u0259mzi olmaqla yana\u015f\u0131, h\u0259m d\u0259 bir milli kimlik m\u0259s\u0259l\u0259sidir. \u201cAz\u0259rbaycan musiqisinin be\u015fiyi\u201d v\u0259 \u201c\u015e\u0259rqin konservatoriyas\u0131\u201d adland\u0131r\u0131lan \u015eu\u015fa b\u00fct\u00fcn az\u0259rbaycanl\u0131lar \u00fc\u00e7\u00fcn q\u00fcrur yeri, m\u00fcq\u0259dd\u0259s \u015f\u0259h\u0259r, h\u0259r m\u0259nada ucal\u0131q r\u0259mzidir. Az\u0259rbaycan\u0131n h\u0259r qar\u0131\u015f\u0131 bizim \u00fc\u00e7\u00fcn \u0259zizdir, amma \u015eu\u015fan\u0131n q\u0259lbimizd\u0259 yeri tamamil\u0259 ba\u015fqad\u0131r. M\u0259n g\u0259ncliyimd\u0259 \u015eu\u015fada \u00e7ox olmu\u015fam. \u0130st\u0259yir\u0259m ki, ill\u0259r sonra ail\u0259ml\u0259 \u015eu\u015faya gedim, o s\u0259fal\u0131 diyar\u0131n qoynunda istirah\u0259t edim, havas\u0131n\u0131 udum, ruhum orada h\u00fczur taps\u0131n. \u00dcmidvaram ki, \u201c\u015eu\u015fa \u0130li\u201dnd\u0259 \u015eu\u015faya h\u0259r bir az\u0259rbaycanl\u0131n\u0131n ged\u0259 bilm\u0259si \u00fc\u00e7\u00fcn z\u0259ruri olan h\u0259r bir \u015f\u0259rait yarad\u0131lacaq.\u201d<\/p>\n<p><em><strong>M\u00f6c\u00fcz\u0259 ger\u00e7\u0259k oldu<\/strong><\/em><\/p>\n<p><em><strong><img src=\"https:\/\/ikisahil.az\/upload\/\/2022\/02\/11\/\/-4f009211164459428656704073810439751.jpg\" alt=\"\" \/><\/strong><\/em><\/p>\n<p>Paytaxt sakini\u00a0<strong>G\u00fclb\u0259niz R\u0259c\u0259bova<\/strong>\u00a0is\u0259 \u201c\u015eu\u015fa \u0130li\u201dnd\u0259 \u015eu\u015fadan, tarixi Z\u0259f\u0259rimizd\u0259n dan\u0131\u015fma\u011f\u0131n birba\u015fqa f\u0259xar\u0259t oldu\u011funu qeyd etdi: \u201cM\u0259n el\u0259 d\u00fc\u015f\u00fcn\u00fcrd\u00fcm ki, bir d\u0259 i\u015f\u011fal olunmu\u015f torpaqlar\u0131m\u0131z\u0131 g\u00f6rm\u0259y\u0259c\u0259m. \u00a0O torpaqlar\u0131n itkisi bizim \u00fc\u00e7\u00fcn b\u00f6y\u00fck faci\u0259 idi. Amma el\u0259 olmad\u0131&#8230; \u015e\u00fck\u00fcrl\u0259r olsun ki, bu g\u00fcn torpaqlar\u0131m\u0131z azadd\u0131r. Bu, bir vaxtlar biz\u0259 m\u00f6c\u00fcz\u0259 kimi g\u0259lirdi, amma\u00a0 indi ger\u00e7\u0259kdir. N\u0259hay\u0259t ki, bu xo\u015fb\u0259xtlik m\u0259n\u0259, ail\u0259m\u0259 b\u00fct\u00fcn Az\u0259rbaycan xalq\u0131na qism\u0259t oldu. M\u0259n d\u00f6vl\u0259t ba\u015f\u00e7\u0131m\u0131za \u00e7ox minn\u0259tdaram. \u00c7\u00fcnki 200 il idi ki, Az\u0259rbaycan tarixind\u0259 bel\u0259 q\u00fcdr\u0259tli, M\u00fcz\u0259ff\u0259r Fateh yox idi. Prezident \u0130lham \u018fliyev indiy\u0259 q\u0259d\u0259r bir qar\u0131\u015f torpa\u011f\u0131n\u0131 qaytara bilm\u0259y\u0259n Az\u0259rbaycan\u0131n 20 faiz torpa\u011f\u0131n\u0131 xalq\u0131m\u0131za qaytard\u0131. B\u0259z\u0259n insanlar iqtisadi \u00e7\u0259tinlikd\u0259n dan\u0131\u015fanda m\u0259n onlara\u00a0 deyir\u0259m ki, yuxu i\u00e7ind\u0259 olan \u015feyi ger\u00e7\u0259kd\u0259 \u0259ld\u0259 etdik: Tarixi Q\u0259l\u0259b\u0259ni. H\u0259r at\u0131lan g\u00fcll\u0259nin qiym\u0259tini bils\u0259ydiniz, y\u0259qin ki, ham\u0131n\u0131z susard\u0131n\u0131z&#8230; Allah b\u00fct\u00fcn \u015f\u0259hidl\u0259rimiz\u0259 r\u0259hm\u0259t el\u0259sin. \u00d6mr\u00fcm\u00fcz boyu onlara minn\u0259tdar\u0131q.\u201d<\/p>\n","protected":false},"excerpt":{"rendered":"<p>Paytaxt sakinl\u0259ri n\u0259 d\u00fc\u015f\u00fcn\u00fcr? Prezident \u0130lham \u018fliyevin m\u00fcvafiq S\u0259r\u0259ncam\u0131na \u0259sas\u0259n, xalq\u0131m\u0131z\u0131n q\u0259hr\u0259manl\u0131q ruhunun t\u0259nt\u0259n\u0259sin\u0259 \u00e7evril\u0259n \u015eu\u015fa \u015f\u0259h\u0259rinin 270 illik yubileyinin t\u0259sad\u00fcf etdiyi \u2013 2022-ci il &#8220;\u015eu\u015fa \u0130li\u201d elan edildi. Bu tarixi\u00a0 s\u0259n\u0259d &#8220;Qaraba\u011f Az\u0259rbaycand\u0131r!\u201d\u00a0 nidal\u0131 \u015f\u00fcar\u0131m\u0131z\u0131n v\u0259 do\u011fma Qaraba\u011f\u0131m\u0131z\u0131n tez bir zamanda c\u0259nn\u0259t\u0259 \u00e7evrilm\u0259si prosesinin s\u00fcr\u0259tl\u0259nm\u0259sinin\u00a0 d\u00fcnyaya n\u00f6vb\u0259ti t\u0259qdimat\u0131d\u0131r. \u015eu\u015fan\u0131n azadl\u0131\u011f\u0131ndan \u00f6t\u0259n bir il \u0259rzind\u0259 \u015fahidlik etdiyi m\u00fch\u00fcm tarixi hadis\u0259l\u0259r\u0259, \u00a0C\u0131d\u0131r d\u00fcz\u00fcnd\u0259 ke\u00e7iril\u0259n t\u0259dbirl\u0259rin miqyas\u0131na diqq\u0259t yetirdikd\u0259 \u201c\u015eu\u015fa \u0130li\u201d \u00e7\u0259r\u00e7iv\u0259sind\u0259 g\u00f6r\u00fcl\u0259c\u0259k i\u015fl\u0259r, m\u00fc\u0259yy\u0259nl\u0259\u015fdiril\u0259n h\u0259d\u0259fl\u0259r bar\u0259d\u0259 ayd\u0131n t\u0259s\u0259vv\u00fcr yaran\u0131r. \u015e\u0259h\u0259rd\u0259 infrastrukturun qurulmas\u0131 il\u0259 yana\u015f\u0131, tarix v\u0259 m\u0259d\u0259niyy\u0259t abid\u0259l\u0259rinin b\u0259rpas\u0131na ba\u015flan\u0131l\u0131b, quruculuq&hellip;<\/p>\n","protected":false},"author":2,"featured_media":437857,"comment_status":"closed","ping_status":"closed","sticky":false,"template":"","format":"standard","meta":{"om_disable_all_campaigns":false,"_monsterinsights_skip_tracking":false,"_monsterinsights_sitenote_active":false,"_monsterinsights_sitenote_note":"","_monsterinsights_sitenote_category":0},"categories":[1],"tags":[],"aioseo_notices":[],"gutentor_comment":0,"rttpg_featured_image_url":{"full":["https:\/\/arantv.az\/wp-content\/uploads\/2022\/02\/45cef8e5163377385534844493910936473-1.jpg",975,540,false],"landscape":["https:\/\/arantv.az\/wp-content\/uploads\/2022\/02\/45cef8e5163377385534844493910936473-1.jpg",975,540,false],"portraits":["https:\/\/arantv.az\/wp-content\/uploads\/2022\/02\/45cef8e5163377385534844493910936473-1.jpg",975,540,false],"thumbnail":["https:\/\/arantv.az\/wp-content\/uploads\/2022\/02\/45cef8e5163377385534844493910936473-1-500x280.jpg",500,280,true],"medium":["https:\/\/arantv.az\/wp-content\/uploads\/2022\/02\/45cef8e5163377385534844493910936473-1-660x365.jpg",660,365,true],"large":["https:\/\/arantv.az\/wp-content\/uploads\/2022\/02\/45cef8e5163377385534844493910936473-1-840x465.jpg",640,354,true],"1536x1536":["https:\/\/arantv.az\/wp-content\/uploads\/2022\/02\/45cef8e5163377385534844493910936473-1.jpg",975,540,false],"2048x2048":["https:\/\/arantv.az\/wp-content\/uploads\/2022\/02\/45cef8e5163377385534844493910936473-1.jpg",975,540,false],"post-thumbnail":["https:\/\/arantv.az\/wp-content\/uploads\/2022\/02\/45cef8e5163377385534844493910936473-1-240x172.jpg",240,172,true],"advps-thumb-one":["https:\/\/arantv.az\/wp-content\/uploads\/2022\/02\/45cef8e5163377385534844493910936473-1.jpg",975,540,false]},"rttpg_author":{"display_name":"V\u00fcsal Rafiqo\u011flu","author_link":"https:\/\/arantv.az\/?author=2"},"rttpg_comment":0,"rttpg_category":"<a href=\"https:\/\/arantv.az\/?cat=1\" rel=\"category\">C\u0259miyy\u0259t<\/a>","rttpg_excerpt":"Paytaxt sakinl\u0259ri n\u0259 d\u00fc\u015f\u00fcn\u00fcr? Prezident \u0130lham \u018fliyevin m\u00fcvafiq S\u0259r\u0259ncam\u0131na \u0259sas\u0259n, xalq\u0131m\u0131z\u0131n q\u0259hr\u0259manl\u0131q ruhunun t\u0259nt\u0259n\u0259sin\u0259 \u00e7evril\u0259n \u015eu\u015fa \u015f\u0259h\u0259rinin 270 illik yubileyinin t\u0259sad\u00fcf etdiyi \u2013 2022-ci il &#8220;\u015eu\u015fa \u0130li\u201d elan edildi. Bu tarixi\u00a0 s\u0259n\u0259d &#8220;Qaraba\u011f Az\u0259rbaycand\u0131r!\u201d\u00a0 nidal\u0131 \u015f\u00fcar\u0131m\u0131z\u0131n v\u0259 do\u011fma Qaraba\u011f\u0131m\u0131z\u0131n tez bir zamanda c\u0259nn\u0259t\u0259 \u00e7evrilm\u0259si prosesinin s\u00fcr\u0259tl\u0259nm\u0259sinin\u00a0 d\u00fcnyaya n\u00f6vb\u0259ti t\u0259qdimat\u0131d\u0131r. \u015eu\u015fan\u0131n azadl\u0131\u011f\u0131ndan \u00f6t\u0259n bir il \u0259rzind\u0259&hellip;","_links":{"self":[{"href":"https:\/\/arantv.az\/index.php?rest_route=\/wp\/v2\/posts\/437856"}],"collection":[{"href":"https:\/\/arantv.az\/index.php?rest_route=\/wp\/v2\/posts"}],"about":[{"href":"https:\/\/arantv.az\/index.php?rest_route=\/wp\/v2\/types\/post"}],"author":[{"embeddable":true,"href":"https:\/\/arantv.az\/index.php?rest_route=\/wp\/v2\/users\/2"}],"replies":[{"embeddable":true,"href":"https:\/\/arantv.az\/index.php?rest_route=%2Fwp%2Fv2%2Fcomments&post=437856"}],"version-history":[{"count":0,"href":"https:\/\/arantv.az\/index.php?rest_route=\/wp\/v2\/posts\/437856\/revisions"}],"wp:featuredmedia":[{"embeddable":true,"href":"https:\/\/arantv.az\/index.php?rest_route=\/wp\/v2\/media\/437857"}],"wp:attachment":[{"href":"https:\/\/arantv.az\/index.php?rest_route=%2Fwp%2Fv2%2Fmedia&parent=437856"}],"wp:term":[{"taxonomy":"category","embeddable":true,"href":"https:\/\/arantv.az\/index.php?rest_route=%2Fwp%2Fv2%2Fcategories&post=437856"},{"taxonomy":"post_tag","embeddable":true,"href":"https:\/\/arantv.az\/index.php?rest_route=%2Fwp%2Fv2%2Ftags&post=437856"}],"curies":[{"name":"wp","href":"https:\/\/api.w.org\/{rel}","templated":true}]}}