{"id":437870,"date":"2022-02-11T19:27:26","date_gmt":"2022-02-11T16:27:26","guid":{"rendered":"http:\/\/arantv.az\/?p=437870"},"modified":"2022-02-11T19:27:26","modified_gmt":"2022-02-11T16:27:26","slug":"%c9%99sg%c9%99rlik-dovrunun-%c9%99m%c9%99k-stajina-daxil-edilm%c9%99m%c9%99sinin-s%c9%99b%c9%99bi-aciqlanib","status":"publish","type":"post","link":"https:\/\/arantv.az\/?p=437870","title":{"rendered":"\u018fsg\u0259rlik d\u00f6vr\u00fcn\u00fcn \u0259m\u0259k staj\u0131na daxil edilm\u0259m\u0259sinin s\u0259b\u0259bi a\u00e7\u0131qlan\u0131b"},"content":{"rendered":"<p>H\u0259rbi xidm\u0259tke\u00e7m\u0259 haqq\u0131nda&#8221; \u018fsasnam\u0259 qanunla t\u0259sdiq edilib. H\u0259min qanunda qeyd olunub ki, h\u0259rbi qulluq\u00e7ular\u0131n Az\u0259rbaycan Respublikas\u0131 Silahl\u0131 Q\u00fcvv\u0259l\u0259rind\u0259 v\u0259 Az\u0259rbaycan Respublikas\u0131n\u0131n qanunvericiliyin\u0259 uy\u011fun olaraq yarad\u0131lm\u0131\u015f ba\u015fqa silahl\u0131 birl\u0259\u015fm\u0259l\u0259rin qo\u015funlar\u0131nda v\u0259 orqanlar\u0131nda h\u0259qiqi h\u0259rbi xidm\u0259td\u0259 oldu\u011fu m\u00fcdd\u0259t q\u00fcvv\u0259d\u0259 olan qanunvericiliy\u0259 uy\u011fun olaraq onlar\u0131n \u00fcmumi v\u0259 fasil\u0259siz i\u015f staj\u0131na v\u0259 ixtisas \u00fczr\u0259 i\u015f staj\u0131na daxil edilir&#8221;.<\/p>\n<p><strong>ARANTV.AZ<\/strong> APA-ya istinad\u0259n bildirir ki, bunu &#8220;Sosial saat&#8221; verili\u015find\u0259 D\u00f6vl\u0259t \u018fm\u0259k M\u00fcf\u0259tti\u015fliyi Xidm\u0259tinin r\u0259isi Fuad Heyd\u0259rov h\u0259qiqi h\u0259rbi xidm\u0259t (\u0259sg\u0259rlik) d\u00f6vr\u00fcn\u00fcn sonradan \u0259m\u0259k f\u0259aliyy\u0259ti zaman\u0131 \u0259m\u0259k qabiliyy\u0259tini itir\u0259nl\u0259r\u0259 m\u00fcavin\u0259t hesablanark\u0259n \u0259m\u0259k staj\u0131na daxil edilm\u0259m\u0259sinin s\u0259b\u0259bi il\u0259 ba\u011fl\u0131 sual\u0131 cavabland\u0131rark\u0259n deyib.<\/p>\n<p>F. Heyd\u0259rov bu m\u0259s\u0259l\u0259 il\u0259 ba\u011fl\u0131 &#8220;H\u0259rbi xidm\u0259tke\u00e7m\u0259 haqq\u0131nda&#8221; \u018fsasnam\u0259 v\u0259 \u018fm\u0259k M\u0259c\u0259ll\u0259si aras\u0131ndak\u0131 uy\u011funsuzlu\u011fa diqq\u0259t \u00e7\u0259kib: &#8220;Ancaq \u018fm\u0259k M\u0259c\u0259ll\u0259sind\u0259 \u0259m\u0259k staj\u0131 v\u0259 sosial s\u0131\u011forta anlay\u0131\u015flar\u0131ndan istifad\u0259 olunur. Eyni zamanda \u018fm\u0259k M\u0259c\u0259ll\u0259sinin 6-c\u0131 madd\u0259sind\u0259 qeyd olunur ki, \u018fm\u0259k M\u0259c\u0259ll\u0259si h\u0259rbi qulluq\u00e7ulara \u015famil edilmir. \u018fm\u0259k M\u0259c\u0259ll\u0259sind\u0259 n\u0259z\u0259rd\u0259 tutulmu\u015f t\u0259minatlar\u0131n istifad\u0259si zaman\u0131 yaln\u0131z m\u00fcvafiq i\u015f yerind\u0259 \u0259m\u0259k staj\u0131 n\u0259z\u0259r\u0259 al\u0131n\u0131r v\u0259 \u0259m\u0259k kitab\u00e7as\u0131nda \u015f\u0259xsin \u0259m\u0259k f\u0259aliyy\u0259ti bar\u0259d\u0259 m\u0259lumatlar qeyd olunur. Nazirl\u0259r Kabinetinin 189 n\u00f6mr\u0259li q\u0259rar\u0131nda da qeyd edilir ki, \u0259m\u0259k qabiliyy\u0259ti olmayanlara m\u00fcavin\u0259t hesablanark\u0259n s\u0131\u011forta haqq\u0131 tutulan d\u00f6vrl\u0259r \u0259m\u0259k qabiliyy\u0259tinin itirilm\u0259si zaman\u0131 n\u0259z\u0259r\u0259 al\u0131nan d\u00f6vrl\u0259rdir&#8221;.<\/p>\n<p>Qeyd ed\u0259k ki, &#8220;H\u0259rbi xidm\u0259tke\u00e7m\u0259 haqq\u0131nda&#8221; \u018fsasnam\u0259y\u0259 \u0259sas\u0259n, h\u0259qiqi h\u0259rbi xidm\u0259td\u0259 olan v\u0259t\u0259nda\u015flar h\u0259rbi qulluq\u00e7ular, ehtiyatda xidm\u0259td\u0259 olanlar is\u0259 h\u0259rbi v\u0259zif\u0259lil\u0259r adlan\u0131rlar. H\u0259qiqi h\u0259rbi xidm\u0259tin m\u00fcdd\u0259tl\u0259ri dinc d\u00f6vrd\u0259 t\u0259qvim hesab\u0131 il\u0259 a\u015fa\u011f\u0131dak\u0131 kimi m\u00fc\u0259yy\u0259n edilib:<\/p>\n<p>M\u00fcdd\u0259tli h\u0259qiqi h\u0259rbi xidm\u0259t h\u0259rbi qulluq\u00e7ular\u0131 \u00fc\u00e7\u00fcn: &#8211; ali t\u0259hsili olanlar &#8211; 1 il; &#8211; qalan b\u00fct\u00fcn \u0259sg\u0259rl\u0259r, matroslar v\u0259 \u00e7avu\u015flar &#8211; 1 il 6 ay.<\/p>\n","protected":false},"excerpt":{"rendered":"<p>H\u0259rbi xidm\u0259tke\u00e7m\u0259 haqq\u0131nda&#8221; \u018fsasnam\u0259 qanunla t\u0259sdiq edilib. H\u0259min qanunda qeyd olunub ki, h\u0259rbi qulluq\u00e7ular\u0131n Az\u0259rbaycan Respublikas\u0131 Silahl\u0131 Q\u00fcvv\u0259l\u0259rind\u0259 v\u0259 Az\u0259rbaycan Respublikas\u0131n\u0131n qanunvericiliyin\u0259 uy\u011fun olaraq yarad\u0131lm\u0131\u015f ba\u015fqa silahl\u0131 birl\u0259\u015fm\u0259l\u0259rin qo\u015funlar\u0131nda v\u0259 orqanlar\u0131nda h\u0259qiqi h\u0259rbi xidm\u0259td\u0259 oldu\u011fu m\u00fcdd\u0259t q\u00fcvv\u0259d\u0259 olan qanunvericiliy\u0259 uy\u011fun olaraq onlar\u0131n \u00fcmumi v\u0259 fasil\u0259siz i\u015f staj\u0131na v\u0259 ixtisas \u00fczr\u0259 i\u015f staj\u0131na daxil edilir&#8221;. ARANTV.AZ APA-ya istinad\u0259n bildirir ki, bunu &#8220;Sosial saat&#8221; verili\u015find\u0259 D\u00f6vl\u0259t \u018fm\u0259k M\u00fcf\u0259tti\u015fliyi Xidm\u0259tinin r\u0259isi Fuad Heyd\u0259rov h\u0259qiqi h\u0259rbi xidm\u0259t (\u0259sg\u0259rlik) d\u00f6vr\u00fcn\u00fcn sonradan \u0259m\u0259k f\u0259aliyy\u0259ti zaman\u0131 \u0259m\u0259k qabiliyy\u0259tini itir\u0259nl\u0259r\u0259 m\u00fcavin\u0259t hesablanark\u0259n \u0259m\u0259k staj\u0131na daxil edilm\u0259m\u0259sinin s\u0259b\u0259bi il\u0259&hellip;<\/p>\n","protected":false},"author":2,"featured_media":437871,"comment_status":"closed","ping_status":"closed","sticky":false,"template":"","format":"standard","meta":{"om_disable_all_campaigns":false,"_monsterinsights_skip_tracking":false,"_monsterinsights_sitenote_active":false,"_monsterinsights_sitenote_note":"","_monsterinsights_sitenote_category":0},"categories":[1],"tags":[],"aioseo_notices":[],"gutentor_comment":0,"rttpg_featured_image_url":{"full":["https:\/\/arantv.az\/wp-content\/uploads\/2022\/02\/azerbaycan_ordusu_0258.jpg",800,600,false],"landscape":["https:\/\/arantv.az\/wp-content\/uploads\/2022\/02\/azerbaycan_ordusu_0258.jpg",800,600,false],"portraits":["https:\/\/arantv.az\/wp-content\/uploads\/2022\/02\/azerbaycan_ordusu_0258.jpg",800,600,false],"thumbnail":["https:\/\/arantv.az\/wp-content\/uploads\/2022\/02\/azerbaycan_ordusu_0258-500x280.jpg",500,280,true],"medium":["https:\/\/arantv.az\/wp-content\/uploads\/2022\/02\/azerbaycan_ordusu_0258-487x365.jpg",487,365,true],"large":["https:\/\/arantv.az\/wp-content\/uploads\/2022\/02\/azerbaycan_ordusu_0258.jpg",640,480,false],"1536x1536":["https:\/\/arantv.az\/wp-content\/uploads\/2022\/02\/azerbaycan_ordusu_0258.jpg",800,600,false],"2048x2048":["https:\/\/arantv.az\/wp-content\/uploads\/2022\/02\/azerbaycan_ordusu_0258.jpg",800,600,false],"post-thumbnail":["https:\/\/arantv.az\/wp-content\/uploads\/2022\/02\/azerbaycan_ordusu_0258-240x172.jpg",240,172,true],"advps-thumb-one":["https:\/\/arantv.az\/wp-content\/uploads\/2022\/02\/azerbaycan_ordusu_0258.jpg",800,600,false]},"rttpg_author":{"display_name":"V\u00fcsal Rafiqo\u011flu","author_link":"https:\/\/arantv.az\/?author=2"},"rttpg_comment":0,"rttpg_category":"<a href=\"https:\/\/arantv.az\/?cat=1\" rel=\"category\">C\u0259miyy\u0259t<\/a>","rttpg_excerpt":"H\u0259rbi xidm\u0259tke\u00e7m\u0259 haqq\u0131nda&#8221; \u018fsasnam\u0259 qanunla t\u0259sdiq edilib. H\u0259min qanunda qeyd olunub ki, h\u0259rbi qulluq\u00e7ular\u0131n Az\u0259rbaycan Respublikas\u0131 Silahl\u0131 Q\u00fcvv\u0259l\u0259rind\u0259 v\u0259 Az\u0259rbaycan Respublikas\u0131n\u0131n qanunvericiliyin\u0259 uy\u011fun olaraq yarad\u0131lm\u0131\u015f ba\u015fqa silahl\u0131 birl\u0259\u015fm\u0259l\u0259rin qo\u015funlar\u0131nda v\u0259 orqanlar\u0131nda h\u0259qiqi h\u0259rbi xidm\u0259td\u0259 oldu\u011fu m\u00fcdd\u0259t q\u00fcvv\u0259d\u0259 olan qanunvericiliy\u0259 uy\u011fun olaraq onlar\u0131n \u00fcmumi v\u0259 fasil\u0259siz i\u015f staj\u0131na v\u0259 ixtisas \u00fczr\u0259 i\u015f staj\u0131na daxil edilir&#8221;. ARANTV.AZ&hellip;","_links":{"self":[{"href":"https:\/\/arantv.az\/index.php?rest_route=\/wp\/v2\/posts\/437870"}],"collection":[{"href":"https:\/\/arantv.az\/index.php?rest_route=\/wp\/v2\/posts"}],"about":[{"href":"https:\/\/arantv.az\/index.php?rest_route=\/wp\/v2\/types\/post"}],"author":[{"embeddable":true,"href":"https:\/\/arantv.az\/index.php?rest_route=\/wp\/v2\/users\/2"}],"replies":[{"embeddable":true,"href":"https:\/\/arantv.az\/index.php?rest_route=%2Fwp%2Fv2%2Fcomments&post=437870"}],"version-history":[{"count":0,"href":"https:\/\/arantv.az\/index.php?rest_route=\/wp\/v2\/posts\/437870\/revisions"}],"wp:featuredmedia":[{"embeddable":true,"href":"https:\/\/arantv.az\/index.php?rest_route=\/wp\/v2\/media\/437871"}],"wp:attachment":[{"href":"https:\/\/arantv.az\/index.php?rest_route=%2Fwp%2Fv2%2Fmedia&parent=437870"}],"wp:term":[{"taxonomy":"category","embeddable":true,"href":"https:\/\/arantv.az\/index.php?rest_route=%2Fwp%2Fv2%2Fcategories&post=437870"},{"taxonomy":"post_tag","embeddable":true,"href":"https:\/\/arantv.az\/index.php?rest_route=%2Fwp%2Fv2%2Ftags&post=437870"}],"curies":[{"name":"wp","href":"https:\/\/api.w.org\/{rel}","templated":true}]}}