{"id":437873,"date":"2022-02-11T19:28:04","date_gmt":"2022-02-11T16:28:04","guid":{"rendered":"http:\/\/arantv.az\/?p=437873"},"modified":"2022-02-11T19:28:04","modified_gmt":"2022-02-11T16:28:04","slug":"turkiy%c9%99-az%c9%99rbaycan-ticar%c9%99t-dovriyy%c9%99sinin-15-milyard-dollara-catdirilmasi-h%c9%99d%c9%99fl%c9%99nir","status":"publish","type":"post","link":"https:\/\/arantv.az\/?p=437873","title":{"rendered":"&#8220;T\u00fcrkiy\u0259-Az\u0259rbaycan ticar\u0259t d\u00f6vriyy\u0259sinin 15 milyard dollara \u00e7atd\u0131r\u0131lmas\u0131 h\u0259d\u0259fl\u0259nir&#8221;"},"content":{"rendered":"<p>T\u00fcrkiy\u0259-Az\u0259rbaycan aras\u0131nda ticar\u0259t raz\u0131la\u015fmalar\u0131 h\u0259cminin 15 milyard dollara \u00e7atd\u0131r\u0131lmas\u0131 h\u0259d\u0259fl\u0259nir.<\/p>\n<p>Bunu\u00a0<a href=\"https:\/\/az.trend.az\/\" target=\"_blank\" rel=\"noopener\">Trend<\/a>-in suallar\u0131na cavab olaraq T\u00fcrkiy\u0259nin Az\u0259rbaycandak\u0131 f\u00f6vq\u0259lad\u0259 v\u0259 s\u0259lahiyy\u0259tli s\u0259firi Cahit Ba\u011fc\u0131 deyib.<\/p>\n<p>Onun s\u00f6zl\u0259rin\u0259 g\u00f6r\u0259, 5 min t\u00fcrkiy\u0259li i\u015f adam\u0131n\u0131n Az\u0259rbaycanda qeydiyyatda olan \u015firk\u0259tl\u0259ri var.<\/p>\n<p>&#8220;Bunlar Az\u0259rbaycanda ticar\u0259tin, i\u015f birlikl\u0259rinin inki\u015faf\u0131na t\u00f6hf\u0259 verir. T\u00fcrkiy\u0259 xidm\u0259t, turizm, s\u0259hiyy\u0259, qida sektorunda \u00f6nd\u0259 olan \u00f6lk\u0259l\u0259r s\u0131ras\u0131ndad\u0131r. T\u00fcrk i\u015f adamlar\u0131n\u0131n da bu sah\u0259l\u0259rd\u0259 f\u0259aliyy\u0259ti bizim \u00fc\u00e7\u00fcn \u00e7ox \u00f6n\u0259mlidir. Bak\u0131da da bu sah\u0259l\u0259rd\u0259 \u00e7al\u0131\u015fan insanlar\u0131n s\u0259rf etdiyi \u0259m\u0259k h\u0259r iki \u00f6lk\u0259y\u0259 d\u0259 ayr\u0131-ayr\u0131 m\u0259qamlarda t\u00f6hf\u0259l\u0259r verir v\u0259 ver\u0259c\u0259k. T\u00fcrkiy\u0259 v\u0259 Az\u0259rbaycan m\u00fcnasib\u0259tl\u0259ri k\u00f6kl\u00fc m\u00fcnasib\u0259tl\u0259rdir. \u0130ki \u00f6lk\u0259 aras\u0131ndak\u0131 \u0259laq\u0259l\u0259r getdikc\u0259 d\u0259rinl\u0259\u015fir. \u0130st\u0259r h\u0259rbi, ist\u0259r energetika, ist\u0259rs\u0259 d\u0259 iqtisadi \u0259laq\u0259l\u0259rimiz y\u00fcks\u0259l\u0259n x\u0259tl\u0259 inki\u015faf edir&#8221;, &#8211; dey\u0259 o qeyd edib.<\/p>\n<p>S\u0259fir, h\u0259m\u00e7inin bildirib ki, T\u00fcrkiy\u0259-Az\u0259rbaycan aras\u0131nda ticar\u0259t raz\u0131la\u015fmalar\u0131 haz\u0131rda 4 milyard dollar\u0131 ke\u00e7ib.<\/p>\n<p>&#8220;\u0130ki \u00f6lk\u0259 aras\u0131ndak\u0131 ticar\u0259t anla\u015fmalar\u0131n\u0131n h\u0259cminin 15 milyard dollara \u00e7atd\u0131r\u0131lmas\u0131 h\u0259d\u0259fl\u0259nir. Az\u0259rbaycan\u0131n h\u0259r b\u00f6lg\u0259sind\u0259 yeni i\u015f yerl\u0259ri yarad\u0131l\u0131r. Aqrar sah\u0259d\u0259, \u0259cza\u00e7\u0131l\u0131q sah\u0259sind\u0259 investisiyalar \u00fc\u00e7\u00fcn icaz\u0259l\u0259r al\u0131n\u0131b v\u0259 yax\u0131nda bu sah\u0259d\u0259 d\u0259 yenilikl\u0259r\u0259 imza at\u0131lacaq. Eyni zamanda, enerji sah\u0259sind\u0259ki i\u015f birlikl\u0259ri getdikc\u0259 b\u00f6y\u00fcy\u00fcr&#8221;, &#8211; dey\u0259 o \u0259lav\u0259 edib.<\/p>\n","protected":false},"excerpt":{"rendered":"<p>T\u00fcrkiy\u0259-Az\u0259rbaycan aras\u0131nda ticar\u0259t raz\u0131la\u015fmalar\u0131 h\u0259cminin 15 milyard dollara \u00e7atd\u0131r\u0131lmas\u0131 h\u0259d\u0259fl\u0259nir. Bunu\u00a0Trend-in suallar\u0131na cavab olaraq T\u00fcrkiy\u0259nin Az\u0259rbaycandak\u0131 f\u00f6vq\u0259lad\u0259 v\u0259 s\u0259lahiyy\u0259tli s\u0259firi Cahit Ba\u011fc\u0131 deyib. Onun s\u00f6zl\u0259rin\u0259 g\u00f6r\u0259, 5 min t\u00fcrkiy\u0259li i\u015f adam\u0131n\u0131n Az\u0259rbaycanda qeydiyyatda olan \u015firk\u0259tl\u0259ri var. &#8220;Bunlar Az\u0259rbaycanda ticar\u0259tin, i\u015f birlikl\u0259rinin inki\u015faf\u0131na t\u00f6hf\u0259 verir. T\u00fcrkiy\u0259 xidm\u0259t, turizm, s\u0259hiyy\u0259, qida sektorunda \u00f6nd\u0259 olan \u00f6lk\u0259l\u0259r s\u0131ras\u0131ndad\u0131r. T\u00fcrk i\u015f adamlar\u0131n\u0131n da bu sah\u0259l\u0259rd\u0259 f\u0259aliyy\u0259ti bizim \u00fc\u00e7\u00fcn \u00e7ox \u00f6n\u0259mlidir. Bak\u0131da da bu sah\u0259l\u0259rd\u0259 \u00e7al\u0131\u015fan insanlar\u0131n s\u0259rf etdiyi \u0259m\u0259k h\u0259r iki \u00f6lk\u0259y\u0259 d\u0259 ayr\u0131-ayr\u0131 m\u0259qamlarda t\u00f6hf\u0259l\u0259r verir v\u0259 ver\u0259c\u0259k. T\u00fcrkiy\u0259 v\u0259 Az\u0259rbaycan m\u00fcnasib\u0259tl\u0259ri k\u00f6kl\u00fc m\u00fcnasib\u0259tl\u0259rdir.&hellip;<\/p>\n","protected":false},"author":2,"featured_media":437874,"comment_status":"closed","ping_status":"closed","sticky":false,"template":"","format":"standard","meta":{"om_disable_all_campaigns":false,"_monsterinsights_skip_tracking":false,"_monsterinsights_sitenote_active":false,"_monsterinsights_sitenote_note":"","_monsterinsights_sitenote_category":0},"categories":[19],"tags":[],"aioseo_notices":[],"gutentor_comment":0,"rttpg_featured_image_url":{"full":["https:\/\/arantv.az\/wp-content\/uploads\/2022\/02\/1018900.jpg",800,600,false],"landscape":["https:\/\/arantv.az\/wp-content\/uploads\/2022\/02\/1018900.jpg",800,600,false],"portraits":["https:\/\/arantv.az\/wp-content\/uploads\/2022\/02\/1018900.jpg",800,600,false],"thumbnail":["https:\/\/arantv.az\/wp-content\/uploads\/2022\/02\/1018900-500x280.jpg",500,280,true],"medium":["https:\/\/arantv.az\/wp-content\/uploads\/2022\/02\/1018900-487x365.jpg",487,365,true],"large":["https:\/\/arantv.az\/wp-content\/uploads\/2022\/02\/1018900.jpg",640,480,false],"1536x1536":["https:\/\/arantv.az\/wp-content\/uploads\/2022\/02\/1018900.jpg",800,600,false],"2048x2048":["https:\/\/arantv.az\/wp-content\/uploads\/2022\/02\/1018900.jpg",800,600,false],"post-thumbnail":["https:\/\/arantv.az\/wp-content\/uploads\/2022\/02\/1018900-240x172.jpg",240,172,true],"advps-thumb-one":["https:\/\/arantv.az\/wp-content\/uploads\/2022\/02\/1018900.jpg",800,600,false]},"rttpg_author":{"display_name":"V\u00fcsal Rafiqo\u011flu","author_link":"https:\/\/arantv.az\/?author=2"},"rttpg_comment":0,"rttpg_category":"<a href=\"https:\/\/arantv.az\/?cat=19\" rel=\"category\">G\u00fcnd\u0259m<\/a>","rttpg_excerpt":"T\u00fcrkiy\u0259-Az\u0259rbaycan aras\u0131nda ticar\u0259t raz\u0131la\u015fmalar\u0131 h\u0259cminin 15 milyard dollara \u00e7atd\u0131r\u0131lmas\u0131 h\u0259d\u0259fl\u0259nir. Bunu\u00a0Trend-in suallar\u0131na cavab olaraq T\u00fcrkiy\u0259nin Az\u0259rbaycandak\u0131 f\u00f6vq\u0259lad\u0259 v\u0259 s\u0259lahiyy\u0259tli s\u0259firi Cahit Ba\u011fc\u0131 deyib. Onun s\u00f6zl\u0259rin\u0259 g\u00f6r\u0259, 5 min t\u00fcrkiy\u0259li i\u015f adam\u0131n\u0131n Az\u0259rbaycanda qeydiyyatda olan \u015firk\u0259tl\u0259ri var. &#8220;Bunlar Az\u0259rbaycanda ticar\u0259tin, i\u015f birlikl\u0259rinin inki\u015faf\u0131na t\u00f6hf\u0259 verir. T\u00fcrkiy\u0259 xidm\u0259t, turizm, s\u0259hiyy\u0259, qida sektorunda \u00f6nd\u0259 olan \u00f6lk\u0259l\u0259r s\u0131ras\u0131ndad\u0131r. T\u00fcrk&hellip;","_links":{"self":[{"href":"https:\/\/arantv.az\/index.php?rest_route=\/wp\/v2\/posts\/437873"}],"collection":[{"href":"https:\/\/arantv.az\/index.php?rest_route=\/wp\/v2\/posts"}],"about":[{"href":"https:\/\/arantv.az\/index.php?rest_route=\/wp\/v2\/types\/post"}],"author":[{"embeddable":true,"href":"https:\/\/arantv.az\/index.php?rest_route=\/wp\/v2\/users\/2"}],"replies":[{"embeddable":true,"href":"https:\/\/arantv.az\/index.php?rest_route=%2Fwp%2Fv2%2Fcomments&post=437873"}],"version-history":[{"count":0,"href":"https:\/\/arantv.az\/index.php?rest_route=\/wp\/v2\/posts\/437873\/revisions"}],"wp:featuredmedia":[{"embeddable":true,"href":"https:\/\/arantv.az\/index.php?rest_route=\/wp\/v2\/media\/437874"}],"wp:attachment":[{"href":"https:\/\/arantv.az\/index.php?rest_route=%2Fwp%2Fv2%2Fmedia&parent=437873"}],"wp:term":[{"taxonomy":"category","embeddable":true,"href":"https:\/\/arantv.az\/index.php?rest_route=%2Fwp%2Fv2%2Fcategories&post=437873"},{"taxonomy":"post_tag","embeddable":true,"href":"https:\/\/arantv.az\/index.php?rest_route=%2Fwp%2Fv2%2Ftags&post=437873"}],"curies":[{"name":"wp","href":"https:\/\/api.w.org\/{rel}","templated":true}]}}