{"id":437877,"date":"2022-02-11T19:56:27","date_gmt":"2022-02-11T16:56:27","guid":{"rendered":"http:\/\/arantv.az\/?p=437877"},"modified":"2022-02-11T19:56:27","modified_gmt":"2022-02-11T16:56:27","slug":"talibl%c9%99r-olk%c9%99ni-t%c9%99rk-etmis-mu%c9%99lliml%c9%99ri-geri-cagirir","status":"publish","type":"post","link":"https:\/\/arantv.az\/?p=437877","title":{"rendered":"Talibl\u0259r \u00f6lk\u0259ni t\u0259rk etmi\u015f m\u00fc\u0259lliml\u0259ri geri \u00e7a\u011f\u0131r\u0131r"},"content":{"rendered":"<p>Taliban\u0131n r\u0259hb\u0259rlik etdiyi \u018ffqan\u0131stan h\u00f6kum\u0259ti \u00f6lk\u0259ni t\u0259rk etmi\u015f universitet m\u00fc\u0259lliml\u0259rini geri qay\u0131tma\u011fa \u00e7a\u011f\u0131r\u0131b.<\/p>\n<div class=\"AdviadNativeVideo\"><\/div>\n<p>Bu bar\u0259d\u0259 \u00f6lk\u0259nin Ali T\u0259hsil Nazirliyinin yayd\u0131\u011f\u0131 b\u0259yanatda deyilir.<\/p>\n<p>\u201c\u018ffqan\u0131stan b\u00fct\u00fcn etnik qruplar\u0131n \u00fcmumi evidir v\u0259 biz onlar\u0131n inki\u015faf\u0131na cavabdehik. Rifah\u0131n olmad\u0131\u011f\u0131 bir \u015f\u0259raitd\u0259 \u00f6lk\u0259nin t\u0259hsil sistemi yar\u0131m\u00e7\u0131q qal\u0131b. Bununla \u0259laq\u0259dar olaraq, Ali T\u0259hsil Nazirliyi \u00f6lk\u0259ni t\u0259rk etmi\u015f b\u00fct\u00fcn professorlar\u0131 ev\u0259 qay\u0131tma\u011fa d\u0259v\u0259t edir\u201d, &#8211; dey\u0259 qurumun b\u0259yanat\u0131nda bildirilir.<\/p>\n<p>\u201cTaliban\u201d vur\u011fulay\u0131b ki, m\u00fc\u0259lliml\u0259r \u00f6lk\u0259nin inki\u015faf m\u0259qs\u0259dl\u0259rind\u0259n birinin h\u0259yata ke\u00e7irilm\u0259sin\u0259 k\u00f6m\u0259k etm\u0259lidir. \u018ffqan\u0131stan h\u00f6kum\u0259ti yeni m\u00fc\u0259lliml\u0259ri i\u015f\u0259 g\u00f6t\u00fcrm\u0259k \u00fc\u00e7\u00fcn v\u0259sait ay\u0131rd\u0131\u011f\u0131n\u0131 da a\u00e7\u0131qlay\u0131b.<\/p>\n<p>\u201cV\u0259t\u0259nl\u0259rini t\u0259rk ed\u0259n kadrlardan xahi\u015f edirik ki, geri qay\u0131ts\u0131nlar v\u0259 m\u00fcq\u0259dd\u0259s i\u015fl\u0259rini davam etdirsinl\u0259r v\u0259 \u00f6lk\u0259nin elmi t\u0259r\u0259qqisin\u0259 t\u00f6hf\u0259 versinl\u0259r\u201d, &#8211; dey\u0259 \u018ffqan\u0131stan Ali T\u0259hsil Nazirliyi bildirib.<\/p>\n","protected":false},"excerpt":{"rendered":"<p>Taliban\u0131n r\u0259hb\u0259rlik etdiyi \u018ffqan\u0131stan h\u00f6kum\u0259ti \u00f6lk\u0259ni t\u0259rk etmi\u015f universitet m\u00fc\u0259lliml\u0259rini geri qay\u0131tma\u011fa \u00e7a\u011f\u0131r\u0131b. Bu bar\u0259d\u0259 \u00f6lk\u0259nin Ali T\u0259hsil Nazirliyinin yayd\u0131\u011f\u0131 b\u0259yanatda deyilir. \u201c\u018ffqan\u0131stan b\u00fct\u00fcn etnik qruplar\u0131n \u00fcmumi evidir v\u0259 biz onlar\u0131n inki\u015faf\u0131na cavabdehik. Rifah\u0131n olmad\u0131\u011f\u0131 bir \u015f\u0259raitd\u0259 \u00f6lk\u0259nin t\u0259hsil sistemi yar\u0131m\u00e7\u0131q qal\u0131b. Bununla \u0259laq\u0259dar olaraq, Ali T\u0259hsil Nazirliyi \u00f6lk\u0259ni t\u0259rk etmi\u015f b\u00fct\u00fcn professorlar\u0131 ev\u0259 qay\u0131tma\u011fa d\u0259v\u0259t edir\u201d, &#8211; dey\u0259 qurumun b\u0259yanat\u0131nda bildirilir. \u201cTaliban\u201d vur\u011fulay\u0131b ki, m\u00fc\u0259lliml\u0259r \u00f6lk\u0259nin inki\u015faf m\u0259qs\u0259dl\u0259rind\u0259n birinin h\u0259yata ke\u00e7irilm\u0259sin\u0259 k\u00f6m\u0259k etm\u0259lidir. \u018ffqan\u0131stan h\u00f6kum\u0259ti yeni m\u00fc\u0259lliml\u0259ri i\u015f\u0259 g\u00f6t\u00fcrm\u0259k \u00fc\u00e7\u00fcn v\u0259sait ay\u0131rd\u0131\u011f\u0131n\u0131 da a\u00e7\u0131qlay\u0131b. \u201cV\u0259t\u0259nl\u0259rini t\u0259rk ed\u0259n kadrlardan xahi\u015f&hellip;<\/p>\n","protected":false},"author":2,"featured_media":437878,"comment_status":"closed","ping_status":"closed","sticky":false,"template":"","format":"standard","meta":{"om_disable_all_campaigns":false,"_monsterinsights_skip_tracking":false,"_monsterinsights_sitenote_active":false,"_monsterinsights_sitenote_note":"","_monsterinsights_sitenote_category":0},"categories":[7],"tags":[],"aioseo_notices":[],"gutentor_comment":0,"rttpg_featured_image_url":{"full":["https:\/\/arantv.az\/wp-content\/uploads\/2022\/02\/teacher6.jpg",620,413,false],"landscape":["https:\/\/arantv.az\/wp-content\/uploads\/2022\/02\/teacher6.jpg",620,413,false],"portraits":["https:\/\/arantv.az\/wp-content\/uploads\/2022\/02\/teacher6.jpg",620,413,false],"thumbnail":["https:\/\/arantv.az\/wp-content\/uploads\/2022\/02\/teacher6-500x280.jpg",500,280,true],"medium":["https:\/\/arantv.az\/wp-content\/uploads\/2022\/02\/teacher6-548x365.jpg",548,365,true],"large":["https:\/\/arantv.az\/wp-content\/uploads\/2022\/02\/teacher6.jpg",620,413,false],"1536x1536":["https:\/\/arantv.az\/wp-content\/uploads\/2022\/02\/teacher6.jpg",620,413,false],"2048x2048":["https:\/\/arantv.az\/wp-content\/uploads\/2022\/02\/teacher6.jpg",620,413,false],"post-thumbnail":["https:\/\/arantv.az\/wp-content\/uploads\/2022\/02\/teacher6-240x172.jpg",240,172,true],"advps-thumb-one":["https:\/\/arantv.az\/wp-content\/uploads\/2022\/02\/teacher6.jpg",620,413,false]},"rttpg_author":{"display_name":"V\u00fcsal Rafiqo\u011flu","author_link":"https:\/\/arantv.az\/?author=2"},"rttpg_comment":0,"rttpg_category":"<a href=\"https:\/\/arantv.az\/?cat=7\" rel=\"category\">D\u00fcnya<\/a>","rttpg_excerpt":"Taliban\u0131n r\u0259hb\u0259rlik etdiyi \u018ffqan\u0131stan h\u00f6kum\u0259ti \u00f6lk\u0259ni t\u0259rk etmi\u015f universitet m\u00fc\u0259lliml\u0259rini geri qay\u0131tma\u011fa \u00e7a\u011f\u0131r\u0131b. Bu bar\u0259d\u0259 \u00f6lk\u0259nin Ali T\u0259hsil Nazirliyinin yayd\u0131\u011f\u0131 b\u0259yanatda deyilir. \u201c\u018ffqan\u0131stan b\u00fct\u00fcn etnik qruplar\u0131n \u00fcmumi evidir v\u0259 biz onlar\u0131n inki\u015faf\u0131na cavabdehik. Rifah\u0131n olmad\u0131\u011f\u0131 bir \u015f\u0259raitd\u0259 \u00f6lk\u0259nin t\u0259hsil sistemi yar\u0131m\u00e7\u0131q qal\u0131b. Bununla \u0259laq\u0259dar olaraq, Ali T\u0259hsil Nazirliyi \u00f6lk\u0259ni t\u0259rk etmi\u015f b\u00fct\u00fcn professorlar\u0131 ev\u0259 qay\u0131tma\u011fa&hellip;","_links":{"self":[{"href":"https:\/\/arantv.az\/index.php?rest_route=\/wp\/v2\/posts\/437877"}],"collection":[{"href":"https:\/\/arantv.az\/index.php?rest_route=\/wp\/v2\/posts"}],"about":[{"href":"https:\/\/arantv.az\/index.php?rest_route=\/wp\/v2\/types\/post"}],"author":[{"embeddable":true,"href":"https:\/\/arantv.az\/index.php?rest_route=\/wp\/v2\/users\/2"}],"replies":[{"embeddable":true,"href":"https:\/\/arantv.az\/index.php?rest_route=%2Fwp%2Fv2%2Fcomments&post=437877"}],"version-history":[{"count":0,"href":"https:\/\/arantv.az\/index.php?rest_route=\/wp\/v2\/posts\/437877\/revisions"}],"wp:featuredmedia":[{"embeddable":true,"href":"https:\/\/arantv.az\/index.php?rest_route=\/wp\/v2\/media\/437878"}],"wp:attachment":[{"href":"https:\/\/arantv.az\/index.php?rest_route=%2Fwp%2Fv2%2Fmedia&parent=437877"}],"wp:term":[{"taxonomy":"category","embeddable":true,"href":"https:\/\/arantv.az\/index.php?rest_route=%2Fwp%2Fv2%2Fcategories&post=437877"},{"taxonomy":"post_tag","embeddable":true,"href":"https:\/\/arantv.az\/index.php?rest_route=%2Fwp%2Fv2%2Ftags&post=437877"}],"curies":[{"name":"wp","href":"https:\/\/api.w.org\/{rel}","templated":true}]}}