{"id":437881,"date":"2022-02-11T20:00:35","date_gmt":"2022-02-11T17:00:35","guid":{"rendered":"http:\/\/arantv.az\/?p=437881"},"modified":"2022-02-11T20:00:35","modified_gmt":"2022-02-11T17:00:35","slug":"mediada-calisan-texniki-iscil%c9%99r-d%c9%99-guz%c9%99stli-ipotekadan-yararlana-bil%c9%99c%c9%99k-aciqlama","status":"publish","type":"post","link":"https:\/\/arantv.az\/?p=437881","title":{"rendered":"Mediada \u00e7al\u0131\u015fan texniki i\u015f\u00e7il\u0259r d\u0259 g\u00fcz\u0259\u015ftli ipotekadan yararlana bil\u0259c\u0259k? \u2013 A\u00c7IQLAMA"},"content":{"rendered":"<p>Media sah\u0259sind\u0259 \u00e7al\u0131\u015fan texniki i\u015f\u00e7i hey\u0259ti h\u0259l\u0259 ki, g\u00fcz\u0259\u015ftli ipotekadan istifad\u0259 ed\u0259n \u015f\u0259xsl\u0259rin siyah\u0131s\u0131na daxil edilm\u0259yib.<\/p>\n<div class=\"AdviadNativeVideo\"><\/div>\n<p>Bunu Medianin \u0130nki\u015faf\u0131 Agentliyinin (MED\u0130A) icra\u00e7\u0131 direktoru \u018fhm\u0259d \u0130smay\u0131lov Trend-\u0259 m\u00fcsahib\u0259sind\u0259 bildirib. Onun s\u00f6zl\u0259rin\u0259 g\u00f6r\u0259, Az\u0259rbaycanda g\u00fcz\u0259\u015ftli ipoteka kreditl\u0259rinin verilm\u0259si mexanizmi v\u0259 prosedurlar\u0131 m\u00f6vcuddur.<\/p>\n<p>\u201cDig\u0259r sah\u0259l\u0259rd\u0259 \u00e7al\u0131\u015fan v\u0259t\u0259nda\u015flar\u0131mza olan t\u0259l\u0259bl\u0259r eynil\u0259 jurnalistl\u0259rimiz\u0259 d\u0259 t\u0259tbiq olunma\u011fa ba\u015flay\u0131b. Y\u0259ni biz yeni bir mexanizm yaratmam\u0131\u015f\u0131q. C\u0259nab Prezident \u0130lham \u018fliyevin f\u0259rman\u0131 il\u0259 jurnalistl\u0259rimizin o siyah\u0131ya daxil edilm\u0259si d\u00f6vl\u0259t ba\u015f\u00e7\u0131s\u0131n\u0131n jurnalistl\u0259r\u0259 olan diqq\u0259ti idi ki, dig\u0259r sah\u0259l\u0259rd\u0259 olan m\u00fct\u0259x\u0259ssisl\u0259rl\u0259 eyni imtiyazlardan istifad\u0259 etsinl\u0259r.<\/p>\n<p>Texniki i\u015f\u00e7i hey\u0259ti il\u0259 ba\u011fl\u0131 yana\u015fma dig\u0259r sah\u0259l\u0259rd\u0259 d\u0259 m\u00f6vcuddur. G\u0259l\u0259c\u0259kd\u0259 biz bununla ba\u011fl\u0131 t\u0259hlill\u0259r aparaca\u011f\u0131q v\u0259 \u0259g\u0259r m\u0259qs\u0259d\u0259m\u00fcvafiq olarsa, bununla ba\u011fl\u0131 i\u015fl\u0259rin d\u0259 g\u00f6r\u00fclm\u0259si m\u00fcmk\u00fcnd\u00fcr. \u0130ndiki qanunda is\u0259 jurnalist anlay\u0131\u015f\u0131 verilib, \u00e7\u0259r\u00e7iv\u0259 m\u00fc\u0259yy\u0259n edilib ki, kiml\u0259r jurnalist hesab olunur. Yeni qanun imkan verdi ki, jurnalistl\u0259rimiz g\u00fcz\u0259\u015ftli ipoteka alan insanlar\u0131n siyah\u0131s\u0131na d\u00fc\u015fs\u00fcnl\u0259r v\u0259 Prezident t\u0259r\u0259find\u0259n d\u0259 m\u0259hz jurnalistl\u0259rimiz g\u00fcz\u0259\u015ftli ipotekadan istifad\u0259 ed\u0259n insanlar\u0131n siyah\u0131s\u0131na daxil edildil\u0259r\u201d, &#8211; dey\u0259 o qeyd edib.<\/p>\n<p>Qeyd ed\u0259k ki, Prezident \u0130lham \u018fliyev t\u0259r\u0259find\u0259n imzalanan 8 fevral tarixli F\u0259rmana \u0259sas\u0259n, g\u0259nc ail\u0259nin \u00fczv\u00fc olan, az\u0131 5 il jurnalist i\u015fl\u0259y\u0259n v\u0259 Media Reyestrin\u0259 daxil edilmi\u015f \u015f\u0259xsl\u0259r g\u00fcz\u0259\u015ftli ipoteka kreditind\u0259n istifad\u0259 etm\u0259k h\u00fcququna malikdir. Bundan \u0259lav\u0259, g\u0259nc ail\u0259nin \u00fczv\u00fc olmayan \u0259n az\u0131 15 il jurnalist i\u015fl\u0259y\u0259n v\u0259 Media Reyestrin\u0259 daxil edilmi\u015f \u015f\u0259xsl\u0259r d\u0259 bu imkandan yararlana bil\u0259c\u0259kl\u0259r.<\/p>\n","protected":false},"excerpt":{"rendered":"<p>Media sah\u0259sind\u0259 \u00e7al\u0131\u015fan texniki i\u015f\u00e7i hey\u0259ti h\u0259l\u0259 ki, g\u00fcz\u0259\u015ftli ipotekadan istifad\u0259 ed\u0259n \u015f\u0259xsl\u0259rin siyah\u0131s\u0131na daxil edilm\u0259yib. Bunu Medianin \u0130nki\u015faf\u0131 Agentliyinin (MED\u0130A) icra\u00e7\u0131 direktoru \u018fhm\u0259d \u0130smay\u0131lov Trend-\u0259 m\u00fcsahib\u0259sind\u0259 bildirib. Onun s\u00f6zl\u0259rin\u0259 g\u00f6r\u0259, Az\u0259rbaycanda g\u00fcz\u0259\u015ftli ipoteka kreditl\u0259rinin verilm\u0259si mexanizmi v\u0259 prosedurlar\u0131 m\u00f6vcuddur. \u201cDig\u0259r sah\u0259l\u0259rd\u0259 \u00e7al\u0131\u015fan v\u0259t\u0259nda\u015flar\u0131mza olan t\u0259l\u0259bl\u0259r eynil\u0259 jurnalistl\u0259rimiz\u0259 d\u0259 t\u0259tbiq olunma\u011fa ba\u015flay\u0131b. Y\u0259ni biz yeni bir mexanizm yaratmam\u0131\u015f\u0131q. C\u0259nab Prezident \u0130lham \u018fliyevin f\u0259rman\u0131 il\u0259 jurnalistl\u0259rimizin o siyah\u0131ya daxil edilm\u0259si d\u00f6vl\u0259t ba\u015f\u00e7\u0131s\u0131n\u0131n jurnalistl\u0259r\u0259 olan diqq\u0259ti idi ki, dig\u0259r sah\u0259l\u0259rd\u0259 olan m\u00fct\u0259x\u0259ssisl\u0259rl\u0259 eyni imtiyazlardan istifad\u0259 etsinl\u0259r. Texniki i\u015f\u00e7i hey\u0259ti il\u0259 ba\u011fl\u0131 yana\u015fma&hellip;<\/p>\n","protected":false},"author":2,"featured_media":437745,"comment_status":"closed","ping_status":"closed","sticky":false,"template":"","format":"standard","meta":{"om_disable_all_campaigns":false,"_monsterinsights_skip_tracking":false,"_monsterinsights_sitenote_active":false,"_monsterinsights_sitenote_note":"","_monsterinsights_sitenote_category":0},"categories":[1],"tags":[],"aioseo_notices":[],"gutentor_comment":0,"rttpg_featured_image_url":{"full":["https:\/\/arantv.az\/wp-content\/uploads\/2022\/02\/1018895.jpg",800,600,false],"landscape":["https:\/\/arantv.az\/wp-content\/uploads\/2022\/02\/1018895.jpg",800,600,false],"portraits":["https:\/\/arantv.az\/wp-content\/uploads\/2022\/02\/1018895.jpg",800,600,false],"thumbnail":["https:\/\/arantv.az\/wp-content\/uploads\/2022\/02\/1018895-500x280.jpg",500,280,true],"medium":["https:\/\/arantv.az\/wp-content\/uploads\/2022\/02\/1018895-487x365.jpg",487,365,true],"large":["https:\/\/arantv.az\/wp-content\/uploads\/2022\/02\/1018895.jpg",640,480,false],"1536x1536":["https:\/\/arantv.az\/wp-content\/uploads\/2022\/02\/1018895.jpg",800,600,false],"2048x2048":["https:\/\/arantv.az\/wp-content\/uploads\/2022\/02\/1018895.jpg",800,600,false],"post-thumbnail":["https:\/\/arantv.az\/wp-content\/uploads\/2022\/02\/1018895-240x172.jpg",240,172,true],"advps-thumb-one":["https:\/\/arantv.az\/wp-content\/uploads\/2022\/02\/1018895.jpg",800,600,false]},"rttpg_author":{"display_name":"V\u00fcsal Rafiqo\u011flu","author_link":"https:\/\/arantv.az\/?author=2"},"rttpg_comment":0,"rttpg_category":"<a href=\"https:\/\/arantv.az\/?cat=1\" rel=\"category\">C\u0259miyy\u0259t<\/a>","rttpg_excerpt":"Media sah\u0259sind\u0259 \u00e7al\u0131\u015fan texniki i\u015f\u00e7i hey\u0259ti h\u0259l\u0259 ki, g\u00fcz\u0259\u015ftli ipotekadan istifad\u0259 ed\u0259n \u015f\u0259xsl\u0259rin siyah\u0131s\u0131na daxil edilm\u0259yib. Bunu Medianin \u0130nki\u015faf\u0131 Agentliyinin (MED\u0130A) icra\u00e7\u0131 direktoru \u018fhm\u0259d \u0130smay\u0131lov Trend-\u0259 m\u00fcsahib\u0259sind\u0259 bildirib. Onun s\u00f6zl\u0259rin\u0259 g\u00f6r\u0259, Az\u0259rbaycanda g\u00fcz\u0259\u015ftli ipoteka kreditl\u0259rinin verilm\u0259si mexanizmi v\u0259 prosedurlar\u0131 m\u00f6vcuddur. \u201cDig\u0259r sah\u0259l\u0259rd\u0259 \u00e7al\u0131\u015fan v\u0259t\u0259nda\u015flar\u0131mza olan t\u0259l\u0259bl\u0259r eynil\u0259 jurnalistl\u0259rimiz\u0259 d\u0259 t\u0259tbiq olunma\u011fa ba\u015flay\u0131b. Y\u0259ni biz yeni&hellip;","_links":{"self":[{"href":"https:\/\/arantv.az\/index.php?rest_route=\/wp\/v2\/posts\/437881"}],"collection":[{"href":"https:\/\/arantv.az\/index.php?rest_route=\/wp\/v2\/posts"}],"about":[{"href":"https:\/\/arantv.az\/index.php?rest_route=\/wp\/v2\/types\/post"}],"author":[{"embeddable":true,"href":"https:\/\/arantv.az\/index.php?rest_route=\/wp\/v2\/users\/2"}],"replies":[{"embeddable":true,"href":"https:\/\/arantv.az\/index.php?rest_route=%2Fwp%2Fv2%2Fcomments&post=437881"}],"version-history":[{"count":0,"href":"https:\/\/arantv.az\/index.php?rest_route=\/wp\/v2\/posts\/437881\/revisions"}],"wp:featuredmedia":[{"embeddable":true,"href":"https:\/\/arantv.az\/index.php?rest_route=\/wp\/v2\/media\/437745"}],"wp:attachment":[{"href":"https:\/\/arantv.az\/index.php?rest_route=%2Fwp%2Fv2%2Fmedia&parent=437881"}],"wp:term":[{"taxonomy":"category","embeddable":true,"href":"https:\/\/arantv.az\/index.php?rest_route=%2Fwp%2Fv2%2Fcategories&post=437881"},{"taxonomy":"post_tag","embeddable":true,"href":"https:\/\/arantv.az\/index.php?rest_route=%2Fwp%2Fv2%2Ftags&post=437881"}],"curies":[{"name":"wp","href":"https:\/\/api.w.org\/{rel}","templated":true}]}}