{"id":437905,"date":"2022-02-11T20:27:08","date_gmt":"2022-02-11T17:27:08","guid":{"rendered":"http:\/\/arantv.az\/?p=437905"},"modified":"2022-02-11T20:27:08","modified_gmt":"2022-02-11T17:27:08","slug":"az%c9%99rbaycanda-dunyanin-aparici-sirk%c9%99tl%c9%99ri-agilli-s%c9%99h%c9%99r-v%c9%99-k%c9%99nd-konsepsiyalarini-hazirlayir-musavir","status":"publish","type":"post","link":"https:\/\/arantv.az\/?p=437905","title":{"rendered":"Az\u0259rbaycanda d\u00fcnyan\u0131n apar\u0131c\u0131 \u015firk\u0259tl\u0259ri &#8220;a\u011f\u0131ll\u0131 \u015f\u0259h\u0259r v\u0259 k\u0259nd&#8221; konsepsiyalar\u0131n\u0131 haz\u0131rlay\u0131r &#8211; M\u00fc\u015favir"},"content":{"rendered":"<p>Az\u0259rbaycanda haz\u0131rda &#8220;a\u011f\u0131ll\u0131 \u015f\u0259h\u0259r&#8221; konsepsiyalar\u0131n\u0131n haz\u0131rlanmas\u0131 \u00fcz\u0259rind\u0259 d\u00fcnyan\u0131n apar\u0131c\u0131 texnologiya \u015firk\u0259tl\u0259ri i\u015fl\u0259yir.<\/p>\n<p><strong>ARANTV.AZ\u00a0<\/strong> bildirir ki, bunu <a href=\"https:\/\/az.trend.az\/\" target=\"_blank\" rel=\"noopener\">Trend<\/a>-\u0259 r\u0259q\u0259msal inki\u015faf v\u0259 n\u0259qliyyat nazirinin m\u00fc\u015faviri R\u0259\u015fad Bayramov deyib.<\/p>\n<p>Onun s\u00f6zl\u0259rin\u0259 g\u00f6r\u0259, nazirlikd\u0259 hesab edirl\u0259r ki, &#8220;a\u011f\u0131ll\u0131 \u015f\u0259h\u0259r&#8221; v\u0259 &#8220;a\u011f\u0131ll\u0131 k\u0259nd&#8221; layih\u0259l\u0259rinin realla\u015fd\u0131r\u0131lmas\u0131 \u00fc\u00e7\u00fcn onlar\u0131n konsepsiyas\u0131n\u0131 haz\u0131rlamaq laz\u0131md\u0131r.<\/p>\n<p>&#8220;Burada \u0259sas problem onlar\u0131n yarad\u0131lmas\u0131 \u00fc\u00e7\u00fcn vahid standart\u0131n olmamas\u0131d\u0131r. Ona g\u00f6r\u0259 d\u0259 nazirliyimiz dig\u0259r d\u00f6vl\u0259t strukturlar\u0131 il\u0259 birg\u0259 t\u0259qdim olunmu\u015f konsepsiyalar\u0131n raz\u0131la\u015fd\u0131r\u0131lmas\u0131 \u00fcz\u0259rind\u0259 i\u015fl\u0259yir&#8221;, &#8211; dey\u0259 o bildirib.<\/p>\n<p>M\u00fc\u015favir qeyd edib ki, konsepsiyalar b\u00fct\u00fcn d\u00f6vl\u0259t strukturlar\u0131 t\u0259r\u0259find\u0259n raz\u0131la\u015fd\u0131r\u0131ld\u0131qdan sonra onlar\u0131n realla\u015fd\u0131r\u0131lmas\u0131na ba\u015flamaq planla\u015fd\u0131r\u0131l\u0131r.<\/p>\n<p>&#8220;Bu konsepsiyalarda \u00f6lk\u0259miz \u00fc\u00e7\u00fcn \u00fc\u00e7 \u0259sas v\u0259 prioritet element \u0259ks olunmal\u0131d\u0131r. Birincisi, &#8220;a\u011f\u0131ll\u0131 \u015f\u0259h\u0259r&#8221; v\u0259 &#8220;a\u011f\u0131ll\u0131 k\u0259nd&#8221; layih\u0259l\u0259rinin m\u00fc\u0259yy\u0259n texnologiyalar\u0131n t\u0259tbiqi il\u0259 realla\u015fd\u0131r\u0131lmas\u0131n\u0131n s\u0259m\u0259r\u0259liliyidir. \u0130kincisi, bu h\u0259llin dayan\u0131ql\u0131l\u0131\u011f\u0131, y\u0259ni d\u00f6vl\u0259t subsidiyalar\u0131ndan v\u0259 t\u0259\u015fviql\u0259rind\u0259n, el\u0259c\u0259 d\u0259 maliyyl\u0259\u015fdirm\u0259d\u0259n as\u0131l\u0131 olub-olmamas\u0131d\u0131r. \u00dc\u00e7\u00fcnc\u00fcs\u00fc is\u0259 bu h\u0259llin \u00f6lk\u0259d\u0259 dig\u0259r innovasiya v\u0259 texnologiyalar\u0131n inki\u015faf\u0131na xidm\u0259t edib-etm\u0259y\u0259c\u0259yidr&#8221;, &#8211; R.Bayramov deyib.<\/p>\n","protected":false},"excerpt":{"rendered":"<p>Az\u0259rbaycanda haz\u0131rda &#8220;a\u011f\u0131ll\u0131 \u015f\u0259h\u0259r&#8221; konsepsiyalar\u0131n\u0131n haz\u0131rlanmas\u0131 \u00fcz\u0259rind\u0259 d\u00fcnyan\u0131n apar\u0131c\u0131 texnologiya \u015firk\u0259tl\u0259ri i\u015fl\u0259yir. ARANTV.AZ\u00a0 bildirir ki, bunu Trend-\u0259 r\u0259q\u0259msal inki\u015faf v\u0259 n\u0259qliyyat nazirinin m\u00fc\u015faviri R\u0259\u015fad Bayramov deyib. Onun s\u00f6zl\u0259rin\u0259 g\u00f6r\u0259, nazirlikd\u0259 hesab edirl\u0259r ki, &#8220;a\u011f\u0131ll\u0131 \u015f\u0259h\u0259r&#8221; v\u0259 &#8220;a\u011f\u0131ll\u0131 k\u0259nd&#8221; layih\u0259l\u0259rinin realla\u015fd\u0131r\u0131lmas\u0131 \u00fc\u00e7\u00fcn onlar\u0131n konsepsiyas\u0131n\u0131 haz\u0131rlamaq laz\u0131md\u0131r. &#8220;Burada \u0259sas problem onlar\u0131n yarad\u0131lmas\u0131 \u00fc\u00e7\u00fcn vahid standart\u0131n olmamas\u0131d\u0131r. Ona g\u00f6r\u0259 d\u0259 nazirliyimiz dig\u0259r d\u00f6vl\u0259t strukturlar\u0131 il\u0259 birg\u0259 t\u0259qdim olunmu\u015f konsepsiyalar\u0131n raz\u0131la\u015fd\u0131r\u0131lmas\u0131 \u00fcz\u0259rind\u0259 i\u015fl\u0259yir&#8221;, &#8211; dey\u0259 o bildirib. M\u00fc\u015favir qeyd edib ki, konsepsiyalar b\u00fct\u00fcn d\u00f6vl\u0259t strukturlar\u0131 t\u0259r\u0259find\u0259n raz\u0131la\u015fd\u0131r\u0131ld\u0131qdan sonra onlar\u0131n realla\u015fd\u0131r\u0131lmas\u0131na ba\u015flamaq planla\u015fd\u0131r\u0131l\u0131r. &#8220;Bu konsepsiyalarda&hellip;<\/p>\n","protected":false},"author":2,"featured_media":437906,"comment_status":"closed","ping_status":"closed","sticky":false,"template":"","format":"standard","meta":{"om_disable_all_campaigns":false,"_monsterinsights_skip_tracking":false,"_monsterinsights_sitenote_active":false,"_monsterinsights_sitenote_note":"","_monsterinsights_sitenote_category":0},"categories":[19],"tags":[],"aioseo_notices":[],"gutentor_comment":0,"rttpg_featured_image_url":{"full":["https:\/\/arantv.az\/wp-content\/uploads\/2022\/02\/1018918.jpg",1200,820,false],"landscape":["https:\/\/arantv.az\/wp-content\/uploads\/2022\/02\/1018918.jpg",1200,820,false],"portraits":["https:\/\/arantv.az\/wp-content\/uploads\/2022\/02\/1018918.jpg",1200,820,false],"thumbnail":["https:\/\/arantv.az\/wp-content\/uploads\/2022\/02\/1018918-500x280.jpg",500,280,true],"medium":["https:\/\/arantv.az\/wp-content\/uploads\/2022\/02\/1018918-534x365.jpg",534,365,true],"large":["https:\/\/arantv.az\/wp-content\/uploads\/2022\/02\/1018918-840x574.jpg",640,437,true],"1536x1536":["https:\/\/arantv.az\/wp-content\/uploads\/2022\/02\/1018918.jpg",1200,820,false],"2048x2048":["https:\/\/arantv.az\/wp-content\/uploads\/2022\/02\/1018918.jpg",1200,820,false],"post-thumbnail":["https:\/\/arantv.az\/wp-content\/uploads\/2022\/02\/1018918-240x172.jpg",240,172,true],"advps-thumb-one":["https:\/\/arantv.az\/wp-content\/uploads\/2022\/02\/1018918-1200x620.jpg",1200,620,true]},"rttpg_author":{"display_name":"V\u00fcsal Rafiqo\u011flu","author_link":"https:\/\/arantv.az\/?author=2"},"rttpg_comment":0,"rttpg_category":"<a href=\"https:\/\/arantv.az\/?cat=19\" rel=\"category\">G\u00fcnd\u0259m<\/a>","rttpg_excerpt":"Az\u0259rbaycanda haz\u0131rda &#8220;a\u011f\u0131ll\u0131 \u015f\u0259h\u0259r&#8221; konsepsiyalar\u0131n\u0131n haz\u0131rlanmas\u0131 \u00fcz\u0259rind\u0259 d\u00fcnyan\u0131n apar\u0131c\u0131 texnologiya \u015firk\u0259tl\u0259ri i\u015fl\u0259yir. ARANTV.AZ\u00a0 bildirir ki, bunu Trend-\u0259 r\u0259q\u0259msal inki\u015faf v\u0259 n\u0259qliyyat nazirinin m\u00fc\u015faviri R\u0259\u015fad Bayramov deyib. Onun s\u00f6zl\u0259rin\u0259 g\u00f6r\u0259, nazirlikd\u0259 hesab edirl\u0259r ki, &#8220;a\u011f\u0131ll\u0131 \u015f\u0259h\u0259r&#8221; v\u0259 &#8220;a\u011f\u0131ll\u0131 k\u0259nd&#8221; layih\u0259l\u0259rinin realla\u015fd\u0131r\u0131lmas\u0131 \u00fc\u00e7\u00fcn onlar\u0131n konsepsiyas\u0131n\u0131 haz\u0131rlamaq laz\u0131md\u0131r. &#8220;Burada \u0259sas problem onlar\u0131n yarad\u0131lmas\u0131 \u00fc\u00e7\u00fcn vahid standart\u0131n olmamas\u0131d\u0131r. Ona&hellip;","_links":{"self":[{"href":"https:\/\/arantv.az\/index.php?rest_route=\/wp\/v2\/posts\/437905"}],"collection":[{"href":"https:\/\/arantv.az\/index.php?rest_route=\/wp\/v2\/posts"}],"about":[{"href":"https:\/\/arantv.az\/index.php?rest_route=\/wp\/v2\/types\/post"}],"author":[{"embeddable":true,"href":"https:\/\/arantv.az\/index.php?rest_route=\/wp\/v2\/users\/2"}],"replies":[{"embeddable":true,"href":"https:\/\/arantv.az\/index.php?rest_route=%2Fwp%2Fv2%2Fcomments&post=437905"}],"version-history":[{"count":0,"href":"https:\/\/arantv.az\/index.php?rest_route=\/wp\/v2\/posts\/437905\/revisions"}],"wp:featuredmedia":[{"embeddable":true,"href":"https:\/\/arantv.az\/index.php?rest_route=\/wp\/v2\/media\/437906"}],"wp:attachment":[{"href":"https:\/\/arantv.az\/index.php?rest_route=%2Fwp%2Fv2%2Fmedia&parent=437905"}],"wp:term":[{"taxonomy":"category","embeddable":true,"href":"https:\/\/arantv.az\/index.php?rest_route=%2Fwp%2Fv2%2Fcategories&post=437905"},{"taxonomy":"post_tag","embeddable":true,"href":"https:\/\/arantv.az\/index.php?rest_route=%2Fwp%2Fv2%2Ftags&post=437905"}],"curies":[{"name":"wp","href":"https:\/\/api.w.org\/{rel}","templated":true}]}}