{"id":437909,"date":"2022-02-12T08:07:57","date_gmt":"2022-02-12T05:07:57","guid":{"rendered":"http:\/\/arantv.az\/?p=437909"},"modified":"2022-02-12T08:07:57","modified_gmt":"2022-02-12T05:07:57","slug":"qarabag-xronikasi-komando-bolm%c9%99l%c9%99rinin-gec%c9%99-t%c9%99liml%c9%99ri-video","status":"publish","type":"post","link":"https:\/\/arantv.az\/?p=437909","title":{"rendered":"\u201cQaraba\u011f xronikas\u0131\u201d: Komando b\u00f6lm\u0259l\u0259rinin gec\u0259 t\u0259liml\u0259ri \u2013 V\u0130DEO"},"content":{"rendered":"<p>Baku TV-nin efirind\u0259 yay\u0131mlanan \u201cQaraba\u011f xronikas\u0131\u201d verili\u015finin 81-ci burax\u0131l\u0131\u015f\u0131 efir\u0259 gedib.<\/p>\n<article class=\"news\">\n<div class=\"news-inner\">\n<p>Verili\u015fin apar\u0131c\u0131s\u0131, h\u0259rbi m\u00fcxbir F\u0259rdin \u0130sazad\u0259 bud\u0259f\u0259ki burax\u0131l\u0131\u015fda\u00a0Az\u0259rbaycan komandosunun gec\u0259 t\u0259liml\u0259rind\u0259n b\u0259hs edib.<\/p>\n<p>O qeyd edib ki, Az\u0259rbaycan komandosunun yiy\u0259l\u0259ndikl\u0259ri bu bilgil\u0259r qarda\u015f T\u00fcrkiy\u0259nin t\u0259cr\u00fcb\u0259si, yerli m\u00fct\u0259x\u0259ssisl\u0259rin i\u015ftirak\u0131 il\u0259 \u0259ld\u0259 edilib.<\/p>\n<p>S\u00f6z\u00fcged\u0259n burax\u0131l\u0131\u015f\u0131 t\u0259qdim edirik:<\/p>\n<div><iframe loading=\"lazy\" title=\"YouTube video player\" src=\"https:\/\/www.youtube.com\/embed\/X5W24dVFEls\" width=\"560\" height=\"315\" frameborder=\"0\" allowfullscreen=\"allowfullscreen\" data-mce-fragment=\"1\"><\/iframe><\/div>\n<\/div>\n<\/article>\n","protected":false},"excerpt":{"rendered":"<p>Baku TV-nin efirind\u0259 yay\u0131mlanan \u201cQaraba\u011f xronikas\u0131\u201d verili\u015finin 81-ci burax\u0131l\u0131\u015f\u0131 efir\u0259 gedib. Verili\u015fin apar\u0131c\u0131s\u0131, h\u0259rbi m\u00fcxbir F\u0259rdin \u0130sazad\u0259 bud\u0259f\u0259ki burax\u0131l\u0131\u015fda\u00a0Az\u0259rbaycan komandosunun gec\u0259 t\u0259liml\u0259rind\u0259n b\u0259hs edib. O qeyd edib ki, Az\u0259rbaycan komandosunun yiy\u0259l\u0259ndikl\u0259ri bu bilgil\u0259r qarda\u015f T\u00fcrkiy\u0259nin t\u0259cr\u00fcb\u0259si, yerli m\u00fct\u0259x\u0259ssisl\u0259rin i\u015ftirak\u0131 il\u0259 \u0259ld\u0259 edilib. S\u00f6z\u00fcged\u0259n burax\u0131l\u0131\u015f\u0131 t\u0259qdim edirik:<\/p>\n","protected":false},"author":2,"featured_media":437910,"comment_status":"closed","ping_status":"closed","sticky":false,"template":"","format":"standard","meta":{"om_disable_all_campaigns":false,"_monsterinsights_skip_tracking":false,"_monsterinsights_sitenote_active":false,"_monsterinsights_sitenote_note":"","_monsterinsights_sitenote_category":0},"categories":[1],"tags":[],"aioseo_notices":[],"gutentor_comment":0,"rttpg_featured_image_url":{"full":["https:\/\/arantv.az\/wp-content\/uploads\/2022\/02\/aa8b3fdf-70db-4981-87ea-d63b235ac89c-1-1-1.jpg",620,413,false],"landscape":["https:\/\/arantv.az\/wp-content\/uploads\/2022\/02\/aa8b3fdf-70db-4981-87ea-d63b235ac89c-1-1-1.jpg",620,413,false],"portraits":["https:\/\/arantv.az\/wp-content\/uploads\/2022\/02\/aa8b3fdf-70db-4981-87ea-d63b235ac89c-1-1-1.jpg",620,413,false],"thumbnail":["https:\/\/arantv.az\/wp-content\/uploads\/2022\/02\/aa8b3fdf-70db-4981-87ea-d63b235ac89c-1-1-1-500x280.jpg",500,280,true],"medium":["https:\/\/arantv.az\/wp-content\/uploads\/2022\/02\/aa8b3fdf-70db-4981-87ea-d63b235ac89c-1-1-1-548x365.jpg",548,365,true],"large":["https:\/\/arantv.az\/wp-content\/uploads\/2022\/02\/aa8b3fdf-70db-4981-87ea-d63b235ac89c-1-1-1.jpg",620,413,false],"1536x1536":["https:\/\/arantv.az\/wp-content\/uploads\/2022\/02\/aa8b3fdf-70db-4981-87ea-d63b235ac89c-1-1-1.jpg",620,413,false],"2048x2048":["https:\/\/arantv.az\/wp-content\/uploads\/2022\/02\/aa8b3fdf-70db-4981-87ea-d63b235ac89c-1-1-1.jpg",620,413,false],"post-thumbnail":["https:\/\/arantv.az\/wp-content\/uploads\/2022\/02\/aa8b3fdf-70db-4981-87ea-d63b235ac89c-1-1-1-240x172.jpg",240,172,true],"advps-thumb-one":["https:\/\/arantv.az\/wp-content\/uploads\/2022\/02\/aa8b3fdf-70db-4981-87ea-d63b235ac89c-1-1-1.jpg",620,413,false]},"rttpg_author":{"display_name":"V\u00fcsal Rafiqo\u011flu","author_link":"https:\/\/arantv.az\/?author=2"},"rttpg_comment":0,"rttpg_category":"<a href=\"https:\/\/arantv.az\/?cat=1\" rel=\"category\">C\u0259miyy\u0259t<\/a>","rttpg_excerpt":"Baku TV-nin efirind\u0259 yay\u0131mlanan \u201cQaraba\u011f xronikas\u0131\u201d verili\u015finin 81-ci burax\u0131l\u0131\u015f\u0131 efir\u0259 gedib. Verili\u015fin apar\u0131c\u0131s\u0131, h\u0259rbi m\u00fcxbir F\u0259rdin \u0130sazad\u0259 bud\u0259f\u0259ki burax\u0131l\u0131\u015fda\u00a0Az\u0259rbaycan komandosunun gec\u0259 t\u0259liml\u0259rind\u0259n b\u0259hs edib. O qeyd edib ki, Az\u0259rbaycan komandosunun yiy\u0259l\u0259ndikl\u0259ri bu bilgil\u0259r qarda\u015f T\u00fcrkiy\u0259nin t\u0259cr\u00fcb\u0259si, yerli m\u00fct\u0259x\u0259ssisl\u0259rin i\u015ftirak\u0131 il\u0259 \u0259ld\u0259 edilib. S\u00f6z\u00fcged\u0259n burax\u0131l\u0131\u015f\u0131 t\u0259qdim edirik:","_links":{"self":[{"href":"https:\/\/arantv.az\/index.php?rest_route=\/wp\/v2\/posts\/437909"}],"collection":[{"href":"https:\/\/arantv.az\/index.php?rest_route=\/wp\/v2\/posts"}],"about":[{"href":"https:\/\/arantv.az\/index.php?rest_route=\/wp\/v2\/types\/post"}],"author":[{"embeddable":true,"href":"https:\/\/arantv.az\/index.php?rest_route=\/wp\/v2\/users\/2"}],"replies":[{"embeddable":true,"href":"https:\/\/arantv.az\/index.php?rest_route=%2Fwp%2Fv2%2Fcomments&post=437909"}],"version-history":[{"count":0,"href":"https:\/\/arantv.az\/index.php?rest_route=\/wp\/v2\/posts\/437909\/revisions"}],"wp:featuredmedia":[{"embeddable":true,"href":"https:\/\/arantv.az\/index.php?rest_route=\/wp\/v2\/media\/437910"}],"wp:attachment":[{"href":"https:\/\/arantv.az\/index.php?rest_route=%2Fwp%2Fv2%2Fmedia&parent=437909"}],"wp:term":[{"taxonomy":"category","embeddable":true,"href":"https:\/\/arantv.az\/index.php?rest_route=%2Fwp%2Fv2%2Fcategories&post=437909"},{"taxonomy":"post_tag","embeddable":true,"href":"https:\/\/arantv.az\/index.php?rest_route=%2Fwp%2Fv2%2Ftags&post=437909"}],"curies":[{"name":"wp","href":"https:\/\/api.w.org\/{rel}","templated":true}]}}