{"id":437912,"date":"2022-02-12T08:10:24","date_gmt":"2022-02-12T05:10:24","guid":{"rendered":"http:\/\/arantv.az\/?p=437912"},"modified":"2022-02-12T08:10:24","modified_gmt":"2022-02-12T05:10:24","slug":"erm%c9%99ni-arvadi-v%c9%99-erm%c9%99ni-qohumlari-deputadan-ramiz-mehdiyev%c9%99-s%c9%99rt-cavab","status":"publish","type":"post","link":"https:\/\/arantv.az\/?p=437912","title":{"rendered":"Erm\u0259ni arvad\u0131 v\u0259 erm\u0259ni qohumlar\u0131&#8230; Deputadan Ramiz Mehdiyev\u0259 s\u0259rt cavab"},"content":{"rendered":"<p><em><strong>Ramiz Mehdiyev art\u0131q yeti\u015fmi\u015f appendisitdir v\u0259 onu k\u0259sib atma\u011f\u0131n vaxt\u0131 \u00e7at\u0131b\u2026<\/strong><\/em><\/p>\n<p>AMEA prezidenti Ramiz Mehdiyev d\u00fcn\u0259n yay\u0131mlad\u0131\u011f\u0131 m\u0259qal\u0259sind\u0259 mill\u0259t v\u0259kili Etibar \u018fliyev haqq\u0131nda da t\u0259hqiramiz ifad\u0259l\u0259r i\u015fl\u0259dib. Deputat bu g\u00fcn &#8220;Facebook&#8221; s\u0259hif\u0259sind\u0259 ona s\u0259rt cavab verib.<\/p>\n<p><strong>ARANTV.AZ <\/strong>E.\u018fliyevin yaz\u0131s\u0131n\u0131 t\u0259qdim edir:<\/p>\n<p>\u201cAMEA prezidenti Ramiz Mehdiyevin onu haql\u0131 olaraq t\u0259nqid ed\u0259nl\u0259r\u0259, istefaya \u00e7a\u011f\u0131ranlara Akademiyan\u0131n r\u0259smi internet s\u0259hif\u0259sinin man\u015fetind\u0259 yerl\u0259\u015fdirdiyi m\u0259qal\u0259 t\u0259kc\u0259 t\u0259nqidl\u0259r\u0259 cavab yaz\u0131s\u0131 deyil. Onun \u015f\u0259xsi diq\u0259t\u0259si il\u0259 haz\u0131rlanan bu material eyni zamanda Mehdiyevin \u00e7irkli planlar\u0131ndan x\u0259b\u0259r verir. Bu bar\u0259d\u0259 \u0259trafl\u0131 b\u0259hs etm\u0259zd\u0259n \u0259vv\u0259l bir m\u0259qam\u0131 vur\u011fulayaq ki, o siyasi iqtidar\u0131 \u015fantaj edir, h\u0259d\u0259l\u0259yir v\u0259 se\u00e7diyi yaramaz epitetl\u0259rl\u0259 radikal m\u00fcxalif\u0259t d\u00fc\u015f\u0259rg\u0259sind\u0259n v\u0259 onun t\u0259sir dair\u0259sind\u0259 olan ictimai dair\u0259l\u0259rd\u0259n d\u0259st\u0259k alma\u011fa \u00e7al\u0131\u015f\u0131r.<\/p>\n<p>Mehdiyev yaz\u0131r: \u201cA\u00e7\u0131q-a\u015fkar sifari\u015f mahiyy\u0259ti da\u015f\u0131yan v\u0259 diqq\u0259ti son vaxtlar \u00f6lk\u0259 g\u00fcnd\u0259mini m\u0259\u015f\u011ful ed\u0259n taley\u00fckl\u00fc probleml\u0259rd\u0259n yay\u0131nd\u0131rma\u011fa hesablanm\u0131\u015f bu tama\u015fan\u0131n birinci p\u0259rd\u0259sind\u0259&#8230;\u201d<\/p>\n<p>Deputatlara, elm adamlar\u0131na hansi dair\u0259l\u0259r sifari\u015f ver\u0259 bil\u0259r, Mehdiyev burada d\u00f6vl\u0259t r\u0259hb\u0259rliyini h\u0259d\u0259f\u0259 al\u0131r. Bel\u0259 fikir formala\u015fd\u0131rma\u011fa \u00e7al\u0131\u015f\u0131r ki, \u00f6lk\u0259 r\u0259hb\u0259rliyi guya bununla m\u00fcbariz\u0259 apar\u0131r.<\/p>\n<p>Akademikin b\u0259hs etdiyi \u201c\u00f6lk\u0259nin tale y\u00fckl\u00fc probleml\u0259rind\u0259n diqq\u0259ti yay\u0131nd\u0131rmaq\u201d ifad\u0259si d\u0259 t\u0259sad\u00fcf\u0259n se\u00e7ilm\u0259yib. S\u00f6hb\u0259t hans\u0131 probleml\u0259rd\u0259n gedir?<\/p>\n<p>\u018flb\u0259tt\u0259 o, antimilli bir \u015f\u0259xs olaraq Qaraba\u011f \u0259traf\u0131nda prosesl\u0259rd\u0259n b\u0259hs ed\u0259 bilm\u0259z, Mehdiyev hakimiyy\u0259t\u0259 qar\u015f\u0131 xaricd\u0259n qaynaqlanan v\u0259 m\u00fcxalif\u0259t t\u0259r\u0259find\u0259n tirajlanan \u201cqara piar\u201d kampaniyalar\u0131n\u0131 n\u0259z\u0259rd\u0259 tutur v\u0259 m\u00fcxalif d\u00fc\u015f\u0259rg\u0259y\u0259 pas at\u0131r.\u00a0Mehdiyev hakimiyy\u0259tl\u0259 dialoqa ged\u0259n m\u00fcxalif partiyalar\u0131 radikal m\u00fcxalif\u0259t d\u00fc\u015f\u0259rg\u0259sinin istifad\u0259 etdiyi epitetl\u0259rl\u0259 \u00e7a\u011f\u0131r\u0131r, onlara \u201ccib m\u00fcxalif\u0259ti\u201d, \u201cavtobus m\u00fcxalif\u0259ti\u201d yarl\u0131\u011f\u0131 yap\u0131\u015fd\u0131r\u0131r. M\u0259lumdur ki, \u00f6lk\u0259d\u0259 siyasi dialoq m\u00fchtinin yarad\u0131lmas\u0131, Prezidentin irad\u0259si il\u0259 ba\u011fl\u0131d\u0131r v\u0259 bu sah\u0259d\u0259 apar\u0131lan u\u011furlu siyas\u0259t siyasi palitran\u0131n \u0259sas spketrini \u0259hat\u0259 edib. Radikal m\u00fcxalif\u0259t bu prosesi g\u00f6zd\u0259n salmaq \u00fc\u00e7\u00fcn geni\u015f kampaniya apar\u0131r.<\/p>\n<p><em><strong>L\u0259ngim\u0259d\u0259n Mehdiyev bar\u0259sind\u0259 ciddi t\u0259dbirl\u0259r g\u00f6r\u00fclm\u0259li, Az\u0259rbaycan elmini onun b\u0259dnam siyasi maraqlar\u0131n\u0131n girovuna \u00e7evrilm\u0259dk\u0259n xilas etm\u0259k laz\u0131md\u0131r<\/strong><\/em><\/p>\n<p>\u0130ndi AMEA prezidenti Ramiz Mehdiyev onlara ciddi d\u0259st\u0259k verm\u0259kl\u0259 siyasi hakimiyy\u0259tin formala\u015fd\u0131rd\u0131\u011f\u0131 yeni siyasi sistem\u0259 qar\u015f\u0131 a\u00e7\u0131q m\u00fcxalif m\u00f6vqe s\u0259rgil\u0259yir. Bu, \u00f6lk\u0259 ba\u015f\u00e7s\u0131n\u0131n m\u00fcyy\u0259nl\u0259\u015fdirdiyi daxili siyas\u0259t\u0259 qar\u015f\u0131 ciddi z\u0259rb\u0259 vurmaq c\u0259hdidir.<\/p>\n<p>Ramiz Mehdiyev m\u0259qal\u0259sind\u0259 2 il \u0259vv\u0259l n\u00f6vb\u0259d\u0259nk\u0259nar se\u00e7kil\u0259rl\u0259 formala\u015fm\u0131\u015f Milli M\u0259clis\u0259 qar\u015f\u0131 h\u0259qar\u0259tl\u0259r ya\u011fd\u0131r\u0131r v\u0259 bu zaman onun istifad\u0259 etdiyi ifad\u0259l\u0259r m\u00fcxalif\u0259t d\u00fc\u015f\u0259rg\u0259sinin qaralama tezisl\u0259ri il\u0259 \u00fcst- \u00fcst\u0259 d\u00fc\u015f\u00fcr. O deputatlar\u0131\u201csaxta\u201d, \u201cr\u00fcsvay\u00e7\u0131 yollarla parlament\u0259 d\u00fc\u015f\u0259n\u201d adland\u0131r\u0131r. Yaz\u0131 m\u0259tnind\u0259 ayr\u0131-ayr\u0131 mill\u0259t v\u0259kill\u0259rinin ad\u0131n\u0131 \u00e7\u0259ks\u0259 d\u0259 bu, \u0259slind\u0259 \u00f6lk\u0259nin qanunverici hakimiyy\u0259tin\u0259 qar\u015f\u0131 a\u015fa\u011f\u0131lay\u0131c\u0131 \u201cqara piar\u201d kampaniyas\u0131n\u0131n Mehdiyev t\u0259r\u0259find\u0259n davam\u0131d\u0131r. Bu m\u0259s\u0259l\u0259d\u0259 d\u0259 Mehdiyevl\u0259 radikal m\u00fcxalif\u0259t n\u00fcmay\u0259nd\u0259l\u0259rinin istifad\u0259 etdiyi tezisl\u0259r \u00fcst-\u00fcst\u0259 d\u00fc\u015f\u00fcr v\u0259 biri-birini tamamlay\u0131r.\u00a0\u018fslind\u0259 Ramiz Mehdiyevin \u00f6z\u00fc saxta \u201celm adam\u0131\u201d, saxta akademikdir, onun bu elmi tituallar\u0131 nec\u0259 \u0259ld\u0259 etdiyi yax\u015f\u0131 m\u0259lumdur.<\/p>\n<p>D\u00fc\u015f\u00fcnd\u00fcr\u00fcc\u00fc m\u0259qamlardan biri d\u0259 odur ki, Mehdiyev \u00f6z b\u0259dnam yaz\u0131s\u0131nda he\u00e7 bir \u0259sas olmad\u0131\u011f\u0131 halda Az\u0259rbaycanda rus m\u0259kt\u0259bl\u0259rin\u0259 qar\u015f\u0131 apar\u0131lan kampaniyalara diqq\u0259t \u00e7\u0259kir.\u00a0Halbu ki, haz\u0131rda bu bar\u0259d\u0259 h\u0259r hans\u0131 ictimai m\u00fczakir\u0259 yoxdur. Dem\u0259li, akademik m\u0259qs\u0259dli \u015f\u0259kild\u0259 bu m\u0259s\u0259l\u0259ni yenid\u0259n g\u00fcnd\u0259m\u0259 qaytarma\u011fa c\u0259hd edir. O, rusdilli m\u0259kt\u0259bl\u0259rin populyarl\u0131\u011f\u0131ndan a\u011f\u0131zdolsu dan\u0131\u015f\u0131r v\u0259 daha sonra sual qoyur:\u201dBu g\u00fcn biz bir sual\u0131n cavab\u0131n\u0131 tapmal\u0131y\u0131q \u2013 g\u00f6r\u0259s\u0259n, Az\u0259rbaycandilli m\u0259kt\u0259bl\u0259r, onlar\u0131n perspektivi v\u0259t\u0259nda\u015flar\u0131m\u0131z \u00fc\u00e7\u00fcn hans\u0131 s\u0259b\u0259bd\u0259n c\u0259lbedici g\u00f6r\u00fcnm\u00fcr?\u201d<\/p>\n<p>Mehdiyev burada t\u0259hsil sistemini, bu sah\u0259d\u0259 d\u00f6vl\u0259t ba\u015fs\u00e7\u0131n\u0131n irad\u0259si il\u0259 apar\u0131lan islahatlar\u0131 h\u0259d\u0259f\u0259 al\u0131r. Bununla kifay\u0259tl\u0259nm\u0259y\u0259r\u0259k milli t\u0259hsil sistemini rus dili qar\u015f\u0131s\u0131nda a\u015fa\u011f\u0131lama\u011fa \u00e7al\u0131\u015f\u0131r.<\/p>\n<p>\u0130kincsi, o siyasi elitada t\u0259msil alan \u015f\u0259xsl\u0259rin \u00f6vladlar\u0131n\u0131n rus dilind\u0259 t\u0259hsil ald\u0131\u011f\u0131n\u0131 deyir, sonra Prezident \u0130lham \u018fliyevin t\u0259\u015f\u0259bb\u00fcs\u00fc il\u0259 Bak\u0131da Lomonosov ad\u0131na Moskva D\u00f6vl\u0259t Universitetinin v\u0259 Se\u00e7enov ad\u0131na Tibb Universitetinin filiallar\u0131 a\u00e7\u0131lmas\u0131n\u0131 xat\u0131rlad\u0131r. Bununla \u00f6z al\u0259mind\u0259 \u00f6lk\u0259 r\u0259hb\u0259rliyini rus dilind\u0259 t\u0259hsil\u0259 qar\u015f\u0131 olan k\u00fctl\u0259l\u0259rin h\u0259d\u0259fin\u0259 g\u0259tirm\u0259y\u0259 c\u0259hd edir.<\/p>\n<p>Daha bir \u00e7irkin niyy\u0259ti is\u0259 Az\u0259rbaycanda \u00f6z\u00fcn\u00fc Rusiya m\u0259d\u0259niyy\u0259tinin, t\u0259hsilinin hamisi kimi t\u0259qdim etm\u0259k ist\u0259yidir. Mehdiyev bu c\u00fcr yaramaz i\u015fl\u0259r\u0259 ba\u015f qo\u015fmaqla he\u00e7 n\u0259d\u0259n \u00e7\u0259kinm\u0259diyini ifad\u0259 edir v\u0259 bununla da \u00f6z\u00fcnd\u0259n s\u0259rs\u0259m \u201cinternasionalist\u201dobraz\u0131 formala\u015fd\u0131rma\u011fa c\u0259hd edir.\u00a0Bunlar\u0131 dem\u0259s\u0259, erm\u0259ni arvad\u0131 Qalina Yuryevna v\u0259 erm\u0259ni qohumlar\u0131 ondan incik d\u00fc\u015f\u0259 bil\u0259r.<\/p>\n<p>Mehdiyevin \u0259sas ittiham obyekt\u0259rind\u0259n biri AMEA-da institut r\u0259hb\u0259rl\u0259ri, r\u0259hb\u0259rlikd\u0259 t\u0259msil olunan \u015f\u0259xsl\u0259ri h\u0259d\u0259f\u0259 almas\u0131 v\u0259 onlara h\u0259d\u0259-qorxu g\u0259lm\u0259sidir. Onun yazd\u0131qlar\u0131ndan bel\u0259 m\u0259lum olur ki, akademiya qurumlar\u0131nda apar\u0131lan yoxlamalar\u0131n n\u0259tic\u0259l\u0259rind\u0259n \u015fantaj kimi istifad\u0259 edir v\u0259 onlar\u0131 \u00f6z t\u0259sir dair\u0259sind\u0259n \u00e7\u0131xma\u011fa qoymur. Bir s\u00f6zl\u0259 Mehdiyev AMEA-n\u0131 \u00f6z \u015f\u0259xsi t\u0259s\u0259rr\u00fcfat\u0131na, qalas\u0131na \u00e7evirm\u0259kl\u0259, \u00f6z\u00fcn\u0259m\u0259xsus oyun qaydalar\u0131 il\u0259 idar\u0259 olunan m\u00fcst\u0259qil quruma \u00e7evirm\u0259y\u0259 c\u0259hd edir. Bu zaman h\u0259yas\u0131zcas\u0131na \u00f6lk\u0259 prezidentinin d\u00f6vl\u0259t qurumlar\u0131nda \u015f\u0259ffafl\u0131\u011f\u0131n t\u0259min olunmas\u0131 il\u0259 ba\u011fl\u0131 \u00e7\u0131x\u0131\u015flar\u0131ndan istifad\u0259 edir. \u018fslind\u0259 d\u00f6vl\u0259tin y\u00fcr\u00fctd\u00fcy\u00fc siyas\u0259ti q\u0259bul etmir, ona qar\u015f\u0131 \u00e7\u0131x\u0131r, \u015fantaj, t\u0259hdid kimi al\u0259tl\u0259rd\u0259n yaralanmaqla \u201c\u00f6z hakimiyy\u0259tini\u201d q\u0259bul etdirm\u0259y\u0259 c\u0259hd edir. Akademiyada \u00f6z\u00fcn\u0259 firq\u0259 yaratma\u011fa \u00e7al\u0131\u015f\u0131r.<\/p>\n<p><strong>N\u0259tic\u0259:<\/strong><\/p>\n<p>Mehdiyevin sadalanan bu add\u0131mlar\u0131 \u015f\u00fcbh\u0259siz ki, siyasi hakimiyy\u0259t\u0259, onun \u00f6lk\u0259d\u0259 h\u0259yata ke\u00e7irdiyi u\u011furlu siyas\u0259t\u0259 qar\u015f\u0131 y\u00f6n\u0259lib. O, bir d\u0259f\u0259 olsun hakimiyy\u0259ti h\u0259r f\u00fcrs\u0259td\u0259 l\u0259kl\u0259m\u0259y\u0259 \u00e7al\u0131\u015fan q\u00fcvv\u0259l\u0259r\u0259 qar\u015f\u0131 fikir i\u015fl\u0259tmir, \u0259ksin\u0259 onlar\u0131n \u0259lin\u0259 d\u0259st\u0259vuz verir, h\u0259mr\u0259ylik n\u00fcmayi\u015f etdirir.\u00a0AMEA kimi m\u00fch\u00fcm posta oturan \u015f\u0259xsin bu c\u00fcr \u0259m\u0259ll\u0259rl\u0259 m\u0259\u015f\u011ful olmas\u0131, d\u00f6vl\u0259t\u0259 meydan oxumaq c\u0259hdl\u0259ri he\u00e7 \u015f\u00fcbh\u0259siz \u00f6lk\u0259 ictimaiyy\u0259ti t\u0259r\u0259find\u0259n m\u0259yusluqla qar\u015f\u0131lan\u0131r. Ona g\u00f6r\u0259 l\u0259ngim\u0259d\u0259n Mehdiyev bar\u0259sind\u0259 ciddi t\u0259dbirl\u0259r g\u00f6r\u00fclm\u0259li, Az\u0259rbaycan elmini onun b\u0259dnam siyasi maraqlar\u0131n\u0131n girovuna \u00e7evrilm\u0259dk\u0259n xilas etm\u0259k laz\u0131md\u0131r.<\/p>\n<p>Ramiz Mehdiyev art\u0131q yeti\u015fmi\u015f appendisitdir v\u0259 onu k\u0259sib atma\u011f\u0131n vaxt\u0131 \u00e7at\u0131b\u2026\u201d<\/p>\n","protected":false},"excerpt":{"rendered":"<p>Ramiz Mehdiyev art\u0131q yeti\u015fmi\u015f appendisitdir v\u0259 onu k\u0259sib atma\u011f\u0131n vaxt\u0131 \u00e7at\u0131b\u2026 AMEA prezidenti Ramiz Mehdiyev d\u00fcn\u0259n yay\u0131mlad\u0131\u011f\u0131 m\u0259qal\u0259sind\u0259 mill\u0259t v\u0259kili Etibar \u018fliyev haqq\u0131nda da t\u0259hqiramiz ifad\u0259l\u0259r i\u015fl\u0259dib. Deputat bu g\u00fcn &#8220;Facebook&#8221; s\u0259hif\u0259sind\u0259 ona s\u0259rt cavab verib. ARANTV.AZ E.\u018fliyevin yaz\u0131s\u0131n\u0131 t\u0259qdim edir: \u201cAMEA prezidenti Ramiz Mehdiyevin onu haql\u0131 olaraq t\u0259nqid ed\u0259nl\u0259r\u0259, istefaya \u00e7a\u011f\u0131ranlara Akademiyan\u0131n r\u0259smi internet s\u0259hif\u0259sinin man\u015fetind\u0259 yerl\u0259\u015fdirdiyi m\u0259qal\u0259 t\u0259kc\u0259 t\u0259nqidl\u0259r\u0259 cavab yaz\u0131s\u0131 deyil. Onun \u015f\u0259xsi diq\u0259t\u0259si il\u0259 haz\u0131rlanan bu material eyni zamanda Mehdiyevin \u00e7irkli planlar\u0131ndan x\u0259b\u0259r verir. Bu bar\u0259d\u0259 \u0259trafl\u0131 b\u0259hs etm\u0259zd\u0259n \u0259vv\u0259l bir m\u0259qam\u0131 vur\u011fulayaq ki, o siyasi&hellip;<\/p>\n","protected":false},"author":2,"featured_media":437913,"comment_status":"closed","ping_status":"closed","sticky":false,"template":"","format":"standard","meta":{"om_disable_all_campaigns":false,"_monsterinsights_skip_tracking":false,"_monsterinsights_sitenote_active":false,"_monsterinsights_sitenote_note":"","_monsterinsights_sitenote_category":0},"categories":[4],"tags":[],"aioseo_notices":[],"gutentor_comment":0,"rttpg_featured_image_url":{"full":["https:\/\/arantv.az\/wp-content\/uploads\/2022\/02\/6547884c164460117549413398911057927.png",975,540,false],"landscape":["https:\/\/arantv.az\/wp-content\/uploads\/2022\/02\/6547884c164460117549413398911057927.png",975,540,false],"portraits":["https:\/\/arantv.az\/wp-content\/uploads\/2022\/02\/6547884c164460117549413398911057927.png",975,540,false],"thumbnail":["https:\/\/arantv.az\/wp-content\/uploads\/2022\/02\/6547884c164460117549413398911057927-500x280.png",500,280,true],"medium":["https:\/\/arantv.az\/wp-content\/uploads\/2022\/02\/6547884c164460117549413398911057927-660x365.png",660,365,true],"large":["https:\/\/arantv.az\/wp-content\/uploads\/2022\/02\/6547884c164460117549413398911057927-840x465.png",640,354,true],"1536x1536":["https:\/\/arantv.az\/wp-content\/uploads\/2022\/02\/6547884c164460117549413398911057927.png",975,540,false],"2048x2048":["https:\/\/arantv.az\/wp-content\/uploads\/2022\/02\/6547884c164460117549413398911057927.png",975,540,false],"post-thumbnail":["https:\/\/arantv.az\/wp-content\/uploads\/2022\/02\/6547884c164460117549413398911057927-240x172.png",240,172,true],"advps-thumb-one":["https:\/\/arantv.az\/wp-content\/uploads\/2022\/02\/6547884c164460117549413398911057927.png",975,540,false]},"rttpg_author":{"display_name":"V\u00fcsal Rafiqo\u011flu","author_link":"https:\/\/arantv.az\/?author=2"},"rttpg_comment":0,"rttpg_category":"<a href=\"https:\/\/arantv.az\/?cat=4\" rel=\"category\">Siyas\u0259t<\/a>","rttpg_excerpt":"Ramiz Mehdiyev art\u0131q yeti\u015fmi\u015f appendisitdir v\u0259 onu k\u0259sib atma\u011f\u0131n vaxt\u0131 \u00e7at\u0131b\u2026 AMEA prezidenti Ramiz Mehdiyev d\u00fcn\u0259n yay\u0131mlad\u0131\u011f\u0131 m\u0259qal\u0259sind\u0259 mill\u0259t v\u0259kili Etibar \u018fliyev haqq\u0131nda da t\u0259hqiramiz ifad\u0259l\u0259r i\u015fl\u0259dib. Deputat bu g\u00fcn &#8220;Facebook&#8221; s\u0259hif\u0259sind\u0259 ona s\u0259rt cavab verib. ARANTV.AZ E.\u018fliyevin yaz\u0131s\u0131n\u0131 t\u0259qdim edir: \u201cAMEA prezidenti Ramiz Mehdiyevin onu haql\u0131 olaraq t\u0259nqid ed\u0259nl\u0259r\u0259, istefaya \u00e7a\u011f\u0131ranlara Akademiyan\u0131n r\u0259smi internet&hellip;","_links":{"self":[{"href":"https:\/\/arantv.az\/index.php?rest_route=\/wp\/v2\/posts\/437912"}],"collection":[{"href":"https:\/\/arantv.az\/index.php?rest_route=\/wp\/v2\/posts"}],"about":[{"href":"https:\/\/arantv.az\/index.php?rest_route=\/wp\/v2\/types\/post"}],"author":[{"embeddable":true,"href":"https:\/\/arantv.az\/index.php?rest_route=\/wp\/v2\/users\/2"}],"replies":[{"embeddable":true,"href":"https:\/\/arantv.az\/index.php?rest_route=%2Fwp%2Fv2%2Fcomments&post=437912"}],"version-history":[{"count":0,"href":"https:\/\/arantv.az\/index.php?rest_route=\/wp\/v2\/posts\/437912\/revisions"}],"wp:featuredmedia":[{"embeddable":true,"href":"https:\/\/arantv.az\/index.php?rest_route=\/wp\/v2\/media\/437913"}],"wp:attachment":[{"href":"https:\/\/arantv.az\/index.php?rest_route=%2Fwp%2Fv2%2Fmedia&parent=437912"}],"wp:term":[{"taxonomy":"category","embeddable":true,"href":"https:\/\/arantv.az\/index.php?rest_route=%2Fwp%2Fv2%2Fcategories&post=437912"},{"taxonomy":"post_tag","embeddable":true,"href":"https:\/\/arantv.az\/index.php?rest_route=%2Fwp%2Fv2%2Ftags&post=437912"}],"curies":[{"name":"wp","href":"https:\/\/api.w.org\/{rel}","templated":true}]}}