{"id":437915,"date":"2022-02-12T08:11:34","date_gmt":"2022-02-12T05:11:34","guid":{"rendered":"http:\/\/arantv.az\/?p=437915"},"modified":"2022-02-12T08:11:34","modified_gmt":"2022-02-12T05:11:34","slug":"az%c9%99rbaycan-demokratik-muasir-v%c9%99-innovasiyalar-olk%c9%99sidir","status":"publish","type":"post","link":"https:\/\/arantv.az\/?p=437915","title":{"rendered":"Az\u0259rbaycan demokratik, m\u00fcasir v\u0259 innovasiyalar \u00f6lk\u0259sidir"},"content":{"rendered":"<p><em><strong>Prezident \u0130lham \u018fliyevin t\u0259sdiql\u0259diyi \u201cMedia haqq\u0131nda\u201d Qanun \u00f6lk\u0259mizin bu u\u011furlar\u0131n\u0131 \u00f6z\u00fcnd\u0259 ehtiva etm\u0259kl\u0259 yana\u015f\u0131, iqtisadi v\u0259 siyasi islahatlar\u0131n v\u0259hd\u0259tliyinin qorunmas\u0131n\u0131n d\u00f6vl\u0259t siyas\u0259timizin \u0259sas t\u0259rkib hiss\u0259si oldu\u011funa da i\u015f\u0131q sal\u0131r<\/strong><\/em><\/p>\n<p>\u00d6lk\u0259mizd\u0259 iqtisadi v\u0259 siyasi islahatlar\u0131n v\u0259hd\u0259tliyinin qorunmas\u0131 u\u011furlar\u0131n davaml\u0131l\u0131\u011f\u0131n\u0131n t\u0259min edilm\u0259sind\u0259 \u0259h\u0259miyy\u0259tli rol oynay\u0131r. Bu g\u00fcn hans\u0131 sah\u0259y\u0259 diqq\u0259t yetirs\u0259k tarixi Z\u0259f\u0259rimizin yaratd\u0131\u011f\u0131 reall\u0131qlar fonunda yenil\u0259\u015fm\u0259ni, t\u0259kmill\u0259\u015fm\u0259ni g\u00f6r\u0259rik. M\u0259hz bu bax\u0131mdan Az\u0259rbaycan beyn\u0259lxalq maliyy\u0259 qurumlar\u0131n\u0131n hesabatlar\u0131nda \u0259n islahat\u00e7\u0131 \u00f6lk\u0259 kimi m\u00f6vqeyini daim qoruyur. D\u00f6vl\u0259t ba\u015f\u00e7\u0131s\u0131 \u0130lham \u018fliyev islahatlar\u0131n lab\u00fcd oldu\u011funu bildirir v\u0259 b\u0259yan edir ki, d\u00f6vr\u00fcn, zaman\u0131n d\u0259yi\u015fm\u0259si \u00f6z n\u00f6vb\u0259sind\u0259 qar\u015f\u0131ya yeni v\u0259zif\u0259l\u0259ri qoyur.<\/p>\n<p>\u00d6lk\u0259 Prezidenti \u0130lham \u018fliyev b\u00fct\u00fcn \u00e7\u0131x\u0131\u015flar\u0131nda demokratikl\u0259\u015fm\u0259 prosesinin sad\u0259c\u0259 bir \u015f\u00fcar, niyy\u0259t olmad\u0131\u011f\u0131n\u0131, Az\u0259rbaycan\u0131n h\u0259rt\u0259r\u0259fli inki\u015faf\u0131n\u0131n \u0259sas\u0131 kimi qeyd edir. \u201cAz\u0259rbaycan sabit, m\u00fcasir v\u0259 demokratik \u00f6lk\u0259dir. Demokratiyan\u0131n inki\u015faf\u0131 v\u0259 insan h\u00fcquqlar\u0131n\u0131n qorunmas\u0131 h\u00f6kum\u0259timizin ba\u015fl\u0131ca prioritetl\u0259ri s\u0131ras\u0131ndad\u0131r. B\u00fct\u00fcn fundamental h\u00fcquqlar, o c\u00fcml\u0259d\u0259n ifad\u0259 azadl\u0131\u011f\u0131, media azadl\u0131\u011f\u0131, topla\u015fma azadl\u0131\u011f\u0131, dini etiqad azadl\u0131\u011f\u0131 v\u0259 v\u0259t\u0259nda\u015f c\u0259miyy\u0259tinin inki\u015faf\u0131 tam \u015f\u0259kild\u0259 t\u0259min edilir\u201d s\u00f6yl\u0259y\u0259n d\u00f6vl\u0259t ba\u015f\u00e7\u0131s\u0131 bu m\u0259qam\u0131 da x\u00fcsusi qeyd edir ki,<br \/>\nu\u011furla ba\u015flayan siyasi dialoq siyasi sistemimizi g\u00fccl\u0259ndir\u0259c\u0259k v\u0259 Az\u0259rbaycan\u0131n dayan\u0131ql\u0131 inki\u015faf\u0131n\u0131n t\u0259min olunmas\u0131 i\u015fin\u0259 xidm\u0259t ed\u0259c\u0259kdir.<\/p>\n<p>T\u0259bii ki, bu u\u011furlar\u0131 \u015f\u0259rtl\u0259ndir\u0259n \u0259sas amil d\u00f6vl\u0259timizin d\u00fc\u015f\u00fcn\u00fclm\u00fc\u015f v\u0259 m\u0259qs\u0259dy\u00f6nl\u00fc siyas\u0259ti n\u0259tic\u0259sind\u0259 \u00f6lk\u0259mizd\u0259 sabitliyin, qanunun aliliyinin t\u0259min olunmas\u0131d\u0131r. H\u0259r bir \u00f6lk\u0259 iqtisadi \u0259laq\u0259l\u0259r qurmaq ist\u0259diyi d\u00f6vl\u0259td\u0259 ilk olaraq m\u00f6vcud ictimai-siyasi duruma, demokratiyan\u0131n inki\u015faf s\u0259viyy\u0259sin\u0259 diqq\u0259t yetirir. Az\u0259rbaycan daim d\u00fcnya \u00fc\u00e7\u00fcn a\u00e7\u0131q, insan h\u00fcquqlar\u0131n\u0131n y\u00fcks\u0259k s\u0259viyy\u0259d\u0259 qorundu\u011fu, demokratik \u00f6lk\u0259 kimi q\u0259bul edilir. \u00d6lk\u0259 Prezidenti \u0130lham \u018fliyevin xarici K\u0130V-\u0259 m\u00fcsahib\u0259l\u0259rind\u0259 ona \u00fcnvanlanan \u201cSiz Az\u0259rbaycanda hans\u0131 siyasi islahatlar\u0131 u\u011furlu hesab edirsiniz v\u0259 siyasi inki\u015faf \u00fc\u00e7\u00fcn, \u00f6lk\u0259d\u0259 siyasi islahatlar \u00fc\u00e7\u00fcn daha n\u0259 etm\u0259k laz\u0131md\u0131r\u201d sual\u0131na cavab\u0131 da bu olur ki, bu m\u00f6vzu daim bizim f\u0259aliyy\u0259timizin g\u00fcnd\u0259liyind\u0259dir, siyasi sistemd\u0259 islahatlar apar\u0131lmadan iqtisadi sah\u0259d\u0259 davaml\u0131 inki\u015fafa nail olmaq m\u00fcmk\u00fcn deyil. Son d\u00f6vrl\u0259rd\u0259 bu istiqam\u0259td\u0259 \u00e7ox i\u015fl\u0259r g\u00f6r\u00fcl\u00fcb. Az\u0259rbaycan d\u00fcnya \u00fc\u00e7\u00fcn a\u00e7\u0131q \u00f6lk\u0259dir. \u00d6lk\u0259mizd\u0259 b\u00fct\u00fcn demokratik t\u0259sisatlar m\u00f6vcuddur, m\u0259tbuat azadl\u0131\u011f\u0131 tam t\u0259min edilir. Az\u0259rbaycan internetin azad oldu\u011fu \u00f6lk\u0259dir. \u0130nternet istifad\u0259\u00e7il\u0259rinin say\u0131 art\u0131r v\u0259 \u0259halinin t\u0259xmin\u0259n 85 faizin\u0259 yax\u0131nla\u015f\u0131r. Topla\u015fma azadl\u0131\u011f\u0131, siyasi f\u0259aliyy\u0259t azadl\u0131\u011f\u0131 da tam t\u0259min edilir. Az\u0259rbaycan Avropa \u015euras\u0131n\u0131n art\u0131q t\u0259cr\u00fcb\u0259li \u00fczv\u00fc kimi c\u0259miyy\u0259timizin daha da demokratikl\u0259\u015fm\u0259sin\u0259 dair \u00f6z \u00fcz\u0259rin\u0259 \u00f6hd\u0259likl\u0259r g\u00f6t\u00fcr\u00fcb v\u0259 bunlar\u0131 u\u011furla yerin\u0259 yetirir. C\u0259nab \u0130lham \u018fliyev, h\u0259m\u00e7inin bildirir ki, inki\u015faf etdiril\u0259n istiqam\u0259tl\u0259r aras\u0131nda ictimai n\u0259zar\u0259tin g\u00fccl\u0259ndirilm\u0259sini qeyd etm\u0259liyik: \u201cM\u0259n bu bar\u0259d\u0259 d\u0259f\u0259l\u0259rl\u0259 fikrimi s\u00f6yl\u0259mi\u015f\u0259m v\u0259 v\u0259t\u0259nda\u015flar\u0131 d\u0259yi\u015fiklikl\u0259rin h\u0259yata ke\u00e7irilm\u0259sin\u0259 n\u0259zar\u0259t m\u0259s\u0259l\u0259sind\u0259 daha f\u0259al olma\u011fa \u00e7a\u011f\u0131rm\u0131\u015fam\u2026 Biz a\u00e7\u0131q \u00f6lk\u0259yik. Biz bu yolu \u015f\u00fcurlu \u015f\u0259kild\u0259 se\u00e7mi\u015fik v\u0259 h\u0259m siyasi, h\u0259m d\u0259 iqtisadi islahatlar\u0131n inki\u015faf\u0131n\u0131 davam etdir\u0259c\u0259yik.\u201d<\/p>\n<p>M\u00fcst\u0259qilliyinin yenid\u0259n b\u0259rpas\u0131n\u0131n 30 ilini arxada qoyan \u00f6lk\u0259miz demokratik d\u0259y\u0259rl\u0259r\u0259 sadiqliyini s\u00f6zd\u0259 deyil, \u0259m\u0259ld\u0259 s\u00fcbut etdiyini atd\u0131\u011f\u0131 add\u0131mlar\u0131 il\u0259 t\u0259sdiql\u0259yir. Sabitliyin, qanunun aliliyinin t\u0259min olundu\u011fu \u00f6lk\u0259d\u0259 demokratik inki\u015faf\u0131n qa\u00e7\u0131lmaz oldu\u011funu \u00f6n\u0259 \u00e7\u0259k\u0259n c\u0259nab \u0130lham \u018fliyev insan h\u00fcquq v\u0259 azadl\u0131qlar\u0131n\u0131n qorunmas\u0131 v\u0259 yeni m\u00fcdafi\u0259 mexanizml\u0259rinin m\u00fc\u0259yy\u0259nl\u0259\u015fdirilm\u0259si istiqam\u0259tind\u0259 biri-birind\u0259n \u0259h\u0259miyy\u0259tli add\u0131mlar at\u0131r. \u201cBiz qanunun aliliyinin t\u0259min olundu\u011fu, y\u00fcks\u0259k s\u0259viyy\u0259d\u0259 \u015f\u0259ffafl\u0131q olan, h\u0259r bir insan\u0131n s\u00fclh v\u0259 \u0259min-amanl\u0131q \u015f\u0259raitind\u0259 ya\u015fad\u0131\u011f\u0131 v\u0259 b\u00fct\u00fcn azadl\u0131qlardan istifad\u0259 etdiyi c\u0259miyy\u0259t qururuq\u201d s\u00f6yl\u0259y\u0259n Prezident \u0130lham \u018fliyev, eyni zamanda, bu fikri d\u0259 \u00f6n\u0259 \u00e7\u0259kir ki, iqtisadi art\u0131m, c\u0259miyy\u0259tin demokratikl\u0259\u015fm\u0259si siyas\u0259timizin \u0259sas elementl\u0259ridir v\u0259 biri dig\u0259rsiz m\u00fcmk\u00fcn ola bilm\u0259z. \u0130qtisadi c\u0259h\u0259td\u0259n g\u00fccl\u00fc olan \u00f6lk\u0259d\u0259 demokratiya, \u015f\u0259ffafl\u0131q yoxdursa, insan h\u00fcquqlar\u0131 y\u00fcks\u0259k s\u0259viyy\u0259d\u0259 qorunmursa, u\u011furdan dan\u0131\u015fmaq qeyri-m\u00fcmk\u00fcnd\u00fcr.<\/p>\n<p>Bir m\u00fch\u00fcm m\u0259qam\u0131 da x\u00fcsusi qeyd etm\u0259liyik ki, c\u0259miyy\u0259tin idar\u0259 olunmas\u0131nda \u0259h\u0259miyy\u0259tli rol oynayan qanunlar\u0131m\u0131za, Milli Konstitusiyam\u0131za da zaman-zaman \u0259lav\u0259 v\u0259 d\u0259yi\u015fiklikl\u0259r edilir. Bu da \u00f6lk\u0259mizin yenilikl\u0259r\u0259, t\u0259kmill\u0259\u015fm\u0259y\u0259 n\u0259 q\u0259d\u0259r maraql\u0131 oldu\u011funu g\u00f6st\u0259rir. 1995-ci ild\u0259 ulu \u00f6nd\u0259r Heyd\u0259r \u018fliyevin r\u0259hb\u0259rliyi il\u0259 i\u015fl\u0259nib haz\u0131rlanan v\u0259 referendum yolu il\u0259 q\u0259bul olunan Konstitusiyam\u0131za bu g\u00fcn\u0259 q\u0259d\u0259r \u00fc\u00e7 d\u0259f\u0259 \u0259lav\u0259 v\u0259 d\u0259yi\u015fiklikl\u0259rin edilm\u0259si m\u0259qs\u0259dil\u0259 \u00fcmumxalq s\u0259sverm\u0259sinin ke\u00e7irilm\u0259si d\u0259 insan amilin\u0259 veril\u0259n d\u0259y\u0259ri ortaya qoyur. 2002,\u00a02009 v\u0259 2016-c\u0131 ill\u0259rd\u0259 ke\u00e7iril\u0259n \u00fcmumxalq s\u0259sverm\u0259sind\u0259 m\u00fczakir\u0259y\u0259 \u00e7\u0131xar\u0131lan \u0259lav\u0259 v\u0259 d\u0259yi\u015fiklikl\u0259rin b\u00f6y\u00fck \u0259ks\u0259riyy\u0259ti insan h\u00fcquqlar\u0131n\u0131n qorunmas\u0131na, idar\u0259\u00e7ilik sisteminin t\u0259kmill\u0259\u015fdirilm\u0259sin\u0259 xidm\u0259t edir. 2009-cu\u00a0il referendumunda \u201cD\u00f6vl\u0259tin ali m\u0259qs\u0259di\u201d madd\u0259sin\u0259 bel\u0259 bir \u0259lav\u0259 olundu ki, d\u00f6vl\u0259tin ali m\u0259qs\u0259di insan h\u00fcquq v\u0259 azadl\u0131qlar\u0131n\u0131n qorunmas\u0131 v\u0259 y\u00fcks\u0259k rifah hal\u0131n\u0131n t\u0259min edilm\u0259sidir. 2016-c\u0131 il referendumunda t\u0259qdir olunan \u0259lav\u0259 v\u0259 d\u0259yi\u015fiklikl\u0259rd\u0259n biri vitse-prezidentlik institutunun yarad\u0131lmas\u0131, eyni zamanda, prezidentlik m\u00fcdd\u0259tinin 5 ild\u0259n 7 il\u0259 art\u0131r\u0131lmas\u0131 oldu. Bu da \u00f6lk\u0259mizin idar\u0259etm\u0259 sistemind\u0259 t\u0259kmill\u0259\u015fm\u0259y\u0259 x\u00fcsusi diqq\u0259t yetirdiyini t\u0259sdiql\u0259di. Bu g\u00fcn i\u015f\u011faldan azad edilmi\u015f \u0259razil\u0259rimizd\u0259 d\u0259 t\u0259kmil idar\u0259\u00e7ilik sistemi yarad\u0131l\u0131r. D\u00f6vl\u0259t ba\u015f\u00e7\u0131s\u0131 \u0130lham \u018fliyevin tap\u015f\u0131r\u0131\u011f\u0131na uy\u011fun olaraq b\u00fct\u00fcn \u015f\u0259h\u0259r v\u0259 k\u0259ndl\u0259r m\u00fcasir t\u0259l\u0259bl\u0259r s\u0259viyy\u0259sind\u0259 qurulucaq. Son ill\u0259rd\u0259 yenilikl\u0259ri il\u0259 d\u00fcnyan\u0131n diqq\u0259tini \u00e7\u0259k\u0259n Az\u0259rbaycan yax\u0131n zamanlarda \u201ca\u011f\u0131ll\u0131 \u015f\u0259h\u0259r\u201d v\u0259 \u201ca\u011f\u0131ll\u0131 k\u0259nd\u201d layih\u0259sinin u\u011furlu n\u0259tic\u0259sini t\u0259qdim ed\u0259c\u0259k. Yeni texnologiyalar\u0131n inki\u015faf\u0131 fonunda m\u00fc\u0259yy\u0259nl\u0259\u015fdiril\u0259n h\u0259d\u0259fl\u0259rin reall\u0131\u011fa \u00e7evrilm\u0259si Az\u0259rbaycan\u0131n beyn\u0259lxalq al\u0259md\u0259 qazand\u0131\u011f\u0131 innovasiyalar \u00f6lk\u0259si imicin\u0259 yeni \u0259lav\u0259l\u0259r edir.<\/p>\n<p>Demokratik inki\u015faf\u0131n \u0259sas elementl\u0259rind\u0259n olan azad m\u0259tbuat\u0131n inki\u015faf\u0131na y\u00f6n\u0259l\u0259n add\u0131mlar da davaml\u0131l\u0131\u011f\u0131 il\u0259 diqq\u0259t \u00e7\u0259kir. Ulu \u00f6nd\u0259r Heyd\u0259r \u018fliyevin m\u00fcst\u0259qil Az\u0259rbaycana r\u0259hb\u0259rliyi ill\u0259rind\u0259 h\u0259yata ke\u00e7irdiyi \u00e7ox\u015fax\u0259li islahatlar\u0131n v\u0259 bu x\u0259ttin son 18 ild\u0259n art\u0131q d\u00f6vrd\u0259 Prezident \u0130lham \u018fliyev t\u0259r\u0259find\u0259n u\u011furla davam etdirilm\u0259sinin n\u0259tic\u0259si olaraq bu g\u00fcn \u00f6lk\u0259mizd\u0259 s\u00f6z v\u0259 m\u0259tbuat azadl\u0131\u011f\u0131 sah\u0259sind\u0259ki m\u00f6vcud v\u0259ziyy\u0259t qabaqc\u0131l demokratik \u00f6lk\u0259l\u0259rl\u0259 m\u00fcqayis\u0259 edil\u0259 bil\u0259r. Az\u0259rbaycan K\u0130V-l\u0259rin say\u0131na g\u00f6r\u0259 MDB v\u0259 \u015e\u0259rqi Avropa \u00f6lk\u0259l\u0259ri aras\u0131nda lider m\u00f6vqed\u0259 dayan\u0131r. \u00d6lk\u0259mizd\u0259 xeyli sayda\u00a0jurnalist t\u0259\u015fkilatlar\u0131 v\u0259 ictimai birlikl\u0259r f\u0259aliyy\u0259t g\u00f6st\u0259rir. S\u00fcr\u0259tl\u0259 inki\u015faf ed\u0259n internet resurslar\u0131 v\u0259t\u0259nda\u015f c\u0259miyy\u0259ti quruculu\u011funun f\u0259al i\u015ftirak\u00e7\u0131s\u0131na \u00e7evril\u0259r\u0259k c\u0259miyy\u0259timizin informasiyaya olan ehtiyac\u0131n\u0131n \u00f6d\u0259nilm\u0259sind\u0259 \u0259h\u0259miyy\u0259tli rol oynay\u0131r.<\/p>\n<p>M\u0259lum oldu\u011fu kimi, d\u00f6vl\u0259t ba\u015f\u00e7\u0131s\u0131 \u0130lham \u018fliyev bu g\u00fcnl\u0259rd\u0259 yeni \u201cMedia haqq\u0131nda\u201d Qanunu t\u0259sdiql\u0259di. \u018fvv\u0259ld\u0259 d\u0259 qeyd etdiyimiz kimi, b\u00fct\u00fcn sah\u0259l\u0259rd\u0259 t\u0259kmil islahatlar h\u0259yata ke\u00e7irilir. M\u0259tbuat\u0131n c\u0259miyy\u0259tin g\u00fczg\u00fcs\u00fc, eyni zamanda, h\u0259r bir \u00f6lk\u0259nin inki\u015faf s\u0259viyy\u0259sinin g\u00f6st\u0259ricisi oldu\u011funu n\u0259z\u0259r\u0259 alsaq yenilikl\u0259rin, t\u0259kmill\u0259\u015fm\u0259nin bu sah\u0259d\u0259 d\u0259 \u00f6n\u0259mi \u00f6z\u00fcn\u00fc ayd\u0131n \u015f\u0259kild\u0259 n\u00fcmayi\u015f etdir\u0259c\u0259k. 1999-cu ild\u0259 q\u0259bul olunan \u201cK\u00fctl\u0259vi informasiya vasit\u0259l\u0259ri haqq\u0131nda\u201d Qanun \u0259g\u0259r o d\u00f6vr\u00fcn reall\u0131qlar\u0131na, t\u0259l\u0259bl\u0259rin\u0259 uy\u011fun idis\u0259, ill\u0259r ke\u00e7dikc\u0259 t\u0259kmill\u0259\u015fm\u0259y\u0259 ehtiyaclar yarand\u0131. Qanuna bug\u00fcn\u0259d\u0259k 79 d\u0259f\u0259 \u0259lav\u0259 v\u0259 d\u0259yi\u015fikliyin edilm\u0259si d\u0259 bunun bariz n\u00fcmun\u0259sidir. M\u00fcasir media anlay\u0131\u015f\u0131na v\u0259 yeni \u00e7a\u011f\u0131r\u0131\u015flara cavab ver\u0259n bir qanunun q\u0259bulu z\u0259rur\u0259t idi. Median\u0131n \u0130nki\u015faf\u0131 Agentliyinin yarad\u0131lmas\u0131, \u00f6lk\u0259d\u0259 apar\u0131lan siyasi, iqtisadi, demokratik islahatlar m\u0259tbuata da t\u0259sirsiz \u00f6t\u00fc\u015fm\u0259di. M\u0259tbuata aid islahatlar\u0131n b\u00fct\u00fcn istiqam\u0259tl\u0259r \u00fczr\u0259 h\u0259yata ke\u00e7irilm\u0259sini n\u0259z\u0259rd\u0259 tutan \u00abMedia haqq\u0131nda\u00bb Qanun bu sah\u0259d\u0259 \u00e7al\u0131\u015fanlar \u00fc\u00e7\u00fcn h\u00fcquqi baza, platforma rolunu oynayacaq v\u0259 bo\u015fluqlar\u0131n aradan qald\u0131r\u0131lmas\u0131na z\u0259min yaradacaq.<\/p>\n<p>9 f\u0259sild\u0259n, 78 madd\u0259d\u0259n ibar\u0259t olan \u201cMedia haqq\u0131nda\u201d Qanun media subyektl\u0259rinin v\u0259 jurnalistl\u0259rin f\u0259aliyy\u0259tinin h\u00fcquqi m\u00fcst\u0259vid\u0259 t\u0259nziml\u0259nm\u0259sin\u0259 imkan yaradacaq. At\u0131lan b\u00fct\u00fcn add\u0131mlar\u0131n t\u0259m\u0259lind\u0259 c\u0259miyy\u0259tin informasiya t\u0259l\u0259bat\u0131n\u0131n daha dol\u011fun \u015f\u0259kild\u0259 \u00f6d\u0259nilm\u0259si, obyektivlik, q\u0259r\u0259zsizlik kimi prinsipl\u0259ri qoruyaraq m\u00fcst\u0259qil m\u0259tbuat\u0131n inki\u015faf\u0131na d\u0259st\u0259k olmaq dayan\u0131r. Milli Konstitusiyam\u0131za \u0259lav\u0259 v\u0259 d\u0259yi\u015fiklikl\u0259r edil\u0259rk\u0259n \u201cM\u0259lumat azadl\u0131\u011f\u0131\u201d madd\u0259si h\u0259r zaman diqq\u0259td\u0259 olub. Yeni qanunda demokratiyan\u0131n \u0259sas t\u0259l\u0259bl\u0259rind\u0259n olan m\u0259tbuat, s\u00f6z, vicdan azadl\u0131\u011f\u0131na h\u00f6rm\u0259t \u0259ksini tapd\u0131\u011f\u0131 madd\u0259l\u0259rd\u0259 \u00f6z\u00fcn\u00fc qabar\u0131q \u015f\u0259kild\u0259 b\u00fcruz\u0259 verir. Qanunda K\u0130V-l\u0259rin m\u00fcst\u0259qil f\u0259aliyy\u0259ti, h\u00fcquqi bax\u0131mdan h\u0259lli vacib m\u0259s\u0259l\u0259l\u0259rin yer almas\u0131, media subyektl\u0259rin\u0259 t\u0259l\u0259bin a\u00e7\u0131qlanmas\u0131, v\u0259zif\u0259 v\u0259 h\u00fcquqlar\u0131n\u0131n g\u00f6st\u0259rilm\u0259si, Media Reyestrinin apar\u0131lmas\u0131 qaydalar\u0131n\u0131n m\u00fc\u0259yy\u0259n edilm\u0259si, lisenziyalar\u0131n verilm\u0259si, jurnalistl\u0259r \u00fc\u00e7\u00fcn n\u0259z\u0259rd\u0259 tutulan imtiyazlar v\u0259 sair madd\u0259l\u0259rin h\u0259r biri m\u00fcasir K\u0130V-l\u0259rin \u00fczl\u0259\u015fdikl\u0259ri probleml\u0259rin h\u0259llini aradan qald\u0131racaq imkanlard\u0131r. Qanunda yer alan \u0259n \u00f6n\u0259mli m\u0259qamlardan biri d\u0259 Media Reyestrinin yarad\u0131lmas\u0131 v\u0259 media subyektl\u0259rinin, jurnalistl\u0259rin bu reyestr\u0259 daxil edilm\u0259l\u0259ridir. 78 madd\u0259y\u0259 v\u0259 onlarda \u0259ksini tapan ayr\u0131-ayr\u0131 m\u00fcdd\u0259alara diqq\u0259t yetirs\u0259k g\u00f6r\u0259rik ki, onlar\u0131n h\u0259r biri inki\u015fafa, yeniliy\u0259 \u00e7a\u011f\u0131r\u0131\u015fd\u0131r, eyni zamanda, m\u0259tbuat\u0131n qar\u015f\u0131s\u0131nda geni\u015f imkanlar a\u00e7\u0131r. Jurnalist pe\u015f\u0259karl\u0131\u011f\u0131n\u0131n, m\u0259suliyy\u0259tinin art\u0131r\u0131lmas\u0131, h\u0259m\u00e7inin onlar\u0131n sosial probleml\u0259rinin h\u0259lli yeni qanunda x\u00fcsusi yer al\u0131b. S\u0259n\u0259dd\u0259 media sah\u0259sind\u0259 f\u0259aliyy\u0259t g\u00f6st\u0259r\u0259n \u015f\u0259xsl\u0259r \u00fc\u00e7\u00fcn g\u00fcz\u0259\u015ftl\u0259r v\u0259 imtiyazlar m\u00fc\u0259yy\u0259nl\u0259\u015fib.<\/p>\n<p>Qeyd etdikl\u0259rimiz \u00f6lk\u0259mizin demokratik inki\u015faf sah\u0259sind\u0259 \u0259ld\u0259 etdiyi u\u011furlar\u0131n \u00e7ox az bir hiss\u0259sidir. Siyasi islahatlarla paralel iqtisadi islahatlar\u0131n da h\u0259yata ke\u00e7irildiyini n\u0259z\u0259r\u0259 alsaq, bu g\u00fcn Az\u0259rbaycan\u0131n son 18 ild\u0259n art\u0131q d\u00f6vrd\u0259 \u0259ld\u0259 etdiyi u\u011furlar\u0131n miqyas\u0131n\u0131n n\u0259 q\u0259d\u0259r geni\u015f oldu\u011funu g\u00f6r\u0259rik. \u0130qtisadiyyat\u0131m\u0131z\u0131n d\u00fczg\u00fcn \u0259saslar \u00fcz\u0259rind\u0259 qurulmas\u0131 Az\u0259rbaycan\u0131n d\u00fcnyan\u0131 b\u00fcr\u00fcy\u0259n maliyy\u0259 v\u0259 iqtisadi b\u00f6hran\u0131ndan u\u011furla \u00e7\u0131xmas\u0131n\u0131, h\u0259m\u00e7inin haz\u0131rda COVID-19-la m\u00fcbariz\u0259 t\u0259dbirl\u0259rini daha da g\u00fccl\u0259ndirm\u0259sini \u015f\u0259rtl\u0259ndirir. M\u0259hz bu u\u011furlara s\u00f6yk\u0259n\u0259r\u0259k postpandemiya v\u0259 postm\u00fcnaqi\u015f\u0259 d\u00f6vr\u00fcn\u00fcn h\u0259d\u0259fl\u0259ri v\u0259 onlar\u0131n icra mexanizml\u0259ri m\u00fc\u0259yy\u0259nl\u0259\u015fdirilir. Bu g\u00fcn i\u015f\u011faldan azad edilmi\u015f \u0259razil\u0259rimizl\u0259 yana\u015f\u0131, dig\u0259r b\u00f6lg\u0259l\u0259rimiz d\u0259 s\u00fcr\u0259tli inki\u015faf d\u00f6vr\u00fcn\u00fc ya\u015fay\u0131r. D\u00f6vl\u0259t ba\u015f\u00e7\u0131s\u0131 \u0130lham \u018fliyev i\u015f\u011faldan azad edilmi\u015f torpaqlar\u0131m\u0131zla b\u0259rab\u0259r dig\u0259r rayonlara da s\u0259f\u0259rl\u0259r edir, yeni sosial obyektl\u0259rin t\u0259m\u0259lini qoyur, yaxud a\u00e7\u0131l\u0131\u015f\u0131n\u0131 edir. Daim bu fikir s\u0259sl\u0259ndirilir ki, yeni obyektl\u0259rin t\u0259m\u0259linin qoyulmas\u0131, yaxud a\u00e7\u0131l\u0131\u015f\u0131 g\u00f6st\u0259rir ki, biz \u0259ld\u0259 olunan u\u011furlarla kifay\u0259tl\u0259nmirik, daim ir\u0259li bax\u0131r\u0131q. \u0130nsanlar\u0131n rahat v\u0259 m\u0259mnunluq \u015f\u0259raitind\u0259 ya\u015famas\u0131 d\u00f6vl\u0259t siyas\u0259tinin \u0259sas\u0131d\u0131r.<\/p>\n<p>\u00d6lk\u0259d\u0259 infrastrukturun yenil\u0259nm\u0259si, b\u0259rpas\u0131 daim diqq\u0259td\u0259dir. Fevral\u0131n 11-d\u0259 \u201cQobu\u201d Enerji\u00a0Qov\u015fa\u011f\u0131n\u0131n a\u00e7\u0131l\u0131\u015f\u0131nda i\u015ftirak ed\u0259n d\u00f6vl\u0259t ba\u015f\u00e7\u0131s\u0131 \u0130lham \u018fliyev Az\u0259rbaycan D\u00f6vl\u0259t \u0130nformasiya Agentliyin\u0259-AZ\u018fRTAC-a m\u00fcsahib\u0259sind\u0259 bu fikirl\u0259ri x\u00fcsusi qeyd etmi\u015fdir ki, bu g\u00fcn h\u0259r k\u0259s g\u00f6r\u00fcr ki, d\u00fcnyada iqtisadi, maliyy\u0259 b\u00f6hran\u0131 h\u0259l\u0259 d\u0259 ba\u015fa \u00e7atmay\u0131b: \u201cBuna baxmayaraq, Az\u0259rbaycanda \u00f6z v\u0259saiti hesab\u0131na in\u015fa edil\u0259n bu n\u0259h\u0259ng obyektl\u0259rin istifad\u0259y\u0259 verilm\u0259si h\u0259m maliyy\u0259 imkanlar\u0131m\u0131z\u0131 g\u00f6st\u0259rir, maliyy\u0259 m\u00fcst\u0259qilliyimizd\u0259n x\u0259b\u0259r verir, texniki imkanlar\u0131m\u0131z\u0131 g\u00f6st\u0259rir v\u0259 onu g\u00f6st\u0259rir ki, son ill\u0259rd\u0259 elektrik enerjisi sah\u0259sind\u0259 \u00e7ox b\u00f6y\u00fck i\u015fl\u0259r g\u00f6r\u00fcl\u00fcb, bu i\u015fl\u0259rin yen\u0259 d\u0259 davam\u0131 var. \u00c7\u00fcnki artan t\u0259l\u0259bat &#8211; h\u0259m daxili t\u0259l\u0259bat, h\u0259m xarici t\u0259l\u0259bat, artan ixrac\u0131m\u0131z bunu dikt\u0259 edir. Onu da bildirm\u0259liy\u0259m ki, ke\u00e7\u0259n il Az\u0259rbaycanda 27 milyard kilovat\/saat elektrik enerjisi istehsal edilmi\u015f v\u0259 1,6 milyard kilovat\/saat ixrac olunmu\u015fdur. Bu, rekord g\u00f6st\u0259ricidir. Y\u0259ni, biz art\u0131q \u00e7ox ciddi elektrik enerjisini ixrac ed\u0259n \u00f6lk\u0259y\u0259 \u00e7evrildik. Qeyd etdiyim kimi, h\u0259m daxili t\u0259l\u0259bat, h\u0259m d\u0259 xaricd\u0259 enerji g\u00fcc\u00fcm\u00fcz\u0259 olan t\u0259l\u0259bat bizi yeni add\u0131mlar\u0131n at\u0131lmas\u0131na s\u00f6vq ed\u0259c\u0259k.\u201d<\/p>\n<p>Bu m\u00fch\u00fcm m\u0259qam da x\u00fcsusi qeyd edilmi\u015fdir ki, \u00f6lk\u0259d\u0259 o q\u0259d\u0259r g\u00f6z\u0259l investisiya iqlimi yarad\u0131l\u0131b ki, xarici \u015firk\u0259tl\u0259r Az\u0259rbaycana b\u00f6y\u00fck maraq g\u00f6st\u0259rirl\u0259r. \u201cBu mara\u011f\u0131 biz yaratm\u0131\u015f\u0131q\u201d s\u00f6yl\u0259y\u0259n c\u0259nab \u0130lham \u018fliyev bildirmi\u015fdir ki, \u0259g\u0259r neft-qaz sah\u0259sind\u0259 u\u011furlu siyas\u0259timiz apar\u0131lmasayd\u0131 v\u0259 t\u0259r\u0259fda\u015flar biz\u0259 inanmasayd\u0131lar, o c\u00fcml\u0259d\u0259n Az\u0259rbaycan\u0131n g\u0259l\u0259c\u0259yin\u0259 inanmasayd\u0131lar, bu q\u0259d\u0259r b\u00f6y\u00fck xarici s\u0259rmay\u0259 qoymazd\u0131lar.<\/p>\n<p>Az\u0259rbaycan\u0131n bu u\u011furlar\u0131, iqtisadi v\u0259 maliyy\u0259 imkanlar\u0131 qar\u015f\u0131ya qoyulan h\u0259r bir h\u0259d\u0259f\u0259 zaman\u0131nda v\u0259 y\u00fcks\u0259k s\u0259viyy\u0259d\u0259 nail olma\u011fa \u0259sas yarad\u0131r. Az\u0259rbaycan i\u015f\u011faldan azad edilmi\u015f \u0259razil\u0259rimizd\u0259 b\u00fct\u00fcn i\u015fl\u0259ri \u00f6z maliyy\u0259 imkanlar\u0131 hesab\u0131na h\u0259yata ke\u00e7irir. B\u00f6y\u00fck Qay\u0131d\u0131\u015f\u0131n realla\u015fmas\u0131 h\u0259min \u0259razil\u0259rin potensial imkanlar\u0131ndan \u00f6lk\u0259mizin dayan\u0131ql\u0131 inki\u015faf\u0131 \u00fc\u00e7\u00fcn s\u0259m\u0259r\u0259li istifad\u0259 etm\u0259y\u0259 geni\u015f imkanlar a\u00e7acaq. \u201cAz\u0259rbaycan 2030: sosial-iqtisadi inki\u015fafa dair Milli Prioritetl\u0259r\u201d qar\u015f\u0131dak\u0131 d\u00f6vr\u00fcn h\u0259d\u0259fl\u0259rinin t\u0259qdimat\u0131d\u0131r.<\/p>\n<p>Qeyd etdikl\u0259rimiz\u0259 s\u00f6yk\u0259n\u0259r\u0259k bu \u00fcmumil\u0259\u015fdirm\u0259ni apara bil\u0259rik ki, \u00f6lk\u0259mizd\u0259 iqtisadi v\u0259 siyasi islahatlar\u0131n v\u0259hd\u0259tliyinin b\u00fct\u00fcn d\u00f6vrl\u0259r \u00fc\u00e7\u00fcn aktuall\u0131\u011f\u0131n\u0131 saxlamas\u0131 beyn\u0259lxalq s\u0259viyy\u0259d\u0259 d\u0259 t\u0259qdir edilir. Az\u0259rbaycan\u0131n inki\u015faf modeli h\u0259r zaman n\u00fcmun\u0259vi model kimi diqq\u0259td\u0259dir. Bu ondan ir\u0259li g\u0259lir ki, Az\u0259rbaycan iqtisadi strategiyas\u0131n\u0131 m\u00fc\u0259yy\u0259nl\u0259\u015fdir\u0259rk\u0259n qabaqc\u0131l \u00f6lk\u0259l\u0259rin t\u0259cr\u00fcb\u0259sini n\u0259z\u0259rd\u0259n ke\u00e7irir, geni\u015f t\u0259hlill\u0259r apar\u0131l\u0131r, at\u0131lacaq add\u0131m\u0131n perspektivl\u0259ri a\u00e7\u0131qlan\u0131r. \u0130ki ild\u0259n art\u0131q davam ed\u0259n pandemiya d\u00f6vr\u00fcn\u00fcn reall\u0131qlar\u0131na diqq\u0259t yetirm\u0259k kifay\u0259tdir. \u0130nsan sa\u011flaml\u0131\u011f\u0131 y\u00fcks\u0259k s\u0259viyy\u0259d\u0259 qorunur, bununla yana\u015f\u0131, iqtisadi islahatlar daha da d\u0259rinl\u0259\u015fdirilir. V\u0259t\u0259nda\u015f m\u0259mnunlu\u011funu \u015f\u0259rtl\u0259ndir\u0259n amill\u0259r s\u0131ras\u0131nda x\u00fcsusi yer alan \u0259halinin sosial m\u00fcdafi\u0259si daha da g\u00fccl\u0259ndirilir. Buna \u0259min olmaq \u00fc\u00e7\u00fcn d\u00f6vl\u0259t ba\u015f\u00e7\u0131s\u0131 \u0130lham \u018fliyevin 2022-ci il \u00fc\u00e7\u00fcn ilk sosial paketinin ard\u0131nca imzalanan F\u0259rman v\u0259 s\u0259r\u0259ncamlara diqq\u0259t yetirm\u0259k kifay\u0259tdir.<\/p>\n","protected":false},"excerpt":{"rendered":"<p>Prezident \u0130lham \u018fliyevin t\u0259sdiql\u0259diyi \u201cMedia haqq\u0131nda\u201d Qanun \u00f6lk\u0259mizin bu u\u011furlar\u0131n\u0131 \u00f6z\u00fcnd\u0259 ehtiva etm\u0259kl\u0259 yana\u015f\u0131, iqtisadi v\u0259 siyasi islahatlar\u0131n v\u0259hd\u0259tliyinin qorunmas\u0131n\u0131n d\u00f6vl\u0259t siyas\u0259timizin \u0259sas t\u0259rkib hiss\u0259si oldu\u011funa da i\u015f\u0131q sal\u0131r \u00d6lk\u0259mizd\u0259 iqtisadi v\u0259 siyasi islahatlar\u0131n v\u0259hd\u0259tliyinin qorunmas\u0131 u\u011furlar\u0131n davaml\u0131l\u0131\u011f\u0131n\u0131n t\u0259min edilm\u0259sind\u0259 \u0259h\u0259miyy\u0259tli rol oynay\u0131r. Bu g\u00fcn hans\u0131 sah\u0259y\u0259 diqq\u0259t yetirs\u0259k tarixi Z\u0259f\u0259rimizin yaratd\u0131\u011f\u0131 reall\u0131qlar fonunda yenil\u0259\u015fm\u0259ni, t\u0259kmill\u0259\u015fm\u0259ni g\u00f6r\u0259rik. M\u0259hz bu bax\u0131mdan Az\u0259rbaycan beyn\u0259lxalq maliyy\u0259 qurumlar\u0131n\u0131n hesabatlar\u0131nda \u0259n islahat\u00e7\u0131 \u00f6lk\u0259 kimi m\u00f6vqeyini daim qoruyur. D\u00f6vl\u0259t ba\u015f\u00e7\u0131s\u0131 \u0130lham \u018fliyev islahatlar\u0131n lab\u00fcd oldu\u011funu bildirir v\u0259 b\u0259yan edir ki, d\u00f6vr\u00fcn, zaman\u0131n d\u0259yi\u015fm\u0259si \u00f6z n\u00f6vb\u0259sind\u0259 qar\u015f\u0131ya&hellip;<\/p>\n","protected":false},"author":2,"featured_media":437916,"comment_status":"closed","ping_status":"closed","sticky":false,"template":"","format":"standard","meta":{"om_disable_all_campaigns":false,"_monsterinsights_skip_tracking":false,"_monsterinsights_sitenote_active":false,"_monsterinsights_sitenote_note":"","_monsterinsights_sitenote_category":0},"categories":[19],"tags":[],"aioseo_notices":[],"gutentor_comment":0,"rttpg_featured_image_url":{"full":["https:\/\/arantv.az\/wp-content\/uploads\/2022\/02\/58521e4e163828516245389013410576724.jpg",975,540,false],"landscape":["https:\/\/arantv.az\/wp-content\/uploads\/2022\/02\/58521e4e163828516245389013410576724.jpg",975,540,false],"portraits":["https:\/\/arantv.az\/wp-content\/uploads\/2022\/02\/58521e4e163828516245389013410576724.jpg",975,540,false],"thumbnail":["https:\/\/arantv.az\/wp-content\/uploads\/2022\/02\/58521e4e163828516245389013410576724-500x280.jpg",500,280,true],"medium":["https:\/\/arantv.az\/wp-content\/uploads\/2022\/02\/58521e4e163828516245389013410576724-660x365.jpg",660,365,true],"large":["https:\/\/arantv.az\/wp-content\/uploads\/2022\/02\/58521e4e163828516245389013410576724-840x465.jpg",640,354,true],"1536x1536":["https:\/\/arantv.az\/wp-content\/uploads\/2022\/02\/58521e4e163828516245389013410576724.jpg",975,540,false],"2048x2048":["https:\/\/arantv.az\/wp-content\/uploads\/2022\/02\/58521e4e163828516245389013410576724.jpg",975,540,false],"post-thumbnail":["https:\/\/arantv.az\/wp-content\/uploads\/2022\/02\/58521e4e163828516245389013410576724-240x172.jpg",240,172,true],"advps-thumb-one":["https:\/\/arantv.az\/wp-content\/uploads\/2022\/02\/58521e4e163828516245389013410576724.jpg",975,540,false]},"rttpg_author":{"display_name":"V\u00fcsal Rafiqo\u011flu","author_link":"https:\/\/arantv.az\/?author=2"},"rttpg_comment":0,"rttpg_category":"<a href=\"https:\/\/arantv.az\/?cat=19\" rel=\"category\">G\u00fcnd\u0259m<\/a>","rttpg_excerpt":"Prezident \u0130lham \u018fliyevin t\u0259sdiql\u0259diyi \u201cMedia haqq\u0131nda\u201d Qanun \u00f6lk\u0259mizin bu u\u011furlar\u0131n\u0131 \u00f6z\u00fcnd\u0259 ehtiva etm\u0259kl\u0259 yana\u015f\u0131, iqtisadi v\u0259 siyasi islahatlar\u0131n v\u0259hd\u0259tliyinin qorunmas\u0131n\u0131n d\u00f6vl\u0259t siyas\u0259timizin \u0259sas t\u0259rkib hiss\u0259si oldu\u011funa da i\u015f\u0131q sal\u0131r \u00d6lk\u0259mizd\u0259 iqtisadi v\u0259 siyasi islahatlar\u0131n v\u0259hd\u0259tliyinin qorunmas\u0131 u\u011furlar\u0131n davaml\u0131l\u0131\u011f\u0131n\u0131n t\u0259min edilm\u0259sind\u0259 \u0259h\u0259miyy\u0259tli rol oynay\u0131r. Bu g\u00fcn hans\u0131 sah\u0259y\u0259 diqq\u0259t yetirs\u0259k tarixi Z\u0259f\u0259rimizin yaratd\u0131\u011f\u0131 reall\u0131qlar fonunda yenil\u0259\u015fm\u0259ni,&hellip;","_links":{"self":[{"href":"https:\/\/arantv.az\/index.php?rest_route=\/wp\/v2\/posts\/437915"}],"collection":[{"href":"https:\/\/arantv.az\/index.php?rest_route=\/wp\/v2\/posts"}],"about":[{"href":"https:\/\/arantv.az\/index.php?rest_route=\/wp\/v2\/types\/post"}],"author":[{"embeddable":true,"href":"https:\/\/arantv.az\/index.php?rest_route=\/wp\/v2\/users\/2"}],"replies":[{"embeddable":true,"href":"https:\/\/arantv.az\/index.php?rest_route=%2Fwp%2Fv2%2Fcomments&post=437915"}],"version-history":[{"count":0,"href":"https:\/\/arantv.az\/index.php?rest_route=\/wp\/v2\/posts\/437915\/revisions"}],"wp:featuredmedia":[{"embeddable":true,"href":"https:\/\/arantv.az\/index.php?rest_route=\/wp\/v2\/media\/437916"}],"wp:attachment":[{"href":"https:\/\/arantv.az\/index.php?rest_route=%2Fwp%2Fv2%2Fmedia&parent=437915"}],"wp:term":[{"taxonomy":"category","embeddable":true,"href":"https:\/\/arantv.az\/index.php?rest_route=%2Fwp%2Fv2%2Fcategories&post=437915"},{"taxonomy":"post_tag","embeddable":true,"href":"https:\/\/arantv.az\/index.php?rest_route=%2Fwp%2Fv2%2Ftags&post=437915"}],"curies":[{"name":"wp","href":"https:\/\/api.w.org\/{rel}","templated":true}]}}