{"id":437918,"date":"2022-02-12T08:13:36","date_gmt":"2022-02-12T05:13:36","guid":{"rendered":"http:\/\/arantv.az\/?p=437918"},"modified":"2022-02-12T08:13:36","modified_gmt":"2022-02-12T05:13:36","slug":"isvec-nato-ya-uzv-olmaqdan-imtina-etdib","status":"publish","type":"post","link":"https:\/\/arantv.az\/?p=437918","title":{"rendered":"\u0130sve\u00e7 NATO-ya \u00fczv olmaqdan imtina etdib"},"content":{"rendered":"<p><strong>R\u0259smi Stokqolm NATO-ya \u00fczv olmaq niyy\u0259tind\u0259 deyil.<\/strong><\/p>\n<p><strong>ARANTV.AZ<\/strong>\u00a0 <a href=\"https:\/\/az.trend.az\/\" target=\"_blank\" rel=\"noopener\">Trend<\/a>-\u0259 istinad\u0259n bildirir ki,\u00a0bunu \u0130sve\u00e7in d\u00f6vl\u0259t katibi Karin Vallensten bildirib.<\/p>\n<p>Onun s\u00f6zl\u0259rin\u0259 g\u00f6r\u0259, yaranm\u0131\u015f v\u0259ziyy\u0259td\u0259 stabillik h\u0259ddind\u0259n art\u0131q vacibdir.<\/p>\n<p>K. Vallenstenin s\u00f6zl\u0259rin\u0259 g\u00f6r\u0259, onun \u00f6lk\u0259si art\u0131q t\u0259hl\u00fck\u0131sizlik siyas\u0259tiyl\u0259 ba\u011fl\u0131 yekdil q\u0259rar q\u0259bul edib.<\/p>\n<p>&#8220;\u0130sve\u00e7 NATO-nun t\u0259r\u0259fdar\u0131 olmaq niyy\u0259tind\u0259dir, lakin alyansa daxil olmayacaq&#8221;, &#8211; dey\u0259 d\u00f6vl\u0259t katibi bildirib.<\/p>\n","protected":false},"excerpt":{"rendered":"<p>R\u0259smi Stokqolm NATO-ya \u00fczv olmaq niyy\u0259tind\u0259 deyil. ARANTV.AZ\u00a0 Trend-\u0259 istinad\u0259n bildirir ki,\u00a0bunu \u0130sve\u00e7in d\u00f6vl\u0259t katibi Karin Vallensten bildirib. Onun s\u00f6zl\u0259rin\u0259 g\u00f6r\u0259, yaranm\u0131\u015f v\u0259ziyy\u0259td\u0259 stabillik h\u0259ddind\u0259n art\u0131q vacibdir. K. Vallenstenin s\u00f6zl\u0259rin\u0259 g\u00f6r\u0259, onun \u00f6lk\u0259si art\u0131q t\u0259hl\u00fck\u0131sizlik siyas\u0259tiyl\u0259 ba\u011fl\u0131 yekdil q\u0259rar q\u0259bul edib. &#8220;\u0130sve\u00e7 NATO-nun t\u0259r\u0259fdar\u0131 olmaq niyy\u0259tind\u0259dir, lakin alyansa daxil olmayacaq&#8221;, &#8211; dey\u0259 d\u00f6vl\u0259t katibi bildirib.<\/p>\n","protected":false},"author":2,"featured_media":437919,"comment_status":"closed","ping_status":"closed","sticky":false,"template":"","format":"standard","meta":{"om_disable_all_campaigns":false,"_monsterinsights_skip_tracking":false,"_monsterinsights_sitenote_active":false,"_monsterinsights_sitenote_note":"","_monsterinsights_sitenote_category":0},"categories":[7],"tags":[],"aioseo_notices":[],"gutentor_comment":0,"rttpg_featured_image_url":{"full":["https:\/\/arantv.az\/wp-content\/uploads\/2022\/02\/1018990.jpg",676,384,false],"landscape":["https:\/\/arantv.az\/wp-content\/uploads\/2022\/02\/1018990.jpg",676,384,false],"portraits":["https:\/\/arantv.az\/wp-content\/uploads\/2022\/02\/1018990.jpg",676,384,false],"thumbnail":["https:\/\/arantv.az\/wp-content\/uploads\/2022\/02\/1018990-500x280.jpg",500,280,true],"medium":["https:\/\/arantv.az\/wp-content\/uploads\/2022\/02\/1018990-643x365.jpg",643,365,true],"large":["https:\/\/arantv.az\/wp-content\/uploads\/2022\/02\/1018990.jpg",640,364,false],"1536x1536":["https:\/\/arantv.az\/wp-content\/uploads\/2022\/02\/1018990.jpg",676,384,false],"2048x2048":["https:\/\/arantv.az\/wp-content\/uploads\/2022\/02\/1018990.jpg",676,384,false],"post-thumbnail":["https:\/\/arantv.az\/wp-content\/uploads\/2022\/02\/1018990-240x172.jpg",240,172,true],"advps-thumb-one":["https:\/\/arantv.az\/wp-content\/uploads\/2022\/02\/1018990.jpg",676,384,false]},"rttpg_author":{"display_name":"V\u00fcsal Rafiqo\u011flu","author_link":"https:\/\/arantv.az\/?author=2"},"rttpg_comment":0,"rttpg_category":"<a href=\"https:\/\/arantv.az\/?cat=7\" rel=\"category\">D\u00fcnya<\/a>","rttpg_excerpt":"R\u0259smi Stokqolm NATO-ya \u00fczv olmaq niyy\u0259tind\u0259 deyil. ARANTV.AZ\u00a0 Trend-\u0259 istinad\u0259n bildirir ki,\u00a0bunu \u0130sve\u00e7in d\u00f6vl\u0259t katibi Karin Vallensten bildirib. Onun s\u00f6zl\u0259rin\u0259 g\u00f6r\u0259, yaranm\u0131\u015f v\u0259ziyy\u0259td\u0259 stabillik h\u0259ddind\u0259n art\u0131q vacibdir. K. Vallenstenin s\u00f6zl\u0259rin\u0259 g\u00f6r\u0259, onun \u00f6lk\u0259si art\u0131q t\u0259hl\u00fck\u0131sizlik siyas\u0259tiyl\u0259 ba\u011fl\u0131 yekdil q\u0259rar q\u0259bul edib. &#8220;\u0130sve\u00e7 NATO-nun t\u0259r\u0259fdar\u0131 olmaq niyy\u0259tind\u0259dir, lakin alyansa daxil olmayacaq&#8221;, &#8211; dey\u0259 d\u00f6vl\u0259t katibi bildirib.","_links":{"self":[{"href":"https:\/\/arantv.az\/index.php?rest_route=\/wp\/v2\/posts\/437918"}],"collection":[{"href":"https:\/\/arantv.az\/index.php?rest_route=\/wp\/v2\/posts"}],"about":[{"href":"https:\/\/arantv.az\/index.php?rest_route=\/wp\/v2\/types\/post"}],"author":[{"embeddable":true,"href":"https:\/\/arantv.az\/index.php?rest_route=\/wp\/v2\/users\/2"}],"replies":[{"embeddable":true,"href":"https:\/\/arantv.az\/index.php?rest_route=%2Fwp%2Fv2%2Fcomments&post=437918"}],"version-history":[{"count":0,"href":"https:\/\/arantv.az\/index.php?rest_route=\/wp\/v2\/posts\/437918\/revisions"}],"wp:featuredmedia":[{"embeddable":true,"href":"https:\/\/arantv.az\/index.php?rest_route=\/wp\/v2\/media\/437919"}],"wp:attachment":[{"href":"https:\/\/arantv.az\/index.php?rest_route=%2Fwp%2Fv2%2Fmedia&parent=437918"}],"wp:term":[{"taxonomy":"category","embeddable":true,"href":"https:\/\/arantv.az\/index.php?rest_route=%2Fwp%2Fv2%2Fcategories&post=437918"},{"taxonomy":"post_tag","embeddable":true,"href":"https:\/\/arantv.az\/index.php?rest_route=%2Fwp%2Fv2%2Ftags&post=437918"}],"curies":[{"name":"wp","href":"https:\/\/api.w.org\/{rel}","templated":true}]}}