{"id":437928,"date":"2022-02-12T08:22:04","date_gmt":"2022-02-12T05:22:04","guid":{"rendered":"http:\/\/arantv.az\/?p=437928"},"modified":"2022-02-12T08:22:04","modified_gmt":"2022-02-12T05:22:04","slug":"ramiz-mehdiyevin-yaylim-at%c9%99sin%c9%99-s%c9%99rt-cavablar-boz-kardinal-c%c9%99tin-durumda","status":"publish","type":"post","link":"https:\/\/arantv.az\/?p=437928","title":{"rendered":"Ramiz Mehdiyevin \u201cyayl\u0131m at\u0259\u015fi\u201dn\u0259 s\u0259rt cavablar &#8211; \u201cBoz kardinal\u201d \u00e7\u0259tin durumda"},"content":{"rendered":"<p><strong>AMEA prezidenti Ramiz Mehdiyevin onu t\u0259nqid ed\u0259nl\u0259r\u0259 \u201cyayl\u0131m at\u0259\u015fi a\u00e7mas\u0131\u201d \u00f6lk\u0259 g\u00fcnd\u0259minin \u0259sas m\u00fczakir\u0259 m\u00f6vzusuna \u00e7evrilib. \u201cBoz kardinal\u201d kim\u0259 g\u0259ldi dil uzad\u0131b, deputatlar\u0131 t\u0259hqir edib, h\u00f6kum\u0259tl\u0259 dialoqa ged\u0259n siyasi partiyalar\u0131 \u201ccib m\u00fcxalif\u0259ti\u201d adland\u0131r\u0131b. Bir s\u00f6zl\u0259, R.Mehdiyev vaxtil\u0259 t\u0259msil olundu\u011fu hakim komanda ba\u015fda olmaqla, h\u0259r k\u0259s\u0259 sava\u015f a\u00e7\u0131b, s\u0259rt mesajlar \u00fcnvanlay\u0131b.<\/strong><\/p>\n<p>O h\u0259m d\u0259 \u00f6z\u00fcn\u00fcn qurulmas\u0131nda yax\u0131ndan i\u015ftirak etdiyi sistemi s\u00f6k\u00fcb-da\u011f\u0131tma\u011fa, z\u0259d\u0259l\u0259m\u0259y\u0259 h\u0259v\u0259sli g\u00f6r\u00fcn\u00fcr. G\u00f6r\u00fcn\u0259n odur ki, \u201cBoz kardinal\u201d dir\u0259nm\u0259y\u0259 davam ed\u0259c\u0259k. Ac\u0131nacaql\u0131 v\u0259 g\u00fclm\u0259li durum da odur ki, R.Mehdiyev \u00f6lk\u0259 m\u00fcxalif\u0259tind\u0259 yer alanlar\u0131 \u201ccib m\u00fcxalif\u0259ti\u201d adland\u0131r\u0131r. Onun bu a\u00e7\u0131qlamalar\u0131 hakimiyy\u0259t komandas\u0131n\u0131n \u00f6z daxilind\u0259, h\u0259m\u00e7inin iqtidara yax\u0131n \u015f\u0259xsl\u0259rd\u0259 daha \u00e7ox etiraz do\u011furub.<\/p>\n<p><img loading=\"lazy\" src=\"https:\/\/storage.googleapis.com\/yenigence-bucket\/2021\/03\/bbb06c2d-ceyhun-memmedov.jpg\" alt=\"C\u0259bray\u0131lda erm\u0259ni kils\u0259si olubmu? - Ceyhun M\u0259mm\u0259dov - Yeni G\u0259nc\u0259\" width=\"743\" height=\"495\" \/><\/p>\n<p><strong>Ceyhun M\u0259mm\u0259dov: \u201cAkademiya r\u0259hb\u0259rliyi \u00f6z siyas\u0259tin\u0259, f\u0259aliyy\u0259tin\u0259 yenid\u0259n baxmal\u0131d\u0131r\u201d<\/strong><\/p>\n<p><strong>YAP-\u00e7\u0131 deputat Ceyhun M\u0259mm\u0259dov \u201cYeni M\u00fcsavat\u201da a\u00e7\u0131qlamas\u0131nda AMEA-n\u0131 \u00f6z siyas\u0259tind\u0259 d\u0259yi\u015fiklikl\u0259r etm\u0259y\u0259 \u00e7a\u011f\u0131rd\u0131:<\/strong>\u00a0\u201cT\u0259\u0259ss\u00fcfl\u0259r olsun ki, son g\u00fcnl\u0259rd\u0259 AMEA \u0259traf\u0131nda \u00e7ox ciddi m\u00fczakir\u0259l\u0259r apar\u0131l\u0131r. Bu g\u00fcn \u0259slind\u0259 daha \u00e7ox m\u00fczakir\u0259 apar\u0131las\u0131 m\u0259s\u0259l\u0259 elmin inki\u015faf\u0131d\u0131r, Qaraba\u011f z\u0259f\u0259rimizd\u0259n sonrak\u0131 tarixl\u0259 ba\u011fl\u0131 m\u00fczakir\u0259l\u0259r apar\u0131lmas\u0131 daha vacibdir. Amma t\u0259\u0259ss\u00fcf edir\u0259m ki, bu g\u00fcn biz m\u00fczakir\u0259l\u0259rin \u0259ks istiqam\u0259td\u0259 getdiyini g\u00f6r\u00fcr\u00fck. Akademiya sistemind\u0259 ciddi b\u00f6hran ya\u015fan\u0131r. Art\u0131q Az\u0259rbaycan\u0131n bir \u00e7ox ziyal\u0131lar\u0131 bu m\u0259s\u0259l\u0259y\u0259 \u00f6z etiraz\u0131n\u0131 bildirib, m\u00f6vqeyini ifad\u0259 edib. T\u0259l\u0259b ondan ibar\u0259tdir ki, akademiyan\u0131n r\u0259hb\u0259rliyi d\u0259yi\u015fdirilm\u0259lidir.<\/p>\n<p>B\u00fct\u00fcn bunlar\u0131n fonunda Milli M\u0259clisin \u00fcnvan\u0131na da a\u011f\u0131r t\u0259nqidl\u0259r var, s\u0259rt ifad\u0259l\u0259r\u0259 yol verilir. Dir\u0259ni\u015fin g\u00f6st\u0259rildiyinin \u015fahidi oluruq. X\u00fcsusil\u0259, Milli M\u0259clisin bir s\u0131ra deputatlar\u0131 haqq\u0131nda xo\u015fag\u0259lm\u0259y\u0259n ifad\u0259l\u0259r i\u015fl\u0259dilir. B\u00fct\u00fcn bunlar yolverilm\u0259zdir. Milli M\u0259clis Az\u0259rbaycan\u0131n qanunverici orqan\u0131d\u0131r. Bu orqan\u0131n f\u0259aliyy\u0259ti d\u00f6vl\u0259t siyas\u0259tin\u0259 \u00f6z t\u00f6hf\u0259sini verir. He\u00e7 kim bu formada bu \u00fcslubdan istifad\u0259 ed\u0259r\u0259k Milli M\u0259clisin \u00fcnvan\u0131na bel\u0259 fikirl\u0259r, t\u0259hdidl\u0259r s\u0259sl\u0259ndirm\u0259m\u0259lidir. Bu Az\u0259rbaycan ziyal\u0131lar\u0131 t\u0259r\u0259find\u0259n d\u0259 xo\u015f qar\u015f\u0131lanm\u0131r. \u00d6lk\u0259 ziyal\u0131lar\u0131n\u0131n ist\u0259yi odur ki, Elml\u0259r Akademiyas\u0131 \u00f6z missiyas\u0131n\u0131 u\u011furla davam etdirsin, Az\u0259rbaycan elminin inki\u015faf\u0131na \u00f6z t\u00f6hf\u0259sini versin. Biz v\u0259ziyy\u0259tin f\u0259rqli m\u0259crada ke\u00e7diyini g\u00f6r\u00fcr\u00fck. H\u0259qiq\u0259t\u0259n d\u0259 xo\u015fa g\u0259lm\u0259y\u0259n istiqam\u0259td\u0259 prosesl\u0259r c\u0259r\u0259yan edir. Bu kimi t\u0259hdidl\u0259r\u0259, x\u0259b\u0259rdarl\u0131qlara son qoyulmal\u0131d\u0131r. Hesab edir\u0259m ki, akademiya r\u0259hb\u0259rliyi \u00f6z siyas\u0259tin\u0259, f\u0259aliyy\u0259tin\u0259 yenid\u0259n baxmal\u0131d\u0131r&#8221;.<\/p>\n<p>\u00d6lk\u0259 m\u00fcxalif\u0259tinin d\u0259 m\u00f6vqeyini ald\u0131q.<\/p>\n<p><img src=\"https:\/\/versus.az\/images\/article\/big\/1570185126_61.jpg\" alt=\"FUAD \u018fL\u0130YEV: Dil\u0259n\u00e7i maa\u015f\u0131 alanlar, dil\u0259n\u00e7i t\u0259qa\u00fcd\u00fcn\u0259 d\u0259 m\u0259hkumdurlar -  Video\" \/><\/p>\n<p><strong>Fuad \u018fliyev: \u201cO ba\u015fa d\u00fc\u015fm\u0259lidir ki, onun d\u00f6vr\u00fc bitib, bununla raz\u0131la\u015fmal\u0131d\u0131r\u201d<\/strong><\/p>\n<p><strong>ALDP r\u0259hb\u0259ri Fuad \u018fliyev b\u0259zi ehtimallar\u0131n\u0131 ir\u0259li s\u00fcrd\u00fc:<\/strong>\u00a0\u201cH\u00f6rm\u0259tli Ramiz Mehdiyev b\u0259zi m\u00fcxalif\u0259t n\u00fcmay\u0259nd\u0259l\u0259ri v\u0259 deputatlar haqq\u0131nda n\u0259 deyibs\u0259, d\u00fcz deyib. Biz bunu dey\u0259nd\u0259 hardasa ehtimal edib deyirdik. Amma Ramiz m\u00fc\u0259llim n\u0259y\u0259s\u0259 \u0259saslan\u0131b deyir. N\u0259y\u0259s\u0259 dey\u0259nd\u0259 ki, \u00f6z\u00fcn\u00fcn, vaxt\u0131 il\u0259 Administrasiya r\u0259hb\u0259ri oldu\u011fu d\u00f6vrd\u0259 t\u0259yin etdiyi deputatlar\u0131, \u201dcib m\u00fcxalif\u0259ti&#8221; dey\u0259nd\u0259 is\u0259 AXCP v\u0259 M\u00fcsavat\u0131 n\u0259z\u0259rd\u0259 tutur. Dig\u0259r partiyalar var ki, onlar h\u0259l\u0259 ki, g\u00f6zl\u0259m\u0259 m\u00f6vqeyind\u0259dirl\u0259r. Ramiz Mehdiyev bunlar\u0131 n\u0259z\u0259rd\u0259 tutub. Bunlara deyir ki, \u201cniy\u0259 m\u0259nim \u00e7\u00f6r\u0259yimi yemisiz, indi m\u0259n\u0259 qar\u015f\u0131 \u00e7\u0131x\u0131rs\u0131z?\u201d. Bir az ke\u00e7\u0259nd\u0259n sonra bu partiyalar ona siyasi d\u0259st\u0259k ver\u0259c\u0259kl\u0259r. Nec\u0259 ki, \u018fli \u0130nsanova verdil\u0259r, indi d\u0259 \u00e7al\u0131\u015f\u0131rlar Eldar H\u0259s\u0259nova b\u0259ra\u0259t qazand\u0131rs\u0131nlar. Ramiz Mehdiyevin yaratd\u0131\u011f\u0131 \u015f\u0259b\u0259k\u0259 h\u0259l\u0259 ki g\u00fccl\u00fcd\u00fcr. H\u00f6kum\u0259td\u0259, parlamentd\u0259 kifay\u0259t q\u0259d\u0259r onun t\u0259yin etdiyi adamlar\u0131 var. Ona g\u00f6r\u0259 d\u0259 o m\u00fcqavim\u0259t g\u00f6st\u0259rir. Amma b\u00fct\u00fcn bunlar bo\u015f seyl\u0259rdir. O ba\u015fa d\u00fc\u015fm\u0259lidir ki, onun d\u00f6vr\u00fc bitib, bununla raz\u0131la\u015fmal\u0131d\u0131r. \u00d6z ist\u0259yiyl\u0259 istefaya getm\u0259lidir. Sivil \u00f6lk\u0259l\u0259rd\u0259 bunun yolu bel\u0259dir. \u0130kinci yol onun d\u00f6vl\u0259t ba\u015f\u00e7\u0131s\u0131n\u0131n f\u0259rman\u0131 il\u0259 v\u0259zif\u0259sind\u0259n k\u0259narla\u015fd\u0131rmaqd\u0131r. Fikrimc\u0259, birincini se\u00e7s\u0259 daha d\u00fczg\u00fcn olar. H\u0259r \u015feyi vaxt\u0131nda etm\u0259k laz\u0131md\u0131r&#8221;.<\/p>\n<p><img src=\"https:\/\/versus.az\/images\/article\/big\/1640937233_855.jpg\" \/><\/p>\n<p><strong>R\u0259\u015fad Bayramov: \u201cBir n\u0259f\u0259rin b\u00fct\u00fcn c\u0259miyy\u0259t\u0259 meydan oxumas\u0131n\u0131n cavabs\u0131z qalmas\u0131&#8230;\u201d<\/strong><\/p>\n<p><strong>AM\u0130P M\u0259rk\u0259zi \u015euras\u0131n\u0131n s\u0259dri R\u0259\u015fad Bayramov tutarl\u0131 arqumentl\u0259rl\u0259 \u201cBoz kardinal\u0131\u201d if\u015fa etdi:<\/strong>\u00a0\u201c\u018fvv\u0259la onu qeyd edim ki, AMEA-n\u0131n m\u0259tbuat xidm\u0259ti ad\u0131ndan yay\u0131lan m\u0259lum b\u0259yanat\u0131n Ramiz Mehdiyevin dikt\u0259si il\u0259 v\u0259 ya \u00f6z\u00fc t\u0259r\u0259find\u0259n yaz\u0131ld\u0131\u011f\u0131 he\u00e7 kimd\u0259 \u015f\u00fcbh\u0259 do\u011furmur. Birincisi ona g\u00f6r\u0259 ki, Ramiz Mehdiyevin r\u0259hb\u0259rlik etdiyi qurumda m\u0259tbuat xidm\u0259tinin onun icaz\u0259si olmadan b\u0259yanatla \u00e7\u0131x\u0131\u015f etm\u0259si m\u00fcmk\u00fcn deyil. \u0130kincisi is\u0259 m\u0259lum b\u0259yanatdan sonra Ramiz Mehdiyev h\u0259min b\u0259yanata m\u00fcnasib\u0259t bildirm\u0259yib v\u0259 onun m\u00f6vqeyini \u0259ks etdirm\u0259m\u0259kl\u0259 ba\u011fl\u0131 h\u0259r hans\u0131 bir fikir s\u0259sl\u0259ndirm\u0259yib. Sual\u0131n\u0131za g\u0259ldikd\u0259 is\u0259 m\u0259lum b\u0259yanatda t\u0259kc\u0259 m\u00fcxalif siyasi partiyalar deyil, parlamentin deputatlar\u0131 da, AMEA-n\u0131n ayr\u0131-ayr\u0131 \u0130nstitut direktorlar\u0131 da, media t\u0259msil\u00e7il\u0259ri d\u0259 h\u0259d\u0259f al\u0131n\u0131r. Amma b\u00fct\u00fcn bunlarla yana\u015f\u0131, b\u0259yanat h\u0259m d\u0259 m\u00f6vcud hakimiyy\u0259ti h\u0259d\u0259f\u0259 al\u0131r. Bel\u0259 ki, \u00f6z f\u0259aliyy\u0259tind\u0259 dialoq yolunu tutmu\u015f siyasi partiyalar\u0131n \u201dcib m\u00fcxalif\u0259ti&#8221; adland\u0131r\u0131lmas\u0131 dolay\u0131s\u0131yla h\u0259m d\u0259 hakimiyy\u0259tin h\u0259yata ke\u00e7irm\u0259k ist\u0259diyi yeni siyasi m\u00fcnasib\u0259tl\u0259r\u0259 balta vurma\u011fa hesablan\u0131b. Dig\u0259r t\u0259r\u0259fd\u0259n \u0259g\u0259r s\u0259n m\u00fcxalif\u0259t\u0259 \u201ccib m\u00fcxalif\u0259ti\u201d dey\u0259r\u0259k ayr\u0131-ayr\u0131 radikal qruplar\u0131n leksikonunda istifad\u0259 etdikl\u0259r ifad\u0259ni t\u0259krarlay\u0131rsansa, o zaman \u0259slind\u0259 kiml\u0259rl\u0259 bir s\u0131rada durdu\u011funu da ortaya qoymu\u015f olursan. \u018fg\u0259r b\u00fct\u00fcn \u00f6mr\u00fcn\u00fc d\u00f6vl\u0259t idar\u0259tm\u0259si sistemind\u0259 ke\u00e7irmi\u015f v\u0259 hal-haz\u0131rda da D\u00f6vl\u0259t T\u0259hl\u00fck\u0259sizlik \u015euras\u0131n\u0131n \u00fczv\u00fc olan bir adam dialoq yolu il\u0259 probleml\u0259rin h\u0259llini daha d\u00fczg\u00fcn yol hesab ed\u0259n partiyalar\u0131 \u201ccib m\u00fcxalif\u0259ti\u201d adland\u0131r\u0131rsa, bu h\u0259min m\u00fcxalif\u0259td\u0259n daha \u00e7ox hakimiyy\u0259tin apard\u0131\u011f\u0131 siyas\u0259t\u0259 qar\u015f\u0131 \u00e7\u0131xmaqd\u0131r v\u0259 Ramiz Mehdiyev d\u0259 bunu kifay\u0259t q\u0259d\u0259r yax\u015f\u0131 bilir.<\/p>\n<p>M\u0259lum b\u0259yanatda Az\u0259rbaycanda parlamentinin t\u0259yinat yolu il\u0259 formala\u015fmas\u0131 il\u0259 ba\u011fl\u0131 da fikirl\u0259r yer al\u0131b. T\u0259bii ki, bu m\u00f6vqe h\u0259r birimizin ill\u0259r \u0259rzind\u0259 s\u0259sl\u0259ndirdiyi m\u00f6vqedir v\u0259 h\u0259qiq\u0259tdir. Amma uzun ill\u0259r \u0259rind\u0259 Prezident Aparat\u0131na r\u0259hb\u0259rlik etmi\u015f v\u0259 se\u00e7kil\u0259rin saxtala\u015fd\u0131r\u0131lmas\u0131na birba\u015fa r\u0259hb\u0259rlik etmi\u015f bir \u015f\u0259xsin indi bu c\u00fcr b\u0259yanatla \u00e7\u0131x\u0131\u015f etm\u0259si \u00f6z\u00fcn\u00fcn qurdu\u011fu sistemi da\u011f\u0131tmaq ist\u0259yind\u0259n daha \u00e7ox hakimiyy\u0259ti \u015fantaj etm\u0259k m\u0259qs\u0259di da\u015f\u0131y\u0131r. El\u0259 b\u0259yanatda yer alm\u0131\u015f v\u0259 Ramiz Mehdiyevi haql\u0131 olaraq t\u0259nqid ed\u0259n insanlara xitab\u0259n \u201c\u015e\u0259r-b\u00f6htan kampaniyas\u0131na davam ed\u0259c\u0259kl\u0259ri t\u0259qdird\u0259 AMEA-n\u0131n kiml\u0259r t\u0259r\u0259find\u0259n bu c\u00fcr ac\u0131nacaql\u0131 v\u0259ziyy\u0259t\u0259 sal\u0131nd\u0131\u011f\u0131 a\u00e7\u0131q \u015f\u0259kild\u0259 qeyd olunacaq\u201d ifad\u0259si \u00f6z\u00fc d\u0259 h\u0259d\u0259l\u0259m\u0259k c\u0259hdidir v\u0259 burada da h\u0259d\u0259f yen\u0259 d\u0259 hakimiyy\u0259tin \u00f6z\u00fcd\u00fcr. Daha konkret des\u0259k, b\u0259yanatdan bel\u0259 \u00e7\u0131x\u0131r ki, bizl\u0259r Ramiz Mehdiyev\u0259 qar\u015f\u0131 iddialar\u0131 sifari\u015fli hesab edirik v\u0259 sifari\u015fin d\u0259 hardan g\u0259ldiyini bilirik. \u018fg\u0259r do\u011furdan da bel\u0259 bir sifari\u015f varsa, dem\u0259k ki, bu hakimiyy\u0259tin \u0259n yuxar\u0131 e\u015falonlar\u0131ndan verilib v\u0259 b\u0259yanatda da konkret h\u0259min \u015f\u0259xs v\u0259 ya \u015f\u0259xsl\u0259r \u015fantaj olunur. D\u00fc\u015f\u00fcn\u00fcr\u0259m ki, hakimiyy\u0259t t\u0259r\u0259find\u0259n h\u0259m m\u0259lum b\u0259yanat, h\u0259m d\u0259 \u00fcmumiyy\u0259tl\u0259 uzun m\u00fcdd\u0259tdir ki, Ramiz Mehdiyevin f\u0259aliyy\u0259ti il\u0259 ba\u011fl\u0131 iddialar ciddi \u015f\u0259kild\u0259 ara\u015fd\u0131r\u0131lmal\u0131 v\u0259 onunla ba\u011fl\u0131 konkret add\u0131mlar at\u0131lmal\u0131d\u0131r. \u00c7\u00fcnki bir n\u0259f\u0259rin b\u00fct\u00fcn c\u0259miyy\u0259t\u0259 meydan oxumas\u0131n\u0131n cavabs\u0131z qalmas\u0131 h\u0259r \u015feyd\u0259n \u00f6nc\u0259 hakimiyy\u0259tin \u00f6z\u00fc \u00fc\u00e7\u00fcn yax\u015f\u0131 he\u00e7 n\u0259 v\u0259d etmir&#8221;.<\/p>\n<p><strong>Sonda qeyd ed\u0259k ki, R.Mehdiyevin \u0259sas h\u0259d\u0259f ald\u0131qlar\u0131 deputatlardan Ana V\u0259t\u0259n Partiyas\u0131n\u0131n s\u0259dri F\u0259zail A\u011famal\u0131 ona cavab verib. Konkret.az-a a\u00e7\u0131qlamas\u0131nda F\u0259zail A\u011famal\u0131 bildirib ki, Ramiz Mehdiyev g\u00fcnahlar\u0131n\u0131 boynuna almaq, deyil\u0259nl\u0259rd\u0259n n\u0259tic\u0259 \u00e7\u0131xarmaq v\u0259 tan\u0131nm\u0131\u015f aliml\u0259r t\u0259r\u0259find\u0259n s\u0259sl\u0259ndiril\u0259n fikirl\u0259r\u0259 uy\u011fun olaraq istefaya getm\u0259k \u0259v\u0259zin\u0259 dir\u0259ni\u015f g\u00f6st\u0259rir:<\/strong>\u00a0\u201cOnun haqq\u0131nda h\u0259qiq\u0259ti s\u00f6yl\u0259y\u0259nl\u0259r\u0259 m\u00fcxt\u0259lif b\u00f6htanlar at\u0131r v\u0259 q\u0259r\u0259zli m\u00f6vqeyini ortaya qoyur. T\u0259bii ki, h\u0259r k\u0259sin \u00f6z\u00fcn\u00fc m\u00fcdafi\u0259 etm\u0259k h\u00fcququ var v\u0259 bu q\u0259bul olunand\u0131r. Lakin AMEA m\u0259tbuat xidm\u0259tinin bu a\u00e7\u0131qlamas\u0131 \u00f6z\u00fcn\u00fcm\u00fcdafi\u0259 deyil, Mehdiyev haqq\u0131nda h\u0259qiq\u0259ti dey\u0259nl\u0259r\u0259 qar\u015f\u0131 olduqca \u0259dal\u0259tsiz v\u0259 q\u0259r\u0259zli m\u00f6vqedir. M\u0259nim se\u00e7icil\u0259riml\u0259 ba\u011fl\u0131 demi\u015f oldu\u011fu fikirl\u0259r tamamil\u0259 yanl\u0131\u015fd\u0131r. M\u0259hz Ramiz Mehdiyevin himay\u0259si alt\u0131nda v\u0259 tap\u015f\u0131r\u0131\u011f\u0131 \u0259sas\u0131nda m\u0259n\u0259 qar\u015f\u0131 ciddi probleml\u0259r yarad\u0131l\u0131rd\u0131. M\u0259nim se\u00e7icil\u0259riml\u0259 g\u00f6r\u00fc\u015f\u00fcm\u00fc s\u00fcni \u015f\u0259kild\u0259 pozma\u011fa \u00e7al\u0131\u015f\u0131rd\u0131lar v\u0259 bu m\u0259qs\u0259dl\u0259 Kamil Mus\u0259vini m\u00fcdafi\u0259 ed\u0259n insanlar t\u0259xribata c\u0259hd g\u00f6st\u0259rirdil\u0259r. Bizim t\u0259mkinli v\u0259 s\u0259birli davran\u0131\u015f\u0131m\u0131z, el\u0259c\u0259 d\u0259 y\u00fcks\u0259k siyasi m\u0259d\u0259niyy\u0259t ortaya qoyma\u011f\u0131m\u0131z n\u0259tic\u0259sind\u0259 onlar\u0131n planlar\u0131 pozuldu. \u018fslind\u0259 orada qar\u015f\u0131durma olmal\u0131 idi. H\u0259tta Kamil Mus\u0259vinin s\u00f6y\u00fc\u015fl\u0259ri d\u0259 o zaman sosial \u015f\u0259b\u0259k\u0259l\u0259rd\u0259 yay\u0131ld\u0131. \u018fslind\u0259 orada cinay\u0259t \u0259m\u0259li var idi v\u0259 buna g\u00f6r\u0259 cinay\u0259t i\u015fi d\u0259 a\u00e7\u0131ld\u0131. Lakin m\u0259n o cinay\u0259t i\u015finin dayand\u0131r\u0131lmas\u0131n\u0131 xahi\u015f etdim. \u00c7\u00fcnki orada radikal m\u00f6vqey\u0259 c\u0259lb edil\u0259nl\u0259rin d\u0259 bizim soyda\u015flar\u0131m\u0131z oldu\u011funu d\u00fc\u015f\u00fcnd\u00fcm v\u0259 xo\u015fag\u0259lm\u0259z v\u0259ziyy\u0259tin yaranmas\u0131n\u0131 ist\u0259m\u0259dim. Se\u00e7ki prosesin\u0259 v\u0259 n\u0259tic\u0259l\u0259rin\u0259 g\u00f6r\u0259 m\u0259nim qalib g\u0259lm\u0259yim m\u00fctl\u0259q idi\u201d.<\/p>\n<p><img src=\"https:\/\/konkret.az\/cloud\/uploads\/2020\/01\/fezail-agamali-768x403.jpg\" alt=\"Sabiq deputat F\u0259zail A\u011famal\u0131 haqq\u0131nda \u015eOK FAKTLAR a\u00e7\u0131qlad\u0131 | KONKRET\" \/><\/p>\n<p><strong>F\u0259zail A\u011famal\u0131\u00a0<\/strong><\/p>\n<p><strong>F\u0259zail A\u011famal\u0131 \u0259lav\u0259 edib ki, deyil\u0259nl\u0259r ham\u0131s\u0131 b\u00f6htan v\u0259 q\u0259r\u0259zlidir:<\/strong>\u00a0\u201cH\u0259r halda m\u0259n AMEA-da \u00e7al\u0131\u015fan insanlar\u0131n ortaya qoymu\u015f oldu\u011fu faktlar \u0259sas\u0131nda fikrimi s\u00f6yl\u0259mi\u015f\u0259m. \u018fsas fikrim \u015f\u0259xs\u0259n tan\u0131d\u0131\u011f\u0131m v\u0259 f\u0259aliyy\u0259tind\u0259 ciddi u\u011furlara imza atan, el\u0259c\u0259 d\u0259 Az\u0259rbaycan tarixin\u0259 t\u00f6hf\u0259l\u0259r ver\u0259n K\u0259rim \u015e\u00fck\u00fcrovla ba\u011fl\u0131 idi. K\u0259rim \u015e\u00fck\u00fcrova qar\u015f\u0131 olan \u0259dal\u0259tsiz m\u00f6vqe m\u0259ni bir v\u0259t\u0259nda\u015f kimi narahat etdi. Ona g\u00f6r\u0259 d\u0259 \u00f6z m\u00f6vqeyimi, fikrimi bildirdim v\u0259 onun yan\u0131nda oldum. Bundan pe\u015fman deyil\u0259m\u201d.<\/p>\n","protected":false},"excerpt":{"rendered":"<p>AMEA prezidenti Ramiz Mehdiyevin onu t\u0259nqid ed\u0259nl\u0259r\u0259 \u201cyayl\u0131m at\u0259\u015fi a\u00e7mas\u0131\u201d \u00f6lk\u0259 g\u00fcnd\u0259minin \u0259sas m\u00fczakir\u0259 m\u00f6vzusuna \u00e7evrilib. \u201cBoz kardinal\u201d kim\u0259 g\u0259ldi dil uzad\u0131b, deputatlar\u0131 t\u0259hqir edib, h\u00f6kum\u0259tl\u0259 dialoqa ged\u0259n siyasi partiyalar\u0131 \u201ccib m\u00fcxalif\u0259ti\u201d adland\u0131r\u0131b. Bir s\u00f6zl\u0259, R.Mehdiyev vaxtil\u0259 t\u0259msil olundu\u011fu hakim komanda ba\u015fda olmaqla, h\u0259r k\u0259s\u0259 sava\u015f a\u00e7\u0131b, s\u0259rt mesajlar \u00fcnvanlay\u0131b. O h\u0259m d\u0259 \u00f6z\u00fcn\u00fcn qurulmas\u0131nda yax\u0131ndan i\u015ftirak etdiyi sistemi s\u00f6k\u00fcb-da\u011f\u0131tma\u011fa, z\u0259d\u0259l\u0259m\u0259y\u0259 h\u0259v\u0259sli g\u00f6r\u00fcn\u00fcr. G\u00f6r\u00fcn\u0259n odur ki, \u201cBoz kardinal\u201d dir\u0259nm\u0259y\u0259 davam ed\u0259c\u0259k. Ac\u0131nacaql\u0131 v\u0259 g\u00fclm\u0259li durum da odur ki, R.Mehdiyev \u00f6lk\u0259 m\u00fcxalif\u0259tind\u0259 yer alanlar\u0131 \u201ccib m\u00fcxalif\u0259ti\u201d adland\u0131r\u0131r. Onun bu a\u00e7\u0131qlamalar\u0131 hakimiyy\u0259t&hellip;<\/p>\n","protected":false},"author":2,"featured_media":437929,"comment_status":"closed","ping_status":"closed","sticky":false,"template":"","format":"standard","meta":{"om_disable_all_campaigns":false,"_monsterinsights_skip_tracking":false,"_monsterinsights_sitenote_active":false,"_monsterinsights_sitenote_note":"","_monsterinsights_sitenote_category":0},"categories":[19],"tags":[],"aioseo_notices":[],"gutentor_comment":0,"rttpg_featured_image_url":{"full":["https:\/\/arantv.az\/wp-content\/uploads\/2022\/02\/21705b2aa9f95a168da777204f1b08dd.jpg",450,300,false],"landscape":["https:\/\/arantv.az\/wp-content\/uploads\/2022\/02\/21705b2aa9f95a168da777204f1b08dd.jpg",450,300,false],"portraits":["https:\/\/arantv.az\/wp-content\/uploads\/2022\/02\/21705b2aa9f95a168da777204f1b08dd.jpg",450,300,false],"thumbnail":["https:\/\/arantv.az\/wp-content\/uploads\/2022\/02\/21705b2aa9f95a168da777204f1b08dd-450x280.jpg",450,280,true],"medium":["https:\/\/arantv.az\/wp-content\/uploads\/2022\/02\/21705b2aa9f95a168da777204f1b08dd.jpg",450,300,false],"large":["https:\/\/arantv.az\/wp-content\/uploads\/2022\/02\/21705b2aa9f95a168da777204f1b08dd.jpg",450,300,false],"1536x1536":["https:\/\/arantv.az\/wp-content\/uploads\/2022\/02\/21705b2aa9f95a168da777204f1b08dd.jpg",450,300,false],"2048x2048":["https:\/\/arantv.az\/wp-content\/uploads\/2022\/02\/21705b2aa9f95a168da777204f1b08dd.jpg",450,300,false],"post-thumbnail":["https:\/\/arantv.az\/wp-content\/uploads\/2022\/02\/21705b2aa9f95a168da777204f1b08dd-240x172.jpg",240,172,true],"advps-thumb-one":["https:\/\/arantv.az\/wp-content\/uploads\/2022\/02\/21705b2aa9f95a168da777204f1b08dd.jpg",450,300,false]},"rttpg_author":{"display_name":"V\u00fcsal Rafiqo\u011flu","author_link":"https:\/\/arantv.az\/?author=2"},"rttpg_comment":0,"rttpg_category":"<a href=\"https:\/\/arantv.az\/?cat=19\" rel=\"category\">G\u00fcnd\u0259m<\/a>","rttpg_excerpt":"AMEA prezidenti Ramiz Mehdiyevin onu t\u0259nqid ed\u0259nl\u0259r\u0259 \u201cyayl\u0131m at\u0259\u015fi a\u00e7mas\u0131\u201d \u00f6lk\u0259 g\u00fcnd\u0259minin \u0259sas m\u00fczakir\u0259 m\u00f6vzusuna \u00e7evrilib. \u201cBoz kardinal\u201d kim\u0259 g\u0259ldi dil uzad\u0131b, deputatlar\u0131 t\u0259hqir edib, h\u00f6kum\u0259tl\u0259 dialoqa ged\u0259n siyasi partiyalar\u0131 \u201ccib m\u00fcxalif\u0259ti\u201d adland\u0131r\u0131b. Bir s\u00f6zl\u0259, R.Mehdiyev vaxtil\u0259 t\u0259msil olundu\u011fu hakim komanda ba\u015fda olmaqla, h\u0259r k\u0259s\u0259 sava\u015f a\u00e7\u0131b, s\u0259rt mesajlar \u00fcnvanlay\u0131b. O h\u0259m d\u0259 \u00f6z\u00fcn\u00fcn qurulmas\u0131nda&hellip;","_links":{"self":[{"href":"https:\/\/arantv.az\/index.php?rest_route=\/wp\/v2\/posts\/437928"}],"collection":[{"href":"https:\/\/arantv.az\/index.php?rest_route=\/wp\/v2\/posts"}],"about":[{"href":"https:\/\/arantv.az\/index.php?rest_route=\/wp\/v2\/types\/post"}],"author":[{"embeddable":true,"href":"https:\/\/arantv.az\/index.php?rest_route=\/wp\/v2\/users\/2"}],"replies":[{"embeddable":true,"href":"https:\/\/arantv.az\/index.php?rest_route=%2Fwp%2Fv2%2Fcomments&post=437928"}],"version-history":[{"count":0,"href":"https:\/\/arantv.az\/index.php?rest_route=\/wp\/v2\/posts\/437928\/revisions"}],"wp:featuredmedia":[{"embeddable":true,"href":"https:\/\/arantv.az\/index.php?rest_route=\/wp\/v2\/media\/437929"}],"wp:attachment":[{"href":"https:\/\/arantv.az\/index.php?rest_route=%2Fwp%2Fv2%2Fmedia&parent=437928"}],"wp:term":[{"taxonomy":"category","embeddable":true,"href":"https:\/\/arantv.az\/index.php?rest_route=%2Fwp%2Fv2%2Fcategories&post=437928"},{"taxonomy":"post_tag","embeddable":true,"href":"https:\/\/arantv.az\/index.php?rest_route=%2Fwp%2Fv2%2Ftags&post=437928"}],"curies":[{"name":"wp","href":"https:\/\/api.w.org\/{rel}","templated":true}]}}