{"id":437931,"date":"2022-02-12T08:22:44","date_gmt":"2022-02-12T05:22:44","guid":{"rendered":"http:\/\/arantv.az\/?p=437931"},"modified":"2022-02-12T08:22:44","modified_gmt":"2022-02-12T05:22:44","slug":"g%c9%99nc%c9%99nin-2-rayonu-l%c9%99gv-olunur-bakini-n%c9%99-gozl%c9%99yir","status":"publish","type":"post","link":"https:\/\/arantv.az\/?p=437931","title":{"rendered":"G\u0259nc\u0259nin 2 rayonu l\u0259\u011fv olunur &#8211; Bak\u0131n\u0131 n\u0259 g\u00f6zl\u0259yir?"},"content":{"rendered":"<h3><strong>Ramil Osmanl\u0131: \u201cBak\u0131n\u0131n Ba\u015f Plan\u0131n\u0131 h\u0259l\u0259 d\u0259 tamamlaya bilmirl\u0259r\u201d<\/strong><\/h3>\n<h3><strong>R\u00f6v\u015f\u0259n A\u011fayev: \u201c\u018fhali say\u0131 50 min n\u0259f\u0259rd\u0259n a\u015fa\u011f\u0131 olan b\u00fct\u00fcn rayonlar l\u0259\u011fv olunmal\u0131d\u0131r\u201d<\/strong><\/h3>\n<p>Art\u0131q x\u0259b\u0259r verdiyimiz kimi, G\u0259nc\u0259 \u015f\u0259h\u0259rinin Nizami v\u0259 K\u0259p\u0259z rayonlar\u0131n\u0131n l\u0259\u011fv edilm\u0259si t\u0259klif olunub. Bu, \u201cG\u0259nc\u0259 \u015f\u0259h\u0259rinin inzibati \u0259razi b\u00f6lg\u00fcs\u00fcnd\u0259 qism\u0259n d\u0259yi\u015fiklik edilm\u0259si haqq\u0131nda\u201d qanun layih\u0259sind\u0259 \u0259ksini tap\u0131b. D\u0259yi\u015fiklikl\u0259 Nizami v\u0259 K\u0259p\u0259z rayonlar\u0131ndak\u0131 inzibati \u0259razi dair\u0259l\u0259ri G\u0259nc\u0259 \u015e\u0259h\u0259r \u0130cra\u00a0 Hakimiyy\u0259tinin tabeliyin\u0259 verilir. Qanun layih\u0259si Milli M\u0259clisin Regional m\u0259s\u0259l\u0259l\u0259r komit\u0259sinin fevral\u0131n 11-d\u0259 ke\u00e7iril\u0259n iclas\u0131nda birinci oxunu\u015fda m\u00fczakir\u0259 edil\u0259r\u0259k plenar iclasa t\u00f6vsiy\u0259 olunub.<\/p>\n<p>Qeyd ed\u0259k ki, son vaxtlar \u0259hali say\u0131 ki\u00e7ik olan rayonlar\u0131n l\u0259\u011fv olunmas\u0131, yaxud \u00f6lk\u0259 \u00fczr\u0259 inzibati b\u00f6lg\u00fcn\u00fcn daha b\u00f6y\u00fck vahidl\u0259rl\u0259 \u0259v\u0259zl\u0259nm\u0259si istiqam\u0259tind\u0259 \u00e7oxsayl\u0131 t\u0259klifl\u0259r s\u0259sl\u0259ndirilir. Bir \u00e7oxlar\u0131 Prezidentin Qaraba\u011f iqtisadi rayonu \u00fczr\u0259 x\u00fcsusi n\u00fcmay\u0259nd\u0259 t\u0259yinat\u0131n\u0131 Az\u0259rbaycanda inzibati \u0259razi b\u00f6lg\u00fcs\u00fc islahat\u0131n\u0131n \u0259lam\u0259ti kimi d\u0259y\u0259rl\u0259ndirirl\u0259r. G\u0259nc\u0259d\u0259 iki rayonun l\u0259\u011fvi d\u0259 bu prosesin t\u0259rkib hiss\u0259si ola bil\u0259rmi? M\u0259lumdur ki, G\u0259nc\u0259 \u00f6lk\u0259nin ikinci b\u00f6y\u00fck \u015f\u0259h\u0259ridir, birinci b\u00f6y\u00fck \u015f\u0259h\u0259r olan Bak\u0131da hans\u0131sa inzibati b\u00f6lg\u00fc d\u0259yi\u015fikliyi m\u00fcmk\u00fcnd\u00fcrm\u00fc?<\/p>\n<p>Xat\u0131rladaq ki, bir m\u00fcdd\u0259t \u0259vv\u0259l Memarlar \u0130ttifaq\u0131n\u0131n s\u0259dri Elbay Qas\u0131mzad\u0259 \u00f6lk\u0259 Prezidenti il\u0259 g\u00f6r\u00fc\u015fd\u0259 Bak\u0131da m\u0259rk\u0259zi rayonun yarad\u0131lmas\u0131 t\u0259\u015f\u0259bb\u00fcs\u00fcn\u00fc qald\u0131r\u0131b. E. Qas\u0131mzad\u0259 qeyd edib ki, paytaxt\u0131n tarixi m\u0259rk\u0259zinin s\u0259rh\u0259dl\u0259ri m\u00fc\u0259yy\u0259nl\u0259\u015fm\u0259yib: \u201cBak\u0131n\u0131n tarixi m\u0259rk\u0259zi var. M\u00fctl\u0259q bunun s\u0259rh\u0259dl\u0259ri m\u00fc\u0259yy\u0259nl\u0259\u015fm\u0259lidir. Bu g\u00fcn Bak\u0131n\u0131n tarixi m\u0259rk\u0259zi d\u00f6rd inzibati rayonun aras\u0131nda b\u00f6l\u00fcn\u00fcb. S\u0259bail, Yasamal, N\u0259simi v\u0259 N\u0259rimanov rayonlar\u0131. N\u0259 q\u0259d\u0259r bunlara m\u0259rk\u0259zd\u0259n r\u0259hb\u0259rlik olunsa da, ayd\u0131n m\u0259s\u0259l\u0259dir ki, d\u00f6rd r\u0259hb\u0259rin, d\u00f6rd komandan\u0131n h\u0259r\u0259sinin bu i\u015f\u0259 bax\u0131\u015f\u0131 m\u00fcxt\u0259lifdir. M\u0259n t\u0259klif edir\u0259m o s\u0259rh\u0259dl\u0259r m\u00fc\u0259yy\u0259nl\u0259\u015fsin v\u0259 Bak\u0131n\u0131n tarixi m\u0259rk\u0259zi \u0259sas\u0131nda x\u00fcsusi \u0259razi vahidi yarans\u0131n. M\u0259rk\u0259zi rayon &#8211; bu t\u0259cr\u00fcb\u0259 ba\u015fqa paytaxtlarda var, Moskvada da var. Bunu ets\u0259k, orada t\u0259tbiq olunan qanunlar, normalar, \u0259lb\u0259tt\u0259, ba\u015fqa yerl\u0259rd\u0259n f\u0259rql\u0259n\u0259c\u0259k. Yeni Yasamalla Bak\u0131n\u0131n tarixi m\u0259rk\u0259zind\u0259 t\u0259l\u0259bl\u0259r eyni ola bilm\u0259z. Bu, t\u0259biidir\u201d.<\/p>\n<p>Prezident \u0130lham \u018fliyev t\u0259\u015f\u0259bb\u00fcs\u00fc d\u0259st\u0259kl\u0259y\u0259r\u0259k icra olunmas\u0131 \u00fc\u00e7\u00fcn h\u00f6kum\u0259t\u0259 tap\u015f\u0131r\u0131q verib. D\u00f6vl\u0259t \u015e\u0259h\u0259rsalma v\u0259 Arxitektura Komit\u0259si r\u0259smil\u0259rinin verdiyi m\u0259lumata \u0259sas\u0259n Bak\u0131 \u015f\u0259h\u0259rinin m\u0259rk\u0259zi rayonunun q\u0259rbd\u0259n N\u0259rimanov prospekti, c\u0259nubdan Neft\u00e7il\u0259r prospekti, sa\u011fda X\u0259qani R\u00fcst\u0259mov, \u015fimalda is\u0259 Bak\u0131xanov k\u00fc\u00e7\u0259l\u0259rini \u0259hat\u0259 ed\u0259n \u0259razid\u0259 yarad\u0131lmas\u0131 v\u0259 bu \u0259razinin daxilind\u0259 x\u00fcsusi m\u00fchafiz\u0259 zonas\u0131 n\u0259z\u0259rd\u0259 tutulur. Bildirilir ki, bu, Bak\u0131 \u015f\u0259h\u0259rinin yeni Ba\u015f Plan\u0131n\u0131n strateji h\u0259d\u0259fl\u0259rind\u0259n biridir. M\u0259rk\u0259zi rayonun x\u00fcsusi m\u00fchafiz\u0259 zonas\u0131 &#8211; \u0130\u00e7\u0259ri\u015f\u0259h\u0259r, onun \u0259hat\u0259 dair\u0259sini, yax\u0131n \u0259trafda yerli v\u0259 \u00f6lk\u0259 \u0259h\u0259miyy\u0259tli tarixi memarl\u0131q v\u0259 m\u0259d\u0259niyy\u0259t abid\u0259l\u0259rinin daha s\u0131x yerl\u0259\u015fdiyi \u0259razini \u0259hat\u0259 edir.<\/p>\n<p>Daha sonra Bak\u0131 \u015e\u0259h\u0259r \u0130cra Hakimiyy\u0259tinin ba\u015f\u00e7\u0131s\u0131 Eldar \u018fzizov Prezident \u0130lham \u018fliyevin Bak\u0131da m\u0259rk\u0259zi rayon yarad\u0131lmas\u0131 bar\u0259d\u0259 g\u00f6st\u0259ri\u015f verdiyini a\u00e7\u0131qlay\u0131b: \u201cBu \u201dM\u0259rk\u0259zi rayon&#8221; yarad\u0131lsa, tarixi binalara x\u00fcsusi xidm\u0259t g\u00f6st\u0259ril\u0259c\u0259k. Bu binalar\u0131n fasadlar\u0131n\u0131 qoruyub saxlamaq, k\u00fc\u00e7\u0259l\u0259ri vahid standartlara g\u0259tirib \u00e7\u0131xarmaq \u00fc\u00e7\u00fcn \u0259lveri\u015fli \u015f\u0259rait yarad\u0131l\u0131r. Bu yax\u0131nlarda art\u0131q q\u0259rar veril\u0259c\u0259k. Paralel olaraq, Bak\u0131n\u0131n m\u0259rk\u0259zind\u0259 abadl\u0131q i\u015fl\u0259ri apar\u0131l\u0131r, n\u0259inki yeni binalar, eyni zamanda XIX \u0259srin sonu, XX \u0259srin \u0259vv\u0259l\u0259rind\u0259 neftin inki\u015faf\u0131 n\u0259tic\u0259sind\u0259 yerli sahibkarlar t\u0259r\u0259find\u0259n in\u015fa edil\u0259n tarixi binalar\u0131n b\u0259rpas\u0131 h\u0259yata ke\u00e7irilir. Bu proses g\u00f6z qaba\u011f\u0131ndad\u0131r. M\u00f6vcud olan bu c\u00fcr probleml\u0259r m\u0259rk\u0259zi rayonun yarad\u0131lmas\u0131 il\u0259 aradan qalxacaq&#8221;.<\/p>\n<p>2020-ci ilin yanvar\u0131nda Prezident D\u00f6vl\u0259t \u015e\u0259h\u0259rsalma v\u0259 Arxitektura Komit\u0259sinin yeni t\u0259yin edilmi\u015f s\u0259dri Anar Quliyevi q\u0259bul ed\u0259rk\u0259n m\u0259rk\u0259zi rayon m\u0259s\u0259l\u0259sini bir daha qald\u0131r\u0131b. Bildirib ki, Bak\u0131n\u0131n m\u0259rk\u0259zi rayonunun yarad\u0131lmas\u0131 il\u0259 ba\u011fl\u0131 Memarlar \u0130ttifaq\u0131n\u0131n s\u0259drinin bir q\u0259d\u0259r \u0259vv\u0259l s\u0259sl\u0259ndirdiyi t\u0259klifi d\u0259st\u0259kl\u0259yir. Amma indiy\u0259d\u0259k bu bar\u0259d\u0259 t\u0259klifl\u0259r verilm\u0259yib. D\u00f6vl\u0259t ba\u015f\u00e7\u0131s\u0131 A.Quliyev\u0259 bu sah\u0259d\u0259 i\u015fl\u0259m\u0259yi tap\u015f\u0131r\u0131b: \u201cBir m\u00fcdd\u0259t bundan \u00f6nc\u0259 ziyal\u0131larla g\u00f6r\u00fc\u015fd\u0259 Memarlar \u0130ttifaq\u0131n\u0131n s\u0259dri t\u0259klif vermi\u015fdi ki, Bak\u0131n\u0131n m\u0259rk\u0259zi rayonu formala\u015fs\u0131n. M\u0259n Bak\u0131 \u015e\u0259h\u0259r \u0130cra Hakimiyy\u0259tin\u0259 m\u00fcvafiq g\u00f6st\u0259ri\u015fl\u0259r vermi\u015f\u0259m. Siz\u0259 d\u0259 tap\u015f\u0131r\u0131ram, Bak\u0131 \u015e\u0259h\u0259r \u0130cra Hakimiyy\u0259ti, Memarlar \u0130ttifaq\u0131 y\u0131\u011f\u0131\u015f\u0131n birlikd\u0259 t\u0259klifl\u0259ri konkretl\u0259\u015fdirin. \u00c7\u00fcnki bunun \u00fcst\u00fcnd\u0259n art\u0131q uzun m\u00fcdd\u0259t ke\u00e7ib, ancaq h\u0259l\u0259 ki, m\u0259n\u0259 he\u00e7 bir t\u0259klif verilm\u0259yib. M\u0259n prinsip etibaril\u0259 bu t\u0259klifi d\u0259st\u0259kl\u0259yir\u0259m. \u00c7\u00fcnki bel\u0259 olan halda m\u0259rk\u0259zi rayonda bu rayona uy\u011fun x\u00fcsusi m\u00fchafiz\u0259 t\u0259dbirl\u0259ri g\u00f6r\u00fcl\u0259 bil\u0259r v\u0259 memarl\u0131q abid\u0259l\u0259rimiz\u0259 diqq\u0259t daha da y\u00fcks\u0259k ola bil\u0259r\u201d.<\/p>\n<p>\u00d6t\u0259n ilin avqustunda E.Qas\u0131mzad\u0259 m\u0259tbuata verdiyi m\u0259lumatda h\u0259min t\u0259klifd\u0259n sonra Prezidentin tap\u015f\u0131r\u0131\u011f\u0131 il\u0259 yeni rayonun s\u0259rh\u0259dl\u0259rinin m\u00fc\u0259yy\u0259nl\u0259\u015fdirildiyini deyib: \u201cO d\u00f6rd rayonun hans\u0131 hiss\u0259sinin m\u0259rk\u0259zi rayonun t\u0259rkibin\u0259 qat\u0131laca\u011f\u0131 m\u00fczakir\u0259 edildi v\u0259 t\u0259klifl\u0259rimizi Prezident Administrasiyas\u0131na \u00e7atd\u0131rd\u0131q. Bu yax\u0131nlarda biz\u0259 yeni rayonun statusu haqq\u0131nda bir s\u0259n\u0259d d\u0259 g\u00f6nd\u0259rildi ki, ekspertl\u0259r olaraq baxaq v\u0259 fikrimizi bildir\u0259k. Onu da edib s\u0259n\u0259di qaytard\u0131q. Haz\u0131rda bu i\u015fl\u0259 \u0259sas m\u0259\u015f\u011ful olan D\u00f6vl\u0259t \u015e\u0259h\u0259rsalma v\u0259 Arxitektura Komit\u0259si il\u0259 Bak\u0131 \u015e\u0259h\u0259r \u0130cra Hakimiyy\u0259tidir. Prezident Administrasiyas\u0131 is\u0259 i\u015f\u0259 r\u0259hb\u0259rlik edir. Amma prosesd\u0259 \u0259sas maraql\u0131 t\u0259r\u0259fl\u0259r h\u0259min iki qurumdur. H\u0259r ikisi m\u0259niml\u0259 daima \u0259laq\u0259d\u0259dir v\u0259 m\u0259n bacard\u0131\u011f\u0131m q\u0259d\u0259r prosesd\u0259 i\u015ftirak edir\u0259m\u201d.<\/p>\n<p>N\u0259hay\u0259t, 2022-ci ilin yanvar\u0131nda APA-ya m\u00fcsahib\u0259sind\u0259 E.Qas\u0131mzad\u0259 Bak\u0131da m\u0259rk\u0259zi rayon yarad\u0131lmas\u0131 prosesinin qar\u015f\u0131s\u0131n\u0131n al\u0131nd\u0131\u011f\u0131n\u0131 deyib: \u201cYad\u0131n\u0131zdad\u0131rsa, c\u0259nab Prezident bu ideyan\u0131 \u00e7ox b\u0259y\u0259ndi, bu m\u00f6vzu il\u0259 ba\u011fl\u0131 yekun \u00e7\u0131x\u0131\u015f\u0131nda fikirl\u0259rini b\u00f6l\u00fc\u015fd\u00fc v\u0259 tap\u015f\u0131r\u0131qlar verdi. Bir ne\u00e7\u0259 g\u00fcnd\u0259n sonra m\u0259n\u0259 z\u0259ng vurdular ki, m\u0259rk\u0259zi rayonun s\u0259rh\u0259dl\u0259rinin m\u00fc\u0259yy\u0259nl\u0259\u015fdirilm\u0259si il\u0259 ba\u011fl\u0131 s\u0259n\u0259d verim, m\u0259n h\u0259min s\u0259n\u0259di verdim. Prezidentimiz bu m\u0259s\u0259l\u0259ni iki d\u0259f\u0259 xat\u0131rlay\u0131b v\u0259 tap\u015f\u0131r\u0131qlar\u0131n\u0131 verib. Lakin pandemiya, m\u00fcharib\u0259 il\u0259 \u0259laq\u0259dar i\u015fl\u0259r dayand\u0131. Bu g\u00fcn deyirl\u0259r ki, birinci n\u00f6vb\u0259d\u0259 Qaraba\u011fd\u0131r, birinci n\u00f6vb\u0259d\u0259 oran\u0131 h\u0259ll ed\u0259k. M\u0259n\u0259 el\u0259 g\u0259lir ki, m\u0259s\u0259l\u0259 t\u0259kc\u0259 bu deyil, burada m\u00fc\u0259yy\u0259n maraqlar var. T\u0259s\u0259vv\u00fcr edin ki, \u0259g\u0259r yeni rayon yarad\u0131larsa, d\u00f6rd rayonun \u0259n qiym\u0259tli, \u0259n baha olan \u0259razil\u0259ri onlardan al\u0131nacaq. M\u0259nc\u0259, burada kifay\u0259t q\u0259d\u0259r g\u00fccl\u00fc m\u00fcqavim\u0259t var. Ancaq onu da bilir\u0259m ki, bir g\u00fcn Prezidentin yen\u0259 yad\u0131na d\u00fc\u015fs\u0259, c\u0259zaland\u0131racaq. M\u00fctl\u0259q c\u0259zaland\u0131racaq\u201d.<\/p>\n<p>Maraql\u0131d\u0131r ki, Memarlar \u0130ttifaq\u0131 Fransa \u015firk\u0259ti il\u0259 birlikd\u0259 G\u0259nc\u0259 \u015f\u0259h\u0259rinin Ba\u015f Plan\u0131 \u00fcz\u0259rind\u0259 i\u015fl\u0259yir. B\u00f6y\u00fck ehtimalla, Nizami v\u0259 K\u0259p\u0259z rayonlar\u0131n\u0131n l\u0259\u011fvi d\u0259 m\u0259hz Ba\u015f Planda t\u0259klif olunan d\u0259yi\u015fiklikl\u0259rd\u0259n biridir.<\/p>\n<p><strong>Do\u011frudanm\u0131, Bak\u0131da m\u0259rk\u0259zi rayonun yarad\u0131lmas\u0131na \u0259razil\u0259ri \u0259ll\u0259rind\u0259n \u00e7\u0131xacaq rayonlar\u0131n r\u0259hb\u0259rliyi mane olur? Onlar\u0131n bel\u0259 imkanlar\u0131 varm\u0131?<\/strong><\/p>\n<p><img src=\"https:\/\/www.gununsesi.info\/wp-content\/uploads\/2017\/11\/ramil-osmanli.jpg\" alt=\"Ramil Osmanl\u0131 Az\u0259rbaycan Qiym\u0259tl\u0259ndiricil\u0259r C\u0259miyy\u0259tinin S\u018fDRL\u0130Y\u0130ND\u018fN  \u0130STEFA VERD\u0130 - G\u00fcn\u00fcn S\u0259si\" \/><\/p>\n<p><strong>\u018fmlak m\u0259s\u0259l\u0259l\u0259ri \u00fczr\u0259 ekspert Ramil Osmanl\u0131 bildirir ki, E.Qas\u0131mzad\u0259nin dedikl\u0259ri kifay\u0259t q\u0259d\u0259r ciddi m\u0259s\u0259l\u0259dir:<\/strong>\u00a0\u201cOla bilsin, kim\u0259s\u0259 qeyri-real g\u0259l\u0259r ki, d\u00f6rd rayonun r\u0259hb\u0259rliyi Prezidentin d\u0259st\u0259kl\u0259diyi t\u0259\u015f\u0259bb\u00fcs\u00fcn icras\u0131na imkan verm\u0259sinl\u0259r. Amma m\u0259n d\u00fc\u015f\u00fcn\u00fcr\u0259m ki, bu, m\u00fcmk\u00fcnd\u00fcr. \u00c7\u00fcnki 4 rayonun icra ba\u015f\u00e7\u0131s\u0131 yaln\u0131z el\u0259 o 4 n\u0259f\u0259rd\u0259n ibar\u0259t deyil. Onlar\u0131n arxas\u0131nda kifay\u0259t q\u0259d\u0259r b\u00f6y\u00fck siyasi-inzibati g\u00fcc dayan\u0131r. Az\u0259rbaycanda icra ba\u015f\u00e7\u0131lar\u0131n\u0131n t\u0259yinat\u0131 zaman\u0131 biz h\u0259mi\u015f\u0259 bunun \u015fahidi olmu\u015fuq. E.Qas\u0131mzad\u0259 kifay\u0259t q\u0259d\u0259r m\u0259lumatl\u0131 adamd\u0131r v\u0259 onun m\u0259hz malik oldu\u011fu informasiyalara dayanaraq bel\u0259 dediyini rahatl\u0131qla s\u00f6yl\u0259m\u0259k olar. Dig\u0259r t\u0259r\u0259fd\u0259n, biz h\u0259tta \u00f6lk\u0259 Prezidentinin s\u0259r\u0259ncam v\u0259 f\u0259rmanlar\u0131n\u0131n icras\u0131n\u0131n maraqlar toqqu\u015fmas\u0131na g\u00f6r\u0259 arxa plana ke\u00e7irilm\u0259sinin d\u0259f\u0259l\u0259rl\u0259 \u015fahidi olmu\u015fuq. V\u0259 Prezidentin b\u00fct\u00fcn prosesl\u0259ri birba\u015fa \u00f6z n\u0259zar\u0259tind\u0259 saxlamas\u0131 m\u00fcmk\u00fcn deyil. Biz d\u0259f\u0259l\u0259rl\u0259 Prezidentin \u00e7\u0131x\u0131\u015flar\u0131nda da \u00f6lk\u0259d\u0259 m\u00fc\u0259yy\u0259n islahatlar\u0131n qar\u015f\u0131s\u0131n\u0131 alan \u015f\u0259xsl\u0259r\u0259 x\u0259b\u0259rdarl\u0131q etdiyini g\u00f6rm\u00fc\u015f\u00fck. Bu bax\u0131mdan, Bak\u0131da m\u0259rk\u0259zi rayonun yarad\u0131lmas\u0131 prosesinin kiml\u0259rs\u0259 t\u0259r\u0259find\u0259n l\u0259ngidilm\u0259si reald\u0131r\u201d.<\/p>\n<p><strong>Ekspert hesab edir ki, Bak\u0131da m\u0259rk\u0259zi rayonun yarad\u0131lmas\u0131 haz\u0131rda k\u0259skin h\u0259yati \u0259h\u0259miyy\u0259t da\u015f\u0131m\u0131r:<\/strong>\u00a0\u201cHesab edir\u0259m ki, indiki \u015f\u0259raitd\u0259 daha k\u0259skin, daha ciddi probleml\u0259r\u0259 s\u0259b\u0259b olacaq m\u0259s\u0259l\u0259l\u0259r var. M\u0259s\u0259l\u0259n, n\u0259inki regionlarda, el\u0259 Bak\u0131n\u0131n \u00f6z\u00fcnd\u0259 \u00fcnvan reyestri il\u0259 ba\u011fl\u0131 b\u00f6y\u00fck probleml\u0259r var. Eyni zamanda da\u015f\u0131nmaz \u0259mlak\u0131n qeydiyyat\u0131 sah\u0259sind\u0259 ciddi \u00e7\u0259tinlikl\u0259r m\u00f6vcuddur. Yol-n\u0259qliyyat infrastrukturunda, x\u00fcsusil\u0259 Bak\u0131da ciddi probleml\u0259r uzun ill\u0259rdir h\u0259llini tapm\u0131r. D\u00fc\u015f\u00fcn\u00fcr\u0259m ki, Bak\u0131da bu problem h\u0259ll olunduqdan, \u015f\u0259h\u0259rsalma prosesi m\u00fc\u0259yy\u0259n m\u0259rh\u0259l\u0259y\u0259 \u00e7atd\u0131qdan sonra m\u0259rk\u0259zi rayonun yarad\u0131lmas\u0131 m\u0259s\u0259l\u0259sin\u0259 qay\u0131da bil\u0259rik. G\u00f6r\u00fcn ne\u00e7\u0259 ill\u0259rdir Bak\u0131n\u0131n yeni Ba\u015f Plan\u0131 haz\u0131rlan\u0131r, h\u0259l\u0259 d\u0259 ortaya bir n\u0259tic\u0259 qoyulmay\u0131b. S\u0259n\u0259d haz\u0131rlanaraq m\u00fczakir\u0259l\u0259rd\u0259n ke\u00e7irilib, Nazirl\u0259r Kabinetin\u0259 t\u0259qdim olunub, indi deyirl\u0259r, bu, biz dey\u0259n s\u0259n\u0259d deyil.<\/p>\n<p>\u00dcmumiyy\u0259tl\u0259, Az\u0259rbaycan\u0131n inzibati \u0259razi b\u00f6lg\u00fcs\u00fc tamamil\u0259 d\u0259yi\u015fm\u0259li, iri vahidl\u0259r yarad\u0131lmal\u0131 v\u0259 onlar\u0131n idar\u0259\u00e7iliyi b\u0259l\u0259diyy\u0259l\u0259r\u0259 h\u0259val\u0259 olunmal\u0131d\u0131r. D\u00fcnyan\u0131n y\u00fcz d\u0259f\u0259l\u0259rl\u0259 s\u0131naqdan \u00e7\u0131xan t\u0259cr\u00fcb\u0259si var v\u0259 biz d\u0259 ondan yararlanmal\u0131y\u0131q&#8221;.<\/p>\n<p><img src=\"https:\/\/toplum.tv\/images\/2021-01\/1610726616_jjjj.jpg\" alt=\"R\u00f6v\u015f\u0259n A\u011fayev: \u201cV\u0259t\u0259nda\u015flar\u0131m\u0131z\u0131n minimum ehtiyaclar\u0131n\u0131 acl\u0131q h\u0259ddiyl\u0259  m\u00fc\u0259yy\u0259nl\u0259\u015fdiririk\u201d\" \/><\/p>\n<p><strong>\u0130qtisad\u00e7\u0131-ekspert R\u00f6v\u015f\u0259n A\u011fayev hesab edir ki, G\u0259nc\u0259d\u0259 iki rayonun l\u0259\u011fvi he\u00e7 d\u0259 u\u011furlu add\u0131m deyil:<\/strong>\u00a0\u201cBu bax\u0131mdan ki, yerli \u00f6z\u00fcn\u00fcidar\u0259 islahatlar\u0131 olsa, G\u0259nc\u0259nin b\u00f6y\u00fck \u015f\u0259h\u0259r statusu qazanmas\u0131 \u00e7\u0259tinl\u0259\u015fir. \u00c7\u00fcnki t\u0259cr\u00fcb\u0259d\u0259 b\u00f6y\u00fck \u015f\u0259h\u0259r statuslu yerli \u00f6z\u00fcn\u00fcidar\u0259 o zaman yaran\u0131r ki, \u0259razi ortaq infrastruktura v\u0259 ehtiyaclara malik m\u00fcxt\u0259lif inzibati vahidl\u0259rd\u0259n t\u0259\u015fkil edilir. H\u00f6kum\u0259tin regionlar\u0131 inzibati \u0259razi vahidin\u0259 \u00e7evirm\u0259y\u0259 niyy\u0259ti yoxdursa, \u0259n az\u0131ndan \u0259halisi 50 min n\u0259f\u0259rd\u0259n az olan ki\u00e7ik rayonlar\u0131 l\u0259\u011fv etm\u0259lidir. M\u0259s\u0259l\u0259n, Nax\u00e7\u0131van Muxtar Respublikas\u0131nda \u015eahbuz, S\u0259d\u0259r\u0259k v\u0259 K\u0259ng\u0259rli rayonlar\u0131n\u0131 \u0259traf rayonlara birl\u0259\u015fdirm\u0259k olar &#8211; bu 3 rayonun birlikd\u0259 \u0259halisi c\u0259mi 74 min n\u0259f\u0259rdir. C\u0259mi 17 min n\u0259f\u0259r \u0259halisi olan X\u0131z\u0131n\u0131, 35 min n\u0259f\u0259r \u0259halisi olan Da\u015fk\u0259s\u0259ni d\u0259 rayon statusunda saxlamaq iqtisadi bax\u0131mdan s\u0259m\u0259r\u0259li deyil. Bundan ba\u015fqa, Bak\u0131da Pirallah\u0131 rayonunun da ayr\u0131ca m\u00f6vcud olmas\u0131na ehtiyac yoxdur\u201d.<\/p>\n","protected":false},"excerpt":{"rendered":"<p>Ramil Osmanl\u0131: \u201cBak\u0131n\u0131n Ba\u015f Plan\u0131n\u0131 h\u0259l\u0259 d\u0259 tamamlaya bilmirl\u0259r\u201d R\u00f6v\u015f\u0259n A\u011fayev: \u201c\u018fhali say\u0131 50 min n\u0259f\u0259rd\u0259n a\u015fa\u011f\u0131 olan b\u00fct\u00fcn rayonlar l\u0259\u011fv olunmal\u0131d\u0131r\u201d Art\u0131q x\u0259b\u0259r verdiyimiz kimi, G\u0259nc\u0259 \u015f\u0259h\u0259rinin Nizami v\u0259 K\u0259p\u0259z rayonlar\u0131n\u0131n l\u0259\u011fv edilm\u0259si t\u0259klif olunub. Bu, \u201cG\u0259nc\u0259 \u015f\u0259h\u0259rinin inzibati \u0259razi b\u00f6lg\u00fcs\u00fcnd\u0259 qism\u0259n d\u0259yi\u015fiklik edilm\u0259si haqq\u0131nda\u201d qanun layih\u0259sind\u0259 \u0259ksini tap\u0131b. D\u0259yi\u015fiklikl\u0259 Nizami v\u0259 K\u0259p\u0259z rayonlar\u0131ndak\u0131 inzibati \u0259razi dair\u0259l\u0259ri G\u0259nc\u0259 \u015e\u0259h\u0259r \u0130cra\u00a0 Hakimiyy\u0259tinin tabeliyin\u0259 verilir. Qanun layih\u0259si Milli M\u0259clisin Regional m\u0259s\u0259l\u0259l\u0259r komit\u0259sinin fevral\u0131n 11-d\u0259 ke\u00e7iril\u0259n iclas\u0131nda birinci oxunu\u015fda m\u00fczakir\u0259 edil\u0259r\u0259k plenar iclasa t\u00f6vsiy\u0259 olunub. Qeyd ed\u0259k ki, son vaxtlar \u0259hali say\u0131&hellip;<\/p>\n","protected":false},"author":2,"featured_media":437932,"comment_status":"closed","ping_status":"closed","sticky":false,"template":"","format":"standard","meta":{"om_disable_all_campaigns":false,"_monsterinsights_skip_tracking":false,"_monsterinsights_sitenote_active":false,"_monsterinsights_sitenote_note":"","_monsterinsights_sitenote_category":0},"categories":[19],"tags":[],"aioseo_notices":[],"gutentor_comment":0,"rttpg_featured_image_url":{"full":["https:\/\/arantv.az\/wp-content\/uploads\/2022\/02\/47ede4b55af97a8ccd13fff0896078a5.jpg",450,300,false],"landscape":["https:\/\/arantv.az\/wp-content\/uploads\/2022\/02\/47ede4b55af97a8ccd13fff0896078a5.jpg",450,300,false],"portraits":["https:\/\/arantv.az\/wp-content\/uploads\/2022\/02\/47ede4b55af97a8ccd13fff0896078a5.jpg",450,300,false],"thumbnail":["https:\/\/arantv.az\/wp-content\/uploads\/2022\/02\/47ede4b55af97a8ccd13fff0896078a5-450x280.jpg",450,280,true],"medium":["https:\/\/arantv.az\/wp-content\/uploads\/2022\/02\/47ede4b55af97a8ccd13fff0896078a5.jpg",450,300,false],"large":["https:\/\/arantv.az\/wp-content\/uploads\/2022\/02\/47ede4b55af97a8ccd13fff0896078a5.jpg",450,300,false],"1536x1536":["https:\/\/arantv.az\/wp-content\/uploads\/2022\/02\/47ede4b55af97a8ccd13fff0896078a5.jpg",450,300,false],"2048x2048":["https:\/\/arantv.az\/wp-content\/uploads\/2022\/02\/47ede4b55af97a8ccd13fff0896078a5.jpg",450,300,false],"post-thumbnail":["https:\/\/arantv.az\/wp-content\/uploads\/2022\/02\/47ede4b55af97a8ccd13fff0896078a5-240x172.jpg",240,172,true],"advps-thumb-one":["https:\/\/arantv.az\/wp-content\/uploads\/2022\/02\/47ede4b55af97a8ccd13fff0896078a5.jpg",450,300,false]},"rttpg_author":{"display_name":"V\u00fcsal Rafiqo\u011flu","author_link":"https:\/\/arantv.az\/?author=2"},"rttpg_comment":0,"rttpg_category":"<a href=\"https:\/\/arantv.az\/?cat=19\" rel=\"category\">G\u00fcnd\u0259m<\/a>","rttpg_excerpt":"Ramil Osmanl\u0131: \u201cBak\u0131n\u0131n Ba\u015f Plan\u0131n\u0131 h\u0259l\u0259 d\u0259 tamamlaya bilmirl\u0259r\u201d R\u00f6v\u015f\u0259n A\u011fayev: \u201c\u018fhali say\u0131 50 min n\u0259f\u0259rd\u0259n a\u015fa\u011f\u0131 olan b\u00fct\u00fcn rayonlar l\u0259\u011fv olunmal\u0131d\u0131r\u201d Art\u0131q x\u0259b\u0259r verdiyimiz kimi, G\u0259nc\u0259 \u015f\u0259h\u0259rinin Nizami v\u0259 K\u0259p\u0259z rayonlar\u0131n\u0131n l\u0259\u011fv edilm\u0259si t\u0259klif olunub. Bu, \u201cG\u0259nc\u0259 \u015f\u0259h\u0259rinin inzibati \u0259razi b\u00f6lg\u00fcs\u00fcnd\u0259 qism\u0259n d\u0259yi\u015fiklik edilm\u0259si haqq\u0131nda\u201d qanun layih\u0259sind\u0259 \u0259ksini tap\u0131b. D\u0259yi\u015fiklikl\u0259 Nizami v\u0259 K\u0259p\u0259z rayonlar\u0131ndak\u0131&hellip;","_links":{"self":[{"href":"https:\/\/arantv.az\/index.php?rest_route=\/wp\/v2\/posts\/437931"}],"collection":[{"href":"https:\/\/arantv.az\/index.php?rest_route=\/wp\/v2\/posts"}],"about":[{"href":"https:\/\/arantv.az\/index.php?rest_route=\/wp\/v2\/types\/post"}],"author":[{"embeddable":true,"href":"https:\/\/arantv.az\/index.php?rest_route=\/wp\/v2\/users\/2"}],"replies":[{"embeddable":true,"href":"https:\/\/arantv.az\/index.php?rest_route=%2Fwp%2Fv2%2Fcomments&post=437931"}],"version-history":[{"count":0,"href":"https:\/\/arantv.az\/index.php?rest_route=\/wp\/v2\/posts\/437931\/revisions"}],"wp:featuredmedia":[{"embeddable":true,"href":"https:\/\/arantv.az\/index.php?rest_route=\/wp\/v2\/media\/437932"}],"wp:attachment":[{"href":"https:\/\/arantv.az\/index.php?rest_route=%2Fwp%2Fv2%2Fmedia&parent=437931"}],"wp:term":[{"taxonomy":"category","embeddable":true,"href":"https:\/\/arantv.az\/index.php?rest_route=%2Fwp%2Fv2%2Fcategories&post=437931"},{"taxonomy":"post_tag","embeddable":true,"href":"https:\/\/arantv.az\/index.php?rest_route=%2Fwp%2Fv2%2Ftags&post=437931"}],"curies":[{"name":"wp","href":"https:\/\/api.w.org\/{rel}","templated":true}]}}