{"id":437934,"date":"2022-02-12T08:23:18","date_gmt":"2022-02-12T05:23:18","guid":{"rendered":"http:\/\/arantv.az\/?p=437934"},"modified":"2022-02-12T08:23:18","modified_gmt":"2022-02-12T05:23:18","slug":"baki-ir%c9%99vanin-yalanlarini-bir-bir-fas-edir-pasinyan-soz-vermisdi-ki","status":"publish","type":"post","link":"https:\/\/arantv.az\/?p=437934","title":{"rendered":"Bak\u0131 \u0130r\u0259van\u0131n yalanlar\u0131n\u0131 bir-bir fa\u015f edir &#8211; Pa\u015finyan s\u00f6z vermi\u015fdi ki&#8230;"},"content":{"rendered":"<h3><strong>Erm\u0259nistan s\u00fclh m\u00fcqavil\u0259sind\u0259n yay\u0131nmaq \u00fc\u00e7\u00fcn h\u0259r \u015fey\u0259 haz\u0131r g\u00f6r\u00fcn\u00fcr; kapitulyant \u00f6lk\u0259 son \u015fans\u0131n\u0131 x\u0259rcl\u0259yir &#8211; Ankaradan x\u0259b\u0259rdarl\u0131q&#8230;<\/strong><\/h3>\n<p><strong>\u201cErm\u0259nistan Az\u0259rbaycanla s\u00fclh m\u00fcqavil\u0259si imzalamaqda maraql\u0131d\u0131r v\u0259 haz\u0131rd\u0131r\u201d. Bunu sra\u011fag\u00fcn \u00f6lk\u0259nin ba\u015f naziri Nikol Pa\u015finyan parlamentd\u0259ki \u00e7\u0131x\u0131\u015f\u0131 zaman\u0131 deyib. \u201cAz\u0259rbaycanla s\u00fclh m\u00fcqavil\u0259si imzalamaq, T\u00fcrkiy\u0259 il\u0259 m\u00fcnasib\u0259tl\u0259ri normalla\u015fd\u0131rmaq h\u0259mi\u015f\u0259 Erm\u0259nistan h\u00f6kum\u0259tl\u0259rinin h\u0259d\u0259fi olub\u201d, &#8211; Pa\u015finyan iddia edib.<\/strong><\/p>\n<p>Y\u0259ni, yen\u0259 quru s\u00f6zl\u0259r. \u00c7\u00fcnki \u201cs\u00fclh, s\u00fclh\u201d dem\u0259kl\u0259 s\u00fclh olmur. Bu y\u00f6nd\u0259 real add\u0131mlar, f\u0259aliyy\u0259t, siyasi irad\u0259, b\u0259z\u0259n h\u0259tta riskli q\u0259rarlar laz\u0131md\u0131r. O da Erm\u0259nistan t\u0259r\u0259fd\u0259n h\u0259l\u0259 ki, g\u00f6z\u0259 d\u0259ymir. \u0130r\u0259van r\u0259smil\u0259rinin 44 g\u00fcnl\u00fck m\u00fcharib\u0259d\u0259n sonrak\u0131 davran\u0131\u015flar\u0131 v\u0259 a\u00e7\u0131qlamalar\u0131\u00a0 daha \u00e7ox s\u00fclh\u00fcn imitasiyas\u0131na y\u00f6n\u0259lib, n\u0259inki iki \u0259n vacib qon\u015fu d\u00f6vl\u0259tl\u0259 &#8211; Az\u0259rbaycan v\u0259 T\u00fcrkiy\u0259 il\u0259 h\u0259qiqi m\u0259nada v\u0259 s\u0259mimi \u015f\u0259kild\u0259 normal qon\u015fuluq \u0259laq\u0259l\u0259ri qurma\u011fa.<\/p>\n<p>Bel\u0259 olmasayd\u0131, Erm\u0259nistan r\u0259hb\u0259rliyi g\u00fcn\u00fc bu g\u00fcn d\u0259 Az\u0259rbaycanla s\u00fclh m\u00fcqavil\u0259sini \u201ch\u0259ll olunmam\u0131\u015f Da\u011fl\u0131q Qaraba\u011f konflikti\u201dn\u0259 apar\u0131b ba\u011flamazd\u0131. S\u0259rh\u0259dl\u0259rin delimitasiyas\u0131 v\u0259 demarkasiyasi il\u0259 ba\u011fl\u0131 oyunbazl\u0131q edib vaxt\u0131 uzatma\u011fa \u00e7al\u0131\u015fmazd\u0131, ikit\u0259r\u0259fli ortaq komissiyan\u0131n yarad\u0131lmas\u0131n\u0131 m\u00fcxt\u0259lif b\u0259han\u0259 v\u0259 \u015f\u0259rtl\u0259rl\u0259 l\u0259ngitm\u0259zdi.<\/p>\n<p>Yeri g\u0259lmi\u015fk\u0259n, bu m\u0259qs\u0259dl\u0259 r\u0259smi \u0130r\u0259van indi d\u0259 26 noyabr So\u00e7i anla\u015fmas\u0131n\u0131 \u00f6z bildiyi kimi yozma\u011fa ba\u015flay\u0131b. Guya s\u0259n\u0259dd\u0259 komissiya yarad\u0131lmazdan \u00f6nc\u0259 qo\u015funlar\u0131n s\u0259rh\u0259d boyu \u201cg\u00fczg\u00fc prinsipi\u201d \u00fczr\u0259 geri \u00e7\u0259kilm\u0259sini n\u0259z\u0259rd\u0259 tutan ideya \u0259ksini tap\u0131b ki, bu da qar\u015f\u0131l\u0131ql\u0131 etimad v\u0259 t\u0259hl\u00fck\u0259sizliyin yarad\u0131lmas\u0131na xidm\u0259t el\u0259m\u0259lidir. \u00dc\u00e7t\u0259r\u0259fli So\u00e7i b\u0259yanat\u0131nda is\u0259 etimad v\u0259 qar\u015f\u0131l\u0131ql\u0131 t\u0259hl\u00fck\u0259sizlik m\u0259s\u0259l\u0259l\u0259ri haqda dan\u0131\u015f\u0131lsa da, \u201cg\u00fczg\u00fc prinsipi\u201d haqda t\u0259bii ki, he\u00e7 n\u0259 deyilmir.<\/p>\n<p><img src=\"https:\/\/sozcu.az\/wp-content\/uploads\/2021\/10\/erm.jpg\" alt=\"R\u0259smi \u0130r\u0259van t\u0259sdiql\u0259di: Pa\u015finyan So\u00e7iy\u0259 gedir - Sozcu.az\" \/><\/p>\n<p><strong>\u0130ndi \u0259g\u0259r r\u0259smi \u0130r\u0259van burdan-bura ham\u0131ya m\u0259lum olan s\u0259n\u0259din m\u0259zmununu t\u0259hrif edirs\u0259, kim z\u0259man\u0259t ver\u0259 bil\u0259r ki, n\u0259 vaxtsa imzalayaca\u011f\u0131 s\u00fclh m\u00fcqavil\u0259sini \u00f6z bildiyi kimi t\u0259fti\u015f el\u0259m\u0259y\u0259c\u0259k?<\/strong><\/p>\n<p>*****<\/p>\n<p>Yada salaq ki, bu g\u00fcnl\u0259rd\u0259 Az\u0259rbaycan\u0131n xarici i\u015fl\u0259r naziri Ceyhun Bayramov Erm\u0259nistan\u0131n \u201cg\u00fczg\u00fc prinsipi\u201d t\u0259klifini Bak\u0131n\u0131n r\u0259dd etdiyini b\u0259yan edib. Erm\u0259ni t\u0259r\u0259fin\u0259 xat\u0131rlad\u0131b ki, delimitasiya v\u0259 demarkasiya beyn\u0259lxalq s\u0259viyy\u0259d\u0259 oturu\u015fmu\u015f, \u015f\u0259rtl\u0259ri \u00e7oxdan b\u0259lli olan v\u0259 ham\u0131 t\u0259r\u0259find\u0259n q\u0259bul edil\u0259n anlay\u0131\u015flard\u0131r v\u0259 hans\u0131sa \u201ckreativ yana\u015fmalara\u201d, y\u0259ni velosipedi t\u0259z\u0259d\u0259n k\u0259\u015ff el\u0259m\u0259y\u0259 ehtiyac yoxdur. Ba\u015fqa s\u00f6zl\u0259, proses\u0259 ba\u015flamaq \u00fc\u00e7\u00fcn t\u0259r\u0259fl\u0259r \u00f6nc\u0259 bir-birl\u0259rinin \u0259razi b\u00fct\u00f6vl\u00fckl\u0259rini tan\u0131d\u0131qlar\u0131na dair qar\u015f\u0131l\u0131ql\u0131 diplomatik notalar t\u0259qdim etm\u0259lidir, ard\u0131nca is\u0259 ortaq komissiya yarad\u0131l\u0131r. Nec\u0259 ki, dig\u0259r qon\u015fu \u00f6lk\u0259l\u0259rl\u0259, o s\u0131rada G\u00fcrc\u00fcstan v\u0259 Rusiya il\u0259 eyni prosederlar h\u0259yata ke\u00e7irilib. Erm\u0259nistan da istisna olmayacaq.<\/p>\n<p><em>Sitat: \u201cBeyn\u0259lxalq s\u0259viyy\u0259d\u0259 q\u0259bul edilmi\u015f s\u0259rh\u0259dl\u0259r tan\u0131nmal\u0131d\u0131r. Komissiyan\u0131n i\u015fin\u0259 ba\u015flan\u0131lmal\u0131d\u0131r. 30 il \u0259rzind\u0259 dig\u0259r qon\u015fu \u00f6lk\u0259nin torpaqlar\u0131n\u0131n 20 faiz\u0259 yax\u0131n bir hiss\u0259sini i\u015f\u011fal alt\u0131nda saxlayan, b\u00fct\u00fcn beyn\u0259lxalq h\u00fcquq norma v\u0259 prinsipl\u0259rini pozan bir d\u00f6vl\u0259tin art\u0131q i\u015f\u011fal fakt\u0131na son qoyulandan sonra bu prosesin m\u00fc\u0259yy\u0259nl\u0259\u015fdirilm\u0259si \u00fc\u00e7\u00fcn hans\u0131sa ilkin \u015f\u0259rtl\u0259r ir\u0259li s\u00fcrm\u0259sin\u0259 hesab edirik ki, n\u0259 siyasi, n\u0259 h\u00fcquqi, n\u0259 d\u0259 m\u0259n\u0259vi haqq\u0131 var. Erm\u0259nistan d\u00f6vl\u0259ti bunu n\u0259 q\u0259d\u0259r tez anlayarsa, hesab edirik ki, proses bir o q\u0259d\u0259r tez ba\u015flaya bil\u0259r\u201d.<\/em><\/p>\n<p>*****<\/p>\n<p>Bu arada r\u0259smi Bak\u0131 Erm\u0259nistan r\u0259hb\u0259rliyinin daha bir yalan\u0131n\u0131 \u00e7\u0131xar\u0131b. S\u00f6hb\u0259t 1-ci Qaraba\u011f m\u00fcharib\u0259si zaman\u0131 itkin d\u00fc\u015f\u0259n 4 min\u0259 yax\u0131n v\u0259t\u0259nda\u015f\u0131m\u0131z\u0131n taleyi il\u0259 ba\u011fl\u0131d\u0131r. M\u0259lum oldu\u011fu kimi, Erm\u0259nistan X\u0130N-i \u00f6z\u00fcn\u00fcn yayd\u0131\u011f\u0131 b\u0259yanatda \u0130r\u0259van\u0131n bu x\u00fcsusda \u00f6z \u00fcz\u0259rin\u0259 he\u00e7 bir \u00f6hd\u0259lik g\u00f6t\u00fcrm\u0259dyini b\u0259yan edib. Ger\u00e7\u0259k is\u0259 yen\u0259 ba\u015fqad\u0131r. \u00c7\u00fcnki: \u201cFransa v\u0259 Avropa \u0130ttifaq\u0131 \u015euras\u0131 prezidentl\u0259rinin i\u015ftirak\u0131 il\u0259 ke\u00e7iril\u0259n g\u00f6r\u00fc\u015fd\u0259 Erm\u0259nistan\u0131n ba\u015f naziri humanitar m\u0259s\u0259l\u0259l\u0259rd\u0259 \u0259m\u0259kda\u015fl\u0131q etm\u0259y\u0259 v\u0259d verib\u201d.<\/p>\n<p><img loading=\"lazy\" src=\"https:\/\/cdnn1.img.sputnik.az\/img\/07e5\/03\/11\/426491539_0:0:3071:1728_1920x0_80_0_0_db228642e3e8ad1a47952da92274f40b.jpg\" alt=\"Ceyhun Bayramov A\u0130 r\u0259smisi il\u0259 Qaraba\u011fa maliyy\u0259 c\u0259lb olunmas\u0131n\u0131 m\u00fczakir\u0259  edib - 18.11.2021, Sputnik Az\u0259rbaycan\" width=\"755\" height=\"425\" \/><\/p>\n<p><strong>Ceyhun Bayramov\u00a0<\/strong><\/p>\n<p><strong>Bunu nazir Ceyhun Bayramov sra\u011fag\u00fcn jurnalistl\u0259r\u0259 a\u00e7\u0131qlamas\u0131nda deyib. Onun s\u00f6zl\u0259rin\u0259 g\u00f6r\u0259, fevral\u0131n 4-d\u0259 Az\u0259rbaycan Prezidenti \u0130lham \u018fliyev, Fransa Prezidenti Emmanuel Makron, Avropa \u0130ttifaq\u0131 \u015euras\u0131n\u0131n Prezidenti \u015earl Mi\u015fel v\u0259 Erm\u0259nistan\u0131n ba\u015f naziri Nikol Pa\u015finyanla videokonfrans format\u0131nda d\u00f6rdt\u0259r\u0259fli g\u00f6r\u00fc\u015fd\u0259 bu m\u0259s\u0259l\u0259l\u0259r m\u00fczakir\u0259 olunub:<\/strong>\u00a0\u201cM\u00fczakir\u0259l\u0259r \u0259sas\u0259n humanitar m\u00f6vzularla ba\u011fl\u0131 idi. Az\u0259rbaycan Prezidenti bu platformadan da istifad\u0259 ed\u0259r\u0259k 1-ci Qaraba\u011f m\u00fcharib\u0259sind\u0259n indiy\u0259d\u0259k 3890 n\u0259f\u0259r \u015f\u0259xs bar\u0259d\u0259 he\u00e7 bir m\u0259lumat\u0131n olmamas\u0131, Erm\u0259nistan\u0131n bu istiqam\u0259td\u0259 dem\u0259k olar ki, \u0259m\u0259kda\u015fl\u0131q etm\u0259m\u0259si, beyn\u0259lxalq h\u00fcquq normalar\u0131n\u0131, humanizm prinsipl\u0259rini tamamil\u0259 tapdalamas\u0131, bu bar\u0259d\u0259 m\u0259lumatlar\u0131 gizl\u0259tm\u0259si m\u0259s\u0259l\u0259sini qald\u0131r\u0131b. Bu, \u00fcmumilikd\u0259 m\u00fcsb\u0259t inki\u015faf kimi qeyd edil\u0259 bil\u0259r. T\u0259\u0259cc\u00fcbl\u00fcd\u00fcr ki, bir ne\u00e7\u0259 g\u00fcn sonra Erm\u0259nistan Xarici \u0130\u015fl\u0259r Nazirliyi \u00e7ox t\u0259zadl\u0131, suallar do\u011furan v\u0259 he\u00e7 bir m\u0259ntiq\u0259, humanizm\u0259 s\u0131\u011fmayan, beyn\u0259lxalq h\u00fcquqa uy\u011fun olmayan formada a\u00e7\u0131qlama yay\u0131b. Erm\u0259nistan X\u0130N bu istiqam\u0259td\u0259 hans\u0131sa \u00f6hd\u0259likl\u0259rin g\u00f6t\u00fcr\u00fclm\u0259sini inkar edib. Buna hans\u0131sa izahat verm\u0259k \u00e7\u0259tindir\u201d.<\/p>\n<p>*****<\/p>\n<p><strong>Bax, biz bel\u0259 nataraz, yalan\u00e7\u0131, qeyri-ciddi v\u0259 ham\u0131n\u0131n h\u00fczurunda verdiyi v\u0259di danan bir t\u0259r\u0259fl\u0259 \u00fczb\u0259sur\u0259tik, onunla s\u00fclh m\u00fcqavil\u0259si imzalamal\u0131y\u0131q. Amma Erm\u0259nistan r\u0259hb\u0259rliyi yax\u015f\u0131 olar ki, t\u0259l\u0259ssin v\u0259 ba\u015f\u0131ndan b\u00fct\u00fcn axmaq fikirl\u0259ri, revan\u015fist xarakterli ideyalar\u0131 v\u0259 planlar\u0131 bird\u0259f\u0259lik ats\u0131n. \u00c7\u00fcnki \u201cD\u0259mir yumruq\u201d he\u00e7 yer\u0259 getm\u0259yib. Yeni komando q\u00fcvv\u0259l\u0259ri, \u015eu\u015fa B\u0259yannam\u0259si d\u0259 \u00f6z yerind\u0259.<\/strong><\/p>\n<p>\u201cBiz Az\u0259rbaycanla bir mill\u0259t iki d\u00f6vl\u0259tik. Zaman\u0131 g\u0259l\u0259nd\u0259 \u00f6z\u00fcm\u00fcz\u00fc vahid d\u00f6vl\u0259t kimi d\u0259 apara bil\u0259rik. Bu hissl\u0259rl\u0259 d\u0259 Qaraba\u011fda q\u0259l\u0259b\u0259 qazan\u0131ld\u0131. \u015eu\u015fa B\u0259yannam\u0259si say\u0259sind\u0259 \u00f6lk\u0259l\u0259rimiz aras\u0131nda m\u00fcnasib\u0259tl\u0259rin s\u0259viyy\u0259si strateji \u0259m\u0259kda\u015fl\u0131\u011f\u0131n keyfiyy\u0259tc\u0259 yeni s\u0259viyy\u0259sin\u0259 y\u00fcks\u0259ldi\u201d.<\/p>\n<p><img src=\"https:\/\/cdn.oxu.az\/uploads\/W1siZiIsIjIwMjAvMTAvMDMvMDEvMDgvMDEvNTBlZWIyZDAtNWMxYi00NWQ2LTk3ZmYtMTBhNDZkMTVkM2U5L3RzYXZvdXNvZ2xvdS0zLmpwZyJdLFsicCIsImVuY29kZSIsImpwZyIsIi1xdWFsaXR5IDgwIl0sWyJwIiwidGh1bWIiLCI2MjB4NDY1XHUwMDNlIl1d?sha=11b59c4309c7b200\" alt=\"Oxu.az - M\u00f6vlud \u00c7avu\u015fo\u011flu: \u201cAz\u0259rbaycana d\u0259st\u0259yimiz he\u00e7 kimi  t\u0259\u0259cc\u00fcbl\u0259ndirm\u0259sin\u201d - FOTO\" \/><\/p>\n<p><strong>\u00a0M\u00f6vlud \u00c7avu\u015fo\u011flu<\/strong><\/p>\n<p><strong>Bu s\u00f6zl\u0259ri d\u00fcn\u0259n T\u00fcrkiy\u0259nin xarici i\u015fl\u0259r naziri M\u00f6vlud \u00c7avu\u015fo\u011flu TRT Haber telekanal\u0131na m\u00fcsahib\u0259sind\u0259 deyib.<\/strong><\/p>\n<p>\u201cBiz Az\u0259rbaycanla bir-birimizi qoruma\u011fa davam ed\u0259c\u0259yik. T\u00fcrkiy\u0259 v\u0259 Az\u0259rbaycan\u0131n g\u0259l\u0259c\u0259yi v\u0259 taleyi bir-biri il\u0259 s\u0131x ba\u011fl\u0131d\u0131r\u201d, &#8211; nazir vur\u011fulay\u0131b v\u0259 onu da qeyd edib ki, uzunm\u00fcdd\u0259tli Qaraba\u011f m\u00fcnaqi\u015f\u0259sin\u0259 son qoyan 44 g\u00fcnl\u00fck m\u00fcharib\u0259d\u0259n sonra C\u0259nubi Qafqaz daimi s\u00fclh v\u0259 sabitliy\u0259 yol a\u00e7araq yeni reall\u0131qlarla \u00fczl\u0259\u015fib. \u201cOdur ki, Erm\u0259nistan \u015fansdan istifad\u0259 etm\u0259li v\u0259 m\u00f6vqel\u0259rin\u0259 yenid\u0259n baxmal\u0131d\u0131r. Biz sad\u0259l\u00f6vh deyilik. Eyni zamanda biz q\u0259ti add\u0131mlar\u0131n at\u0131lmas\u0131n\u0131n vacibliyini d\u0259rk edirik\u201d, &#8211; dey\u0259 T\u00fcrkiy\u0259 ba\u015f diplomat\u0131 \u0130r\u0259vana ayd\u0131n mesaj \u00fcnvanlay\u0131b.<\/p>\n<p>Bunu son x\u0259b\u0259rdarl\u0131q da adland\u0131rmaq olar. \u0130r\u0259van art\u0131q \u00f6z \u015fans\u0131n\u0131 x\u0259rcl\u0259yir&#8230;<\/p>\n","protected":false},"excerpt":{"rendered":"<p>Erm\u0259nistan s\u00fclh m\u00fcqavil\u0259sind\u0259n yay\u0131nmaq \u00fc\u00e7\u00fcn h\u0259r \u015fey\u0259 haz\u0131r g\u00f6r\u00fcn\u00fcr; kapitulyant \u00f6lk\u0259 son \u015fans\u0131n\u0131 x\u0259rcl\u0259yir &#8211; Ankaradan x\u0259b\u0259rdarl\u0131q&#8230; \u201cErm\u0259nistan Az\u0259rbaycanla s\u00fclh m\u00fcqavil\u0259si imzalamaqda maraql\u0131d\u0131r v\u0259 haz\u0131rd\u0131r\u201d. Bunu sra\u011fag\u00fcn \u00f6lk\u0259nin ba\u015f naziri Nikol Pa\u015finyan parlamentd\u0259ki \u00e7\u0131x\u0131\u015f\u0131 zaman\u0131 deyib. \u201cAz\u0259rbaycanla s\u00fclh m\u00fcqavil\u0259si imzalamaq, T\u00fcrkiy\u0259 il\u0259 m\u00fcnasib\u0259tl\u0259ri normalla\u015fd\u0131rmaq h\u0259mi\u015f\u0259 Erm\u0259nistan h\u00f6kum\u0259tl\u0259rinin h\u0259d\u0259fi olub\u201d, &#8211; Pa\u015finyan iddia edib. Y\u0259ni, yen\u0259 quru s\u00f6zl\u0259r. \u00c7\u00fcnki \u201cs\u00fclh, s\u00fclh\u201d dem\u0259kl\u0259 s\u00fclh olmur. Bu y\u00f6nd\u0259 real add\u0131mlar, f\u0259aliyy\u0259t, siyasi irad\u0259, b\u0259z\u0259n h\u0259tta riskli q\u0259rarlar laz\u0131md\u0131r. O da Erm\u0259nistan t\u0259r\u0259fd\u0259n h\u0259l\u0259 ki, g\u00f6z\u0259 d\u0259ymir. \u0130r\u0259van r\u0259smil\u0259rinin 44 g\u00fcnl\u00fck m\u00fcharib\u0259d\u0259n sonrak\u0131 davran\u0131\u015flar\u0131&hellip;<\/p>\n","protected":false},"author":2,"featured_media":437935,"comment_status":"closed","ping_status":"closed","sticky":false,"template":"","format":"standard","meta":{"om_disable_all_campaigns":false,"_monsterinsights_skip_tracking":false,"_monsterinsights_sitenote_active":false,"_monsterinsights_sitenote_note":"","_monsterinsights_sitenote_category":0},"categories":[4],"tags":[],"aioseo_notices":[],"gutentor_comment":0,"rttpg_featured_image_url":{"full":["https:\/\/arantv.az\/wp-content\/uploads\/2022\/02\/57e8db49b82f7acb01223c54b3794431.jpg",450,300,false],"landscape":["https:\/\/arantv.az\/wp-content\/uploads\/2022\/02\/57e8db49b82f7acb01223c54b3794431.jpg",450,300,false],"portraits":["https:\/\/arantv.az\/wp-content\/uploads\/2022\/02\/57e8db49b82f7acb01223c54b3794431.jpg",450,300,false],"thumbnail":["https:\/\/arantv.az\/wp-content\/uploads\/2022\/02\/57e8db49b82f7acb01223c54b3794431-450x280.jpg",450,280,true],"medium":["https:\/\/arantv.az\/wp-content\/uploads\/2022\/02\/57e8db49b82f7acb01223c54b3794431.jpg",450,300,false],"large":["https:\/\/arantv.az\/wp-content\/uploads\/2022\/02\/57e8db49b82f7acb01223c54b3794431.jpg",450,300,false],"1536x1536":["https:\/\/arantv.az\/wp-content\/uploads\/2022\/02\/57e8db49b82f7acb01223c54b3794431.jpg",450,300,false],"2048x2048":["https:\/\/arantv.az\/wp-content\/uploads\/2022\/02\/57e8db49b82f7acb01223c54b3794431.jpg",450,300,false],"post-thumbnail":["https:\/\/arantv.az\/wp-content\/uploads\/2022\/02\/57e8db49b82f7acb01223c54b3794431-240x172.jpg",240,172,true],"advps-thumb-one":["https:\/\/arantv.az\/wp-content\/uploads\/2022\/02\/57e8db49b82f7acb01223c54b3794431.jpg",450,300,false]},"rttpg_author":{"display_name":"V\u00fcsal Rafiqo\u011flu","author_link":"https:\/\/arantv.az\/?author=2"},"rttpg_comment":0,"rttpg_category":"<a href=\"https:\/\/arantv.az\/?cat=4\" rel=\"category\">Siyas\u0259t<\/a>","rttpg_excerpt":"Erm\u0259nistan s\u00fclh m\u00fcqavil\u0259sind\u0259n yay\u0131nmaq \u00fc\u00e7\u00fcn h\u0259r \u015fey\u0259 haz\u0131r g\u00f6r\u00fcn\u00fcr; kapitulyant \u00f6lk\u0259 son \u015fans\u0131n\u0131 x\u0259rcl\u0259yir &#8211; Ankaradan x\u0259b\u0259rdarl\u0131q&#8230; \u201cErm\u0259nistan Az\u0259rbaycanla s\u00fclh m\u00fcqavil\u0259si imzalamaqda maraql\u0131d\u0131r v\u0259 haz\u0131rd\u0131r\u201d. Bunu sra\u011fag\u00fcn \u00f6lk\u0259nin ba\u015f naziri Nikol Pa\u015finyan parlamentd\u0259ki \u00e7\u0131x\u0131\u015f\u0131 zaman\u0131 deyib. \u201cAz\u0259rbaycanla s\u00fclh m\u00fcqavil\u0259si imzalamaq, T\u00fcrkiy\u0259 il\u0259 m\u00fcnasib\u0259tl\u0259ri normalla\u015fd\u0131rmaq h\u0259mi\u015f\u0259 Erm\u0259nistan h\u00f6kum\u0259tl\u0259rinin h\u0259d\u0259fi olub\u201d, &#8211; Pa\u015finyan iddia edib. Y\u0259ni, yen\u0259&hellip;","_links":{"self":[{"href":"https:\/\/arantv.az\/index.php?rest_route=\/wp\/v2\/posts\/437934"}],"collection":[{"href":"https:\/\/arantv.az\/index.php?rest_route=\/wp\/v2\/posts"}],"about":[{"href":"https:\/\/arantv.az\/index.php?rest_route=\/wp\/v2\/types\/post"}],"author":[{"embeddable":true,"href":"https:\/\/arantv.az\/index.php?rest_route=\/wp\/v2\/users\/2"}],"replies":[{"embeddable":true,"href":"https:\/\/arantv.az\/index.php?rest_route=%2Fwp%2Fv2%2Fcomments&post=437934"}],"version-history":[{"count":0,"href":"https:\/\/arantv.az\/index.php?rest_route=\/wp\/v2\/posts\/437934\/revisions"}],"wp:featuredmedia":[{"embeddable":true,"href":"https:\/\/arantv.az\/index.php?rest_route=\/wp\/v2\/media\/437935"}],"wp:attachment":[{"href":"https:\/\/arantv.az\/index.php?rest_route=%2Fwp%2Fv2%2Fmedia&parent=437934"}],"wp:term":[{"taxonomy":"category","embeddable":true,"href":"https:\/\/arantv.az\/index.php?rest_route=%2Fwp%2Fv2%2Fcategories&post=437934"},{"taxonomy":"post_tag","embeddable":true,"href":"https:\/\/arantv.az\/index.php?rest_route=%2Fwp%2Fv2%2Ftags&post=437934"}],"curies":[{"name":"wp","href":"https:\/\/api.w.org\/{rel}","templated":true}]}}