{"id":437940,"date":"2022-02-12T08:24:38","date_gmt":"2022-02-12T05:24:38","guid":{"rendered":"http:\/\/arantv.az\/?p=437940"},"modified":"2022-02-12T08:24:38","modified_gmt":"2022-02-12T05:24:38","slug":"sevgilil%c9%99r-gunu-az%c9%99rbaycanda-olsun-olmasin-2-diametral-f%c9%99rqli-r%c9%99y","status":"publish","type":"post","link":"https:\/\/arantv.az\/?p=437940","title":{"rendered":"\u201cSevgilil\u0259r g\u00fcn\u00fc\u201d: Az\u0259rbaycanda olsun, olmas\u0131n&#8230; -2 diametral f\u0259rqli r\u0259y"},"content":{"rendered":"<h3><strong>Ayd\u0131n Xan \u018fbilov: \u201c\u201cSevgilil\u0259r g\u00fcn\u00fc\u201d il\u0259 ba\u011fl\u0131 bel\u0259 fikirl\u0259ri b\u00f6l\u00fc\u015fm\u00fcr\u0259m, ona g\u00f6r\u0259 ki&#8230;\u201d<\/strong><\/h3>\n<h3><strong>Tural Abbasl\u0131: \u201cBu bayram\u0131n Az\u0259rbaycanda qeyd olunmas\u0131n\u0131n \u0259leyhin\u0259y\u0259m, \u00e7\u00fcnki&#8230;\u201d<\/strong><\/h3>\n<p>Fevral\u0131n 14-\u00fc d\u00fcnyan\u0131n bir \u00e7ox \u00f6lk\u0259sind\u0259, o c\u00fcml\u0259d\u0259n Az\u0259rbaycanda \u201cSevgilil\u0259r g\u00fcn\u00fc\u201d kimi qeyd olunacaq. B\u0259z\u0259n bu g\u00fcn\u00fc \u201cM\u00fcq\u0259dd\u0259s Valentin g\u00fcn\u00fc\u201d adland\u0131ranlar da var.<\/p>\n<p>\u00d6nc\u0259 xat\u0131rladaq ki,\u00a0 bayram\u0131n tarixi h\u0259l\u0259 1500 il \u0259vv\u0259l\u0259 gedib \u00e7\u0131x\u0131r v\u0259 \u0259sas\u0131 xristianl\u0131\u011fa deyil, \u0259ski Roma \u0259n\u0259n\u0259l\u0259rin\u0259 dayan\u0131r. M\u0259nb\u0259l\u0259rin birin\u0259 g\u00f6r\u0259, Roma imperatoru-\u00f6lk\u0259sini \u00f6z qanunlar\u0131 il\u0259 idar\u0259 ed\u0259n q\u0259ddar imperator ll Kladius ordu \u00fc\u00e7\u00fcn sava\u015fan \u0259sg\u0259r tapmaq \u00fc\u00e7\u00fcn evlilikl\u0259r\u0259 qada\u011fa qoyur. S\u0259b\u0259b is\u0259 romal\u0131 ki\u015fil\u0259rin sevdikl\u0259rini v\u0259 ail\u0259l\u0259rini t\u0259rk etm\u0259m\u0259k ist\u0259yi il\u0259 ba\u011fl\u0131 olub. Valentin adl\u0131 rahib is\u0259 \u00f6z\u00fc kimi rahib olan Mariusla birlikd\u0259 g\u0259ncl\u0259ri gizli olaraq evl\u0259ndirib. Bundan x\u0259b\u0259r tutan imperator 269-cu ild\u0259 Valentini edam etdirir. Onun bu \u0259m\u0259li m\u00fcq\u0259dd\u0259s i\u015f kimi qiym\u0259tl\u0259ndirildiyind\u0259n edam olundu\u011fu g\u00fcn, fevral\u0131n 14-\u00fc \u201cM\u00fcq\u0259dd\u0259s Valentin g\u00fcn\u00fc\u201d kimi tarixd\u0259 qal\u0131r.<\/p>\n<p>Ba\u015fqa bir m\u0259nb\u0259l\u0259r\u0259 g\u00f6r\u0259 is\u0259 fevral\u0131n 14-d\u0259 romal\u0131 g\u0259nc q\u0131zlar adlar\u0131n\u0131 ki\u00e7ik ka\u011f\u0131z par\u00e7alar\u0131na yazaraq bir \u00e7\u0259ll\u0259y\u0259 at\u0131r, h\u0259min ka\u011f\u0131zlardan birini se\u00e7\u0259n romal\u0131 g\u0259nc d\u0259 se\u00e7diyi ka\u011f\u0131zda ad\u0131 yaz\u0131lan q\u0131zla h\u0259min gec\u0259 birlikd\u0259 olurdu. Onlar b\u00fct\u00fcn bayram boyu bir-biril\u0259rind\u0259n ayr\u0131lm\u0131rd\u0131lar. Bel\u0259likl\u0259, k\u00fctl\u0259vi \u0259xlaqs\u0131zl\u0131q bayram\u0131 ke\u00e7irilirdi.<\/p>\n<p>\u0130mperator bunu qada\u011fan ets\u0259 d\u0259 rahib Valentin iyr\u0259nc ad\u0259ti b\u0259rpa ed\u0259r\u0259k gizli \u015f\u0259kild\u0259 q\u0131z v\u0259 o\u011flanlar\u0131 qeyri-qanuni g\u00f6r\u00fc\u015fd\u00fcrm\u0259kd\u0259 davam edib. Bu s\u0259b\u0259bd\u0259n imperator ll Kladius rahibi h\u0259bs edir v\u0259 k\u00fctl\u0259vi \u0259xlaqs\u0131zl\u0131q ke\u00e7iril\u0259n h\u0259min g\u00fcnd\u0259, y\u0259ni fevral\u0131n 14-d\u0259 rahibi d\u00f6yd\u00fcr\u0259r\u0259k t\u0259hqiramiz formada edam etdirir.<\/p>\n<p>B\u0259zi iddialara g\u00f6r\u0259, guya rahib h\u0259bsxana r\u0259isinin q\u0131z\u0131na a\u015fiq oldu\u011fu \u00fc\u00e7\u00fcn \u00f6ld\u00fcr\u00fcl\u00fcb. Lakin tarixd\u0259n d\u0259 m\u0259lumdur ki, rahib h\u0259bsxanada ke\u015fi\u015f dostu Mariusa \u201cValentini unutma\u201d, \u201cS\u0259ni sevir\u0259m\u201d s\u00f6zl\u0259rind\u0259n ibar\u0259t m\u0259ktublar yaz\u0131b. Bu da onun hans\u0131sa q\u0131za g\u00f6r\u0259 \u00f6ld\u00fcr\u00fcld\u00fcy\u00fc v\u0259 ya xristianl\u0131\u011f\u0131 t\u0259bli\u011f etdiyin\u0259 g\u00f6r\u0259 edam edilm\u0259si faktlar\u0131n\u0131 \u015f\u00fcbh\u0259 alt\u0131na al\u0131r.<\/p>\n<p>\u0130ki \u0259sr sonra, 496-c\u0131 ild\u0259 Papa Helasiusun d\u00f6vr\u00fcnd\u0259 rahib Valentin kils\u0259 t\u0259r\u0259find\u0259n m\u00fcq\u0259dd\u0259s elan olunur v\u0259 fevral\u0131n 14-\u00fc Valentin g\u00fcn\u00fc kimi qeyd\u0259 al\u0131n\u0131r. Bel\u0259likl\u0259, Papa Helasius \u0259xlaqs\u0131zl\u0131\u011f\u0131 r\u0259smil\u0259\u015fdirir. Yaln\u0131z 1969-cu ild\u0259 Roma Katolik Kils\u0259si bu s\u0259hvi d\u00fcz\u0259ldir v\u0259 ke\u015fi\u015f Valentini kils\u0259nin m\u00fcq\u0259dd\u0259sl\u0259r siyah\u0131s\u0131ndan \u00e7\u0131xararaq \u201cM\u00fcq\u0259dd\u0259s Valentin g\u00fcn\u00fc\u201d bayram\u0131n\u0131n ke\u00e7irilm\u0259sini m\u0259sl\u0259h\u0259t g\u00f6rm\u00fcr.<\/p>\n<p>Art\u0131q uzun ill\u0259rdir ki, bir \u00e7ox Q\u0259rb \u00f6lk\u0259l\u0259ri \u201cM\u00fcq\u0259dd\u0259s Valentin g\u00fcn\u00fc\u201dn\u00fc ke\u00e7irmir v\u0259 yaxud s\u0259thi yana\u015f\u0131r. M\u0259s\u0259l\u0259n, h\u0259r il bu bayramda Rusiyada mill\u0259t\u00e7il\u0259r, xristianl\u0131\u011f\u0131n b\u0259zi m\u0259zh\u0259bl\u0259rinin davam\u00e7\u0131lar\u0131 il\u0259 bu g\u00fcn\u00fc daha t\u0259nt\u0259n\u0259li ke\u00e7ir\u0259n cinsi azl\u0131qlar\u0131n n\u00fcmay\u0259nd\u0259l\u0259ri aras\u0131nda dava-dala\u015f d\u00fc\u015f\u00fcr. Rusiyada bu bayram dem\u0259k olar ki, s\u0131radan \u00e7\u0131xar\u0131l\u0131b. Universitetl\u0259rd\u0259 t\u0259l\u0259b\u0259l\u0259rin fevral\u0131n 14-d\u0259 t\u0259\u015fkil olunacaq \u015f\u0259nlikl\u0259rd\u0259, diskotekalarda i\u015ftirak\u0131 qada\u011fan edilib. Bel\u0259likl\u0259, Valentin g\u00fcn\u00fc \u201crus milli d\u0259y\u0259rl\u0259rin\u0259 zidd\u201d adland\u0131r\u0131l\u0131b.<\/p>\n<p>Almaniyada is\u0259 bu tarix \u201cpsixi c\u0259h\u0259td\u0259n sa\u011flam olmayanlar\u0131n g\u00fcn\u00fc\u201d kimi qeyd edilir. \u0130ordaniya da \u201cSevgilil\u0259r g\u00fcn\u00fc\u201dn\u00fcn qada\u011fan olundu\u011fu \u00f6lk\u0259l\u0259r s\u0131ras\u0131ndad\u0131r. \u0130slam \u0259xlaqlar\u0131na uy\u011fun olmad\u0131\u011f\u0131 \u00fc\u00e7\u00fcn Malayziyada da bu g\u00fcn qada\u011fan edilib. H\u0259m\u00e7inin \u0130slamabad Ali M\u0259hk\u0259m\u0259si d\u0259 Pakistan \u0259razisind\u0259 M\u00fcq\u0259dd\u0259s Valentin G\u00fcn\u00fc-Sevgilil\u0259r g\u00fcn\u00fcn\u00fc qada\u011fan edib. M\u0259hk\u0259m\u0259 bu q\u0259rar\u0131 \u201cSevgilil\u0259r g\u00fcn\u00fc\u201dn\u00fcn \u0130slam \u0259n\u0259n\u0259l\u0259ri il\u0259 he\u00e7 bir \u0259laq\u0259sinin olmad\u0131\u011f\u0131n\u0131 \u0259sas g\u0259tir\u0259r\u0259k q\u0259bul edib. Q\u0259rara \u0259sas\u0259n, h\u0259m r\u0259smi s\u0259viyy\u0259d\u0259, h\u0259m d\u0259 \u0259hali aras\u0131nda ist\u0259nil\u0259n \u015f\u0259kild\u0259 h\u0259min g\u00fcn\u00fc qeyd etm\u0259k qada\u011fand\u0131r. Bununla b\u0259rab\u0259r, bu bayram\u0131n K\u0130V-d\u0259 t\u0259\u015fviqi v\u0259 ya reklam\u0131 da qada\u011fan olunub.<\/p>\n<p>\u00d6zb\u0259kistanda v\u0259 T\u00fcrkm\u0259nistanda da bu g\u00fcn\u00fcn qeyd olunmas\u0131 qada\u011fand\u0131r. \u0130randa is\u0259 bu g\u00fcn il\u0259 ba\u011fl\u0131 b\u00fct\u00fcn h\u0259diyy\u0259lik \u0259\u015fyalar\u0131n sat\u0131\u015f\u0131 v\u0259 reklamlar\u0131 yasaq edilib. S\u0259udiyy\u0259 \u018fr\u0259bistanda is\u0259 2004-c\u00fc ild\u0259 veril\u0259n fitvada \u201cSevgilil\u0259r g\u00fcn\u00fc\u201dn\u00fc Allaha v\u0259 Qiyam\u0259t g\u00fcn\u00fcn\u0259 iman g\u0259tir\u0259n m\u00fcs\u0259lmanlar\u0131n qeyd etm\u0259m\u0259l\u0259ri s\u00f6yl\u0259nib. Fitvada Allah\u0131n q\u0259z\u0259bind\u0259n qorxanlar \u00fc\u00e7\u00fcn bunun bir v\u0259zif\u0259 oldu\u011fu vur\u011fulan\u0131b.<\/p>\n<p>Qarda\u015f T\u00fcrkiy\u0259d\u0259 is\u0259 bu bayram t\u0259xmin\u0259n 20 ild\u0259n \u00e7oxdur ki, qeyd olunur. Az\u0259rbaycanda 2003-c\u00fc ild\u0259n ba\u015flayaraq \u201cSevgilil\u0259r g\u00fcn\u00fc\u201d 30 iyunda ke\u00e7irilir. Bu tarix is\u0259 1990-c\u0131 il 20 Yanvar faci\u0259si zaman\u0131 h\u0259lak olan \u0130lham v\u0259 onun yoxlu\u011funa d\u00f6z\u0259 bilm\u0259yib, \u00f6z\u00fcn\u0259 q\u0259sd ed\u0259n h\u0259yat yolda\u015f\u0131 F\u0259riz\u0259nin toy g\u00fcn\u00fc il\u0259 \u0259laq\u0259dard\u0131r. Bu, sevginin, s\u0259daq\u0259tin, c\u0259sar\u0259tin g\u00f6st\u0259ricisi say\u0131l\u0131r v\u0259 b\u00fct\u00fcn sevgilil\u0259r\u0259 \u0259b\u0259di \u00f6rn\u0259k ola bil\u0259c\u0259k \u0130lham v\u0259 F\u0259riz\u0259nin toy g\u00fcn\u00fc &#8211; 30 iyun tarixi Az\u0259rbaycanda \u201cSevgilil\u0259r g\u00fcn\u00fc\u201d kimi ke\u00e7irilir. Bu t\u0259klifi 2003-c\u00fc ild\u0259 \u201cXural\u201d q\u0259zetinin ba\u015f redaktoru \u018fv\u0259z Zeynall\u0131 ir\u0259li s\u00fcr\u00fcb. Lakin bununla bel\u0259, h\u0259l\u0259 d\u0259 \u00f6lk\u0259mizd\u0259 bir s\u0131ra g\u0259ncl\u0259r 14 fevral\u0131 \u201cSevgilil\u0259r g\u00fcn\u00fc\u201d kimi qeyd edir.<\/p>\n<p>B\u0259s 14 fevral\u0131n Sevgilil\u0259r g\u00fcn\u00fc kimi qeyd edilm\u0259si, ad\u0259t-\u0259n\u0259n\u0259l\u0259rimiz\u0259, m\u0259i\u015f\u0259timiz\u0259 g\u0259tirilm\u0259si do\u011frudurmu? B\u0259zil\u0259ri bunu d\u00fcnya imperializminin t\u0259bli\u011fat\u0131, insanlar\u0131 bu c\u00fcr t\u0259qviml\u0259rd\u0259 soymas\u0131 kimi izah ed\u0259nl\u0259r d\u0259 var, insanlar\u0131n, x\u00fcsusil\u0259 qad\u0131nlar\u0131n sevgiy\u0259, diqq\u0259t\u0259 h\u0259ssasl\u0131\u011f\u0131ndan ir\u0259li g\u0259lm\u0259si kimi izah ed\u0259nl\u0259r d\u0259.<\/p>\n<p><img src=\"https:\/\/yenimedia.net\/wp-content\/uploads\/2020\/11\/000000000000000000000-Aydin-Xan.jpg\" alt=\"Kulturoloji ara\u015fd\u0131rma: G\u0259l\u0259c\u0259yi \u2013 indiki tarixi \u015fifr\u0259l\u0259n\u0259n fantastika. Ayd\u0131n  Xan \u018fbilov \u2013 Yenimedia.net \u2013 Sosial-Analitik Portal\" \/><\/p>\n<p><strong>M\u00f6vzu il\u0259 ba\u011fl\u0131 V\u0259t\u0259nda\u015f C\u0259miyy\u0259ti Alyans\u0131n\u0131n r\u0259hb\u0259ri, Yeni Yazarlar v\u0259 S\u0259n\u0259t\u00e7il\u0259r \u0130ctimai Birliyinin s\u0259dri, tan\u0131nm\u0131\u015f kulturoloq Ayd\u0131n Xan \u018fbilov \u201cYeni M\u00fcsavat\u201da dan\u0131\u015f\u0131b:<\/strong>\u00a0\u201c20-ci \u0259srd\u0259n\u00a0 etibar\u0259n b\u00fct\u00fcn d\u00fcnya birl\u0259\u015fm\u0259y\u0259 can at\u0131rd\u0131. B\u00fct\u00fcn\u00a0 konfliktl\u0259r, m\u00fcharib\u0259l\u0259r\u0259 baxmayaraq, b\u0259\u015f\u0259riyy\u0259t \u00e7al\u0131\u015f\u0131rd\u0131 ki, m\u00fc\u0259yy\u0259n m\u0259nada bir-biri il\u0259 t\u0259masda\u00a0 olsun, h\u0259tta b\u0259zi d\u00f6vl\u0259tl\u0259r s\u0259rh\u0259dl\u0259ri g\u00f6t\u00fcrm\u0259k ist\u0259yirdil\u0259r. Bu m\u0259nada SSR\u0130, Avropa Birliyi v\u0259 sair\u0259 qurumlar yarand\u0131. \u018flb\u0259tt\u0259 ki, b\u00fct\u00fcn bunlarda insanlar\u0131n, d\u00f6vl\u0259tl\u0259rin, mill\u0259tl\u0259rin \u00f6zl\u0259rinin maraqlar\u0131 var idi.\u00a0 M\u0259hz bu\u00a0 maraqlardan ir\u0259li g\u0259l\u0259r\u0259k m\u00fcharib\u0259l\u0259r ba\u015f verirdi. B\u0259\u015f\u0259riyy\u0259tin d\u00fc\u015f\u00fcn\u0259n beyinl\u0259ri, intellektuallar\u0131 bu ayr\u0131mlar\u0131 aradan qald\u0131rmaq \u00fc\u00e7\u00fcn m\u00fcxt\u0259lif beyn\u0259lxalq g\u00fcnl\u0259r, beyn\u0259lxalq\u00a0 t\u0259dbirl\u0259r, bayramlar d\u00fc\u015f\u00fcnm\u0259y\u0259 ba\u015flad\u0131lar. H\u0259min bayramlardan biri d\u0259 14 fevral \u201dSevgilil\u0259r g\u00fcn\u00fc&#8221;d\u00fcr. Bildiyiniz kimi\u00a0 bu bayram\u0131n tarixi el\u0259 d\u0259 b\u00f6y\u00fck deyil v\u0259 \u0259ks\u0259riyy\u0259t bunu daha \u00e7ox xristian, xa\u00e7p\u0259r\u0259st d\u00fcnyas\u0131 il\u0259 ba\u011flama\u011fa \u00e7al\u0131\u015f\u0131rlar. Lakin bu bel\u0259\u00a0 deyil v\u0259 \u00e7ox absurd ideyad\u0131r. Ola bilsin ki, \u0259sli oradan g\u0259lir, lakin m\u0259s\u0259l\u0259ni b\u00fct\u00f6vl\u00fckd\u0259 xristianl\u0131qla ba\u011flamaq do\u011fru deyil. M\u0259s\u0259l\u0259n, Nizami G\u0259nc\u0259vinin \u201cLeyli v\u0259 M\u0259cnun\u201d \u0259s\u0259rind\u0259 \u0259r\u0259b m\u0259h\u0259bb\u0259tind\u0259n s\u00f6z a\u00e7\u0131l\u0131r, amma \u0259s\u0259r b\u00fct\u00f6vl\u00fckd\u0259 \u015e\u0259rq, Az\u0259rbaycan insan\u0131n duy\u011fular\u0131, m\u0259h\u0259bb\u0259ti, \u00fclvi hissl\u0259ri,\u00a0 insanla Tanr\u0131 aras\u0131ndak\u0131 m\u00fcnasib\u0259t\u0259 h\u0259sr olunub.<\/p>\n<p>Bel\u0259likl\u0259, 20-ci \u0259srd\u0259 d\u00fc\u015f\u00fcnc\u0259 adamlar\u0131 fikirl\u0259\u015fdil\u0259r ki, b\u0259\u015f\u0259riyy\u0259ti birl\u0259\u015fdirm\u0259k, multukultral d\u0259y\u0259rl\u0259ri \u00f6n\u0259 verm\u0259k, eyni zamanda dini, dil, cins, milli ayr\u0131-se\u00e7kiliyi aradan qald\u0131rmaq \u00fc\u00e7\u00fcn bu g\u00fcnl\u0259rin\u00a0 x\u00fcsusi \u00f6n\u0259mi var v\u0259 bel\u0259likl\u0259 14 fevral\u0131 \u201cSevgilil\u0259r g\u00fcn\u00fc\u201d\u00a0 kimi qeyd etm\u0259y\u0259\u00a0 ba\u015flad\u0131lar. M\u0259lum oldu\u011fu kimi Az\u0259rbaycanda milli sevgilil\u0259r g\u00fcn\u00fcn 30 iyun qeyd olunmas\u0131 il\u0259 ba\u011fl\u0131 t\u0259klifl\u0259r oldu. Bu b\u0259z\u0259n daha g\u00fccl\u00fc, b\u0259z\u0259n d\u0259 z\u0259if qeyd edilir. Lakin g\u0259lin raz\u0131la\u015faq ki, bu t\u0259klifin \u00f6z\u00fc d\u0259 birt\u0259r\u0259flidir. \u00c7\u00fcnki \u0130lhamla F\u0259riz\u0259nin evl\u0259nm\u0259si v\u0259 \u015f\u0259hid olmas\u0131 t\u0259kc\u0259 yeni ail\u0259nin yaranmas\u0131, sevgi m\u0259s\u0259l\u0259si deyildi, h\u0259m d\u0259 milli azadl\u0131q h\u0259r\u0259kat\u0131n\u0131n \u0259n uca zirv\u0259sini t\u0259\u015fkil ed\u0259n hadis\u0259 idi. Ona g\u00f6r\u0259 d\u0259 onu bu q\u0259d\u0259r lokalla\u015fd\u0131rmaq olmazd\u0131. Ancaq onu da milli sevgilil\u0259r g\u00fcn\u00fc qeyd etm\u0259k olar. Bayramlar\u0131n n\u0259 q\u0259d\u0259r \u00e7ox olmas\u0131 bir o q\u0259d\u0259r yax\u015f\u0131d\u0131r. \u0130nsanlar\u0131n sevinm\u0259y\u0259, bir-birini t\u0259brik etm\u0259y\u0259, payla\u015fma\u011fa, sosialla\u015fma\u011fa imkanlar\u0131 olur. Bu bax\u0131mdan biz inki\u015faf ed\u0259k, h\u0259r \u015feyi \u00f6z\u00fcm\u00fcz \u00fc\u00e7\u00fcn yaradaq, xarici \u00f6lk\u0259l\u0259r d\u0259 bizd\u0259n g\u00f6t\u00fcrs\u00fcnl\u0259r.<\/p>\n<p>Bel\u0259likl\u0259, 14 fevral \u201cSevgilil\u0259r g\u00fcn\u00fc\u201d il\u0259 ba\u011fl\u0131 bel\u0259 absurd\u00a0 fikirl\u0259r s\u0259sl\u0259ndirm\u0259yin q\u0259ti \u0259leyhin\u0259y\u0259m. Onda g\u0259lin 8 Mart\u0131, \u201cxristianlara aiddir\u201d deyil\u0259n Yeni ili,\u00a0 \u201c\u0259r\u0259bl\u0259rl\u0259 ba\u011fl\u0131d\u0131r\u201d deyib Orucluq v\u0259 dig\u0259r bayramlar\u0131 da qeyd etm\u0259y\u0259k.\u00a0 \u0130nsanlar\u0131 bu q\u0259d\u0259r feodalizm, ibtidai qurulu\u015fa qaytarmaq laz\u0131m deyil. \u018fg\u0259r m\u00fcsb\u0259t enerji ver\u0259n h\u0259r hans\u0131 g\u00fcn bayram varsa, onu qeyd etm\u0259k laz\u0131md\u0131r. Onsuz da yeni n\u0259sil bizim dedikl\u0259rimizi vecin\u0259 alm\u0131r. D\u00fc\u015f\u00fcn\u00fcrl\u0259r ki, insanlar, b\u0259\u015f\u0259riyy\u0259t birdir v\u0259 onlar\u0131n da bayramlar\u0131 bir olmal\u0131d\u0131r.<\/p>\n<p>Bu c\u00fcr\u00a0 bayramlar\u0131n, beyn\u0259lxalq g\u00fcnl\u0259rin \u00fcmumil\u0259\u015fm\u0259si t\u0259dric\u0259n daha da g\u00fccl\u0259n\u0259c\u0259k. Bax\u0131n, YUNESCO-da, BMT-d\u0259 Novruz bayram\u0131 il\u0259 ba\u011fl\u0131 g\u00fcnl\u0259r x\u00fcsusi bir bayram\u00a0 olaraq qeyd edilir v\u0259 xristian Avropa \u00f6lk\u0259l\u0259rinin d\u00f6vl\u0259t ba\u015f\u00e7\u0131lar\u0131 bu g\u00fcnl\u0259r m\u00fcnasib\u0259ti il\u0259 Az\u0259rbaycan\u0131 t\u0259brik edirl\u0259r. \u0130ndi bel\u0259 \u00e7\u0131x\u0131r ki, Novruz Az\u0259rbaycan\u0131n bayram\u0131d\u0131r dey\u0259, bizi he\u00e7 k\u0259s t\u0259brik etm\u0259m\u0259lidir? Bir daha qeyd edir\u0259m ki, 14 fevral \u201c Sevgilil\u0259r g\u00fcn\u00fc2 il\u0259 ba\u011fl\u0131 deyil\u0259nl\u0259r absurd fikirl\u0259rdir. G\u0259lin bir az da sevin\u0259k, bu bayram\u0131 yax\u015f\u0131 qeyd ed\u0259k. Qoy d\u00fcnya g\u00f6rs\u00fcn ki, Az\u0259rbaycan d\u00fcnyan\u0131n apar\u0131c\u0131\u00a0 mill\u0259tl\u0259rind\u0259n biridir v\u0259 beyn\u0259lxalq bayramlar\u0131 qeyd edir\u201d.<\/p>\n<p><img src=\"https:\/\/konkret.az\/cloud\/uploads\/2020\/11\/Tural_Abbasli.jpg\" alt=\"Lider\u201d TV prezidentinin k\u00f6m\u0259k\u00e7isi il\u0259 Tural Abbasl\u0131 \u0259lb\u0259yaxa oldu | KONKRET\" \/><\/p>\n<p><strong>A\u011f Partiya s\u0259dri Tural Abbasl\u0131 is\u0259 qeyd etdi ki, bu bayram\u0131n Az\u0259rbaycanda qeyd olunmas\u0131n\u0131n \u0259leyhin\u0259dir:<\/strong><\/p>\n<p>\u201c\u00dcmumiyy\u0259tl\u0259 Az\u0259rbaycan\u0131n milli m\u0259n\u0259vi d\u0259y\u0259rl\u0259rin\u0259, d\u00fcnyag\u00f6r\u00fc\u015f\u00fcn\u0259, ad\u0259tl\u0259rin\u0259, ya\u015fam t\u0259rzin\u0259, dinin\u0259 uy\u011fun olmayan bayram v\u0259 g\u00fcnl\u0259rinin qeyd olunmas\u0131n\u0131n, bu c\u00fcr\u00a0 bayram v\u0259 g\u00fcnl\u0259rin Az\u0259rbaycana eksport olunmas\u0131n\u0131n \u0259leyhin\u0259y\u0259m. \u00c7\u00fcnki 21-ci \u0259sr h\u0259m d\u0259 m\u0259d\u0259niyy\u0259tl\u0259r sava\u015f\u0131d\u0131r v\u0259 biz \u00e7al\u0131\u015fmal\u0131y\u0131q ki, \u00f6z\u00fcm\u00fcz\u00fcn min ill\u0259rd\u0259n bu yana g\u0259l\u0259n m\u0259d\u0259niyy\u0259timizi, ad\u0259t-\u0259n\u0259n\u0259l\u0259rimizi v\u0259 babalar\u0131m\u0131zdan biz\u0259 n\u0259sild\u0259n-n\u0259sl\u0259 ke\u00e7\u0259n h\u0259ssasiyy\u0259tl\u0259rimizi qoruyub saxlayaq. \u0130ndi d\u00fcnyada informasiya texnologiyalar\u0131n\u0131n inki\u015faf\u0131, sosial media ist\u0259nil\u0259n d\u00f6vl\u0259tin milli d\u0259y\u0259rl\u0259rini \u00e7ox h\u0259ssas edib. Sanki\u00a0 piar, t\u0259bli\u011fat, reklam vasit\u0259si il\u0259 m\u00fcdaxil\u0259 \u00e7ox asanla\u015f\u0131b. T\u0259bii ki, burada kapitalizmin maraqlar\u0131 var. H\u0259min g\u00fcnl\u0259rd\u0259 d\u0259rmanlar\u0131n sat\u0131lmas\u0131, zin\u0259t \u0259\u015fyalar\u0131n sat\u0131lmas\u0131 ticar\u0259t d\u00f6vriyy\u0259sini art\u0131r\u0131lmas\u0131 kimi istifad\u0259 olunur. Bel\u0259 olduqda t\u0259bii ki, Az\u0259rbaycan kimi \u00f6lk\u0259l\u0259rin v\u0259t\u0259nda\u015flar\u0131 da bu piar\u0131n, t\u0259bli\u011fat\u0131n qurban\u0131na \u00e7evril\u0259 bilirl\u0259r.<\/p>\n<p>\u018fg\u0259r biz illah ki, Sevgilil\u0259r g\u00fcn\u00fcn\u00fc ke\u00e7irm\u0259k ist\u0259yiriks\u0259,\u00a0 bunu tarixi, ke\u00e7mi\u015fi olan m\u0259s\u0259l\u0259l\u0259rl\u0259 ba\u011flamaq laz\u0131md\u0131r. 14 fevral g\u00fcn\u00fcn\u0259 g\u0259ldikd\u0259 is\u0259, bu guya ki, hanss\u0131a \u0259fsan\u0259vi hekay\u0259l\u0259r \u0259sas\u0131nda formala\u015fm\u0131\u015f tarixdir v\u0259 bunu d\u00fcnyaya s\u0131r\u0131y\u0131blar. Amma bizim \u00f6z\u00fcm\u00fcz\u00fcn 20 yanvarda v\u0259t\u0259n u\u011frunda tank\u0131n alt\u0131na girib, can\u0131ndan ke\u00e7\u0259n bir igid b\u0259y obraz\u0131m\u0131z v\u0259 \u00f6z sevgisin\u0259 g\u00f6r\u0259 can\u0131ndan ke\u00e7\u0259n xan\u0131m obraz\u0131m\u0131z var. V\u0259 onlar\u0131n sevgisind\u0259 h\u0259r \u015fey var &#8211; v\u0259t\u0259n ail\u0259, l\u0259yaq\u0259t. Ona g\u00f6r\u0259 d\u0259 biz illah da sevgilil\u0259r g\u00fcn\u00fc ke\u00e7irm\u0259k ist\u0259yiriks\u0259, bunu 30 iyunda ke\u00e7irm\u0259liyik. Bizd\u0259n olmayan\u00a0 g\u00fcnl\u0259rin biz\u0259 aidiyy\u0259ti olmamal\u0131d\u0131r. Nec\u0259 ki, m\u0259s\u0259l\u0259n, Amerikada,\u00a0 \u0130ngilt\u0259r\u0259d\u0259, Fransada Novruz bayram\u0131 qeyd edilmir, el\u0259c\u0259 d\u0259 biz. Y\u0259ni biz \u0259n az\u0131ndan \u00f6z m\u0259d\u0259niyy\u0259timizi, \u00f6z soy-k\u00f6k\u00fcm\u00fczd\u0259n g\u0259l\u0259n d\u0259y\u0259rl\u0259ri qorumal\u0131y\u0131q&#8221;.<\/p>\n","protected":false},"excerpt":{"rendered":"<p>Ayd\u0131n Xan \u018fbilov: \u201c\u201cSevgilil\u0259r g\u00fcn\u00fc\u201d il\u0259 ba\u011fl\u0131 bel\u0259 fikirl\u0259ri b\u00f6l\u00fc\u015fm\u00fcr\u0259m, ona g\u00f6r\u0259 ki&#8230;\u201d Tural Abbasl\u0131: \u201cBu bayram\u0131n Az\u0259rbaycanda qeyd olunmas\u0131n\u0131n \u0259leyhin\u0259y\u0259m, \u00e7\u00fcnki&#8230;\u201d Fevral\u0131n 14-\u00fc d\u00fcnyan\u0131n bir \u00e7ox \u00f6lk\u0259sind\u0259, o c\u00fcml\u0259d\u0259n Az\u0259rbaycanda \u201cSevgilil\u0259r g\u00fcn\u00fc\u201d kimi qeyd olunacaq. B\u0259z\u0259n bu g\u00fcn\u00fc \u201cM\u00fcq\u0259dd\u0259s Valentin g\u00fcn\u00fc\u201d adland\u0131ranlar da var. \u00d6nc\u0259 xat\u0131rladaq ki,\u00a0 bayram\u0131n tarixi h\u0259l\u0259 1500 il \u0259vv\u0259l\u0259 gedib \u00e7\u0131x\u0131r v\u0259 \u0259sas\u0131 xristianl\u0131\u011fa deyil, \u0259ski Roma \u0259n\u0259n\u0259l\u0259rin\u0259 dayan\u0131r. M\u0259nb\u0259l\u0259rin birin\u0259 g\u00f6r\u0259, Roma imperatoru-\u00f6lk\u0259sini \u00f6z qanunlar\u0131 il\u0259 idar\u0259 ed\u0259n q\u0259ddar imperator ll Kladius ordu \u00fc\u00e7\u00fcn sava\u015fan \u0259sg\u0259r tapmaq \u00fc\u00e7\u00fcn evlilikl\u0259r\u0259 qada\u011fa qoyur. S\u0259b\u0259b is\u0259 romal\u0131&hellip;<\/p>\n","protected":false},"author":2,"featured_media":437941,"comment_status":"closed","ping_status":"closed","sticky":false,"template":"","format":"standard","meta":{"om_disable_all_campaigns":false,"_monsterinsights_skip_tracking":false,"_monsterinsights_sitenote_active":false,"_monsterinsights_sitenote_note":"","_monsterinsights_sitenote_category":0},"categories":[1],"tags":[],"aioseo_notices":[],"gutentor_comment":0,"rttpg_featured_image_url":{"full":["https:\/\/arantv.az\/wp-content\/uploads\/2022\/02\/375808f1098841abb47fa51bd4aff5e9.jpg",450,300,false],"landscape":["https:\/\/arantv.az\/wp-content\/uploads\/2022\/02\/375808f1098841abb47fa51bd4aff5e9.jpg",450,300,false],"portraits":["https:\/\/arantv.az\/wp-content\/uploads\/2022\/02\/375808f1098841abb47fa51bd4aff5e9.jpg",450,300,false],"thumbnail":["https:\/\/arantv.az\/wp-content\/uploads\/2022\/02\/375808f1098841abb47fa51bd4aff5e9-450x280.jpg",450,280,true],"medium":["https:\/\/arantv.az\/wp-content\/uploads\/2022\/02\/375808f1098841abb47fa51bd4aff5e9.jpg",450,300,false],"large":["https:\/\/arantv.az\/wp-content\/uploads\/2022\/02\/375808f1098841abb47fa51bd4aff5e9.jpg",450,300,false],"1536x1536":["https:\/\/arantv.az\/wp-content\/uploads\/2022\/02\/375808f1098841abb47fa51bd4aff5e9.jpg",450,300,false],"2048x2048":["https:\/\/arantv.az\/wp-content\/uploads\/2022\/02\/375808f1098841abb47fa51bd4aff5e9.jpg",450,300,false],"post-thumbnail":["https:\/\/arantv.az\/wp-content\/uploads\/2022\/02\/375808f1098841abb47fa51bd4aff5e9-240x172.jpg",240,172,true],"advps-thumb-one":["https:\/\/arantv.az\/wp-content\/uploads\/2022\/02\/375808f1098841abb47fa51bd4aff5e9.jpg",450,300,false]},"rttpg_author":{"display_name":"V\u00fcsal Rafiqo\u011flu","author_link":"https:\/\/arantv.az\/?author=2"},"rttpg_comment":0,"rttpg_category":"<a href=\"https:\/\/arantv.az\/?cat=1\" rel=\"category\">C\u0259miyy\u0259t<\/a>","rttpg_excerpt":"Ayd\u0131n Xan \u018fbilov: \u201c\u201cSevgilil\u0259r g\u00fcn\u00fc\u201d il\u0259 ba\u011fl\u0131 bel\u0259 fikirl\u0259ri b\u00f6l\u00fc\u015fm\u00fcr\u0259m, ona g\u00f6r\u0259 ki&#8230;\u201d Tural Abbasl\u0131: \u201cBu bayram\u0131n Az\u0259rbaycanda qeyd olunmas\u0131n\u0131n \u0259leyhin\u0259y\u0259m, \u00e7\u00fcnki&#8230;\u201d Fevral\u0131n 14-\u00fc d\u00fcnyan\u0131n bir \u00e7ox \u00f6lk\u0259sind\u0259, o c\u00fcml\u0259d\u0259n Az\u0259rbaycanda \u201cSevgilil\u0259r g\u00fcn\u00fc\u201d kimi qeyd olunacaq. B\u0259z\u0259n bu g\u00fcn\u00fc \u201cM\u00fcq\u0259dd\u0259s Valentin g\u00fcn\u00fc\u201d adland\u0131ranlar da var. \u00d6nc\u0259 xat\u0131rladaq ki,\u00a0 bayram\u0131n tarixi h\u0259l\u0259 1500 il \u0259vv\u0259l\u0259 gedib&hellip;","_links":{"self":[{"href":"https:\/\/arantv.az\/index.php?rest_route=\/wp\/v2\/posts\/437940"}],"collection":[{"href":"https:\/\/arantv.az\/index.php?rest_route=\/wp\/v2\/posts"}],"about":[{"href":"https:\/\/arantv.az\/index.php?rest_route=\/wp\/v2\/types\/post"}],"author":[{"embeddable":true,"href":"https:\/\/arantv.az\/index.php?rest_route=\/wp\/v2\/users\/2"}],"replies":[{"embeddable":true,"href":"https:\/\/arantv.az\/index.php?rest_route=%2Fwp%2Fv2%2Fcomments&post=437940"}],"version-history":[{"count":0,"href":"https:\/\/arantv.az\/index.php?rest_route=\/wp\/v2\/posts\/437940\/revisions"}],"wp:featuredmedia":[{"embeddable":true,"href":"https:\/\/arantv.az\/index.php?rest_route=\/wp\/v2\/media\/437941"}],"wp:attachment":[{"href":"https:\/\/arantv.az\/index.php?rest_route=%2Fwp%2Fv2%2Fmedia&parent=437940"}],"wp:term":[{"taxonomy":"category","embeddable":true,"href":"https:\/\/arantv.az\/index.php?rest_route=%2Fwp%2Fv2%2Fcategories&post=437940"},{"taxonomy":"post_tag","embeddable":true,"href":"https:\/\/arantv.az\/index.php?rest_route=%2Fwp%2Fv2%2Ftags&post=437940"}],"curies":[{"name":"wp","href":"https:\/\/api.w.org\/{rel}","templated":true}]}}