{"id":437949,"date":"2022-02-12T08:27:55","date_gmt":"2022-02-12T05:27:55","guid":{"rendered":"http:\/\/arantv.az\/?p=437949"},"modified":"2022-02-12T08:27:55","modified_gmt":"2022-02-12T05:27:55","slug":"kiyev-evakuasiyaya-hazirdir","status":"publish","type":"post","link":"https:\/\/arantv.az\/?p=437949","title":{"rendered":"Kiyev evakuasiyaya haz\u0131rd\u0131r"},"content":{"rendered":"<p>Ukraynada Kiyev meriyas\u0131 \u015f\u0259h\u0259rin kritik v\u0259 sosial infrastrukturunu m\u00fcmk\u00fcn f\u00f6vq\u0259lad\u0259 v\u0259ziyy\u0259t\u0259 haz\u0131rlay\u0131b.<\/p>\n<p>Bu bar\u0259d\u0259 \u015f\u0259h\u0259r meri Vitali Kli\u00e7ko Kiyevin r\u0259smi portal\u0131nda bildirib.<\/p>\n<div class=\"AdviadNativeVideo\"><\/div>\n<p>\u201c\u015e\u0259h\u0259r xidm\u0259tl\u0259ri bu g\u00fcn art\u0131q h\u0259rbi f\u00f6vq\u0259lad\u0259 v\u0259ziyy\u0259tin qar\u015f\u0131s\u0131n\u0131n al\u0131nmas\u0131 \u015f\u0259raitind\u0259 i\u015fl\u0259yir. Buna g\u00f6r\u0259 d\u0259, bizim s\u0259yl\u0259rimiz m\u00fcmk\u00fcn t\u0259xribatlar\u0131n qar\u015f\u0131s\u0131n\u0131 alma\u011fa v\u0259 ya aradan qald\u0131rma\u011fa, h\u0259rbi h\u00fccum \u015f\u0259rtl\u0259rin\u0259 tab g\u0259tirm\u0259y\u0259 y\u00f6n\u0259lib\u201d.<\/p>\n<p>Meriya h\u0259r bir \u0259razid\u0259 evakuasiya komissiyalar\u0131 yarad\u0131b v\u0259 evakuasiya plan\u0131 haz\u0131rlay\u0131b. O, evakuasiya m\u0259nt\u0259q\u0259l\u0259rinin yerini, laz\u0131m olan n\u0259qliyyat\u0131n miqdar\u0131n\u0131 v\u0259 ukraynal\u0131lar\u0131n t\u0259hl\u00fck\u0259siz yerl\u0259\u015fm\u0259si \u00fc\u00e7\u00fcn \u0259razil\u0259ri m\u00fc\u0259yy\u0259n edir.<\/p>\n<p>Kli\u00e7konun s\u00f6zl\u0259rin\u0259 g\u00f6r\u0259, Kiyev hakimiyy\u0259ti s\u0131\u011f\u0131nacaqlar\u0131n say\u0131n\u0131 \u00fc\u00e7 d\u0259f\u0259 art\u0131r\u0131b.<\/p>\n<p>M\u0259nb\u0259: RBC<\/p>\n","protected":false},"excerpt":{"rendered":"<p>Ukraynada Kiyev meriyas\u0131 \u015f\u0259h\u0259rin kritik v\u0259 sosial infrastrukturunu m\u00fcmk\u00fcn f\u00f6vq\u0259lad\u0259 v\u0259ziyy\u0259t\u0259 haz\u0131rlay\u0131b. Bu bar\u0259d\u0259 \u015f\u0259h\u0259r meri Vitali Kli\u00e7ko Kiyevin r\u0259smi portal\u0131nda bildirib. \u201c\u015e\u0259h\u0259r xidm\u0259tl\u0259ri bu g\u00fcn art\u0131q h\u0259rbi f\u00f6vq\u0259lad\u0259 v\u0259ziyy\u0259tin qar\u015f\u0131s\u0131n\u0131n al\u0131nmas\u0131 \u015f\u0259raitind\u0259 i\u015fl\u0259yir. Buna g\u00f6r\u0259 d\u0259, bizim s\u0259yl\u0259rimiz m\u00fcmk\u00fcn t\u0259xribatlar\u0131n qar\u015f\u0131s\u0131n\u0131 alma\u011fa v\u0259 ya aradan qald\u0131rma\u011fa, h\u0259rbi h\u00fccum \u015f\u0259rtl\u0259rin\u0259 tab g\u0259tirm\u0259y\u0259 y\u00f6n\u0259lib\u201d. Meriya h\u0259r bir \u0259razid\u0259 evakuasiya komissiyalar\u0131 yarad\u0131b v\u0259 evakuasiya plan\u0131 haz\u0131rlay\u0131b. O, evakuasiya m\u0259nt\u0259q\u0259l\u0259rinin yerini, laz\u0131m olan n\u0259qliyyat\u0131n miqdar\u0131n\u0131 v\u0259 ukraynal\u0131lar\u0131n t\u0259hl\u00fck\u0259siz yerl\u0259\u015fm\u0259si \u00fc\u00e7\u00fcn \u0259razil\u0259ri m\u00fc\u0259yy\u0259n edir. Kli\u00e7konun s\u00f6zl\u0259rin\u0259 g\u00f6r\u0259, Kiyev hakimiyy\u0259ti s\u0131\u011f\u0131nacaqlar\u0131n say\u0131n\u0131 \u00fc\u00e7 d\u0259f\u0259 art\u0131r\u0131b.&hellip;<\/p>\n","protected":false},"author":2,"featured_media":437950,"comment_status":"closed","ping_status":"closed","sticky":false,"template":"","format":"standard","meta":{"om_disable_all_campaigns":false,"_monsterinsights_skip_tracking":false,"_monsterinsights_sitenote_active":false,"_monsterinsights_sitenote_note":"","_monsterinsights_sitenote_category":0},"categories":[7],"tags":[],"aioseo_notices":[],"gutentor_comment":0,"rttpg_featured_image_url":{"full":["https:\/\/arantv.az\/wp-content\/uploads\/2022\/02\/273225647_654725178981976_7227414255505015357_n.jpg",620,413,false],"landscape":["https:\/\/arantv.az\/wp-content\/uploads\/2022\/02\/273225647_654725178981976_7227414255505015357_n.jpg",620,413,false],"portraits":["https:\/\/arantv.az\/wp-content\/uploads\/2022\/02\/273225647_654725178981976_7227414255505015357_n.jpg",620,413,false],"thumbnail":["https:\/\/arantv.az\/wp-content\/uploads\/2022\/02\/273225647_654725178981976_7227414255505015357_n-500x280.jpg",500,280,true],"medium":["https:\/\/arantv.az\/wp-content\/uploads\/2022\/02\/273225647_654725178981976_7227414255505015357_n-548x365.jpg",548,365,true],"large":["https:\/\/arantv.az\/wp-content\/uploads\/2022\/02\/273225647_654725178981976_7227414255505015357_n.jpg",620,413,false],"1536x1536":["https:\/\/arantv.az\/wp-content\/uploads\/2022\/02\/273225647_654725178981976_7227414255505015357_n.jpg",620,413,false],"2048x2048":["https:\/\/arantv.az\/wp-content\/uploads\/2022\/02\/273225647_654725178981976_7227414255505015357_n.jpg",620,413,false],"post-thumbnail":["https:\/\/arantv.az\/wp-content\/uploads\/2022\/02\/273225647_654725178981976_7227414255505015357_n-240x172.jpg",240,172,true],"advps-thumb-one":["https:\/\/arantv.az\/wp-content\/uploads\/2022\/02\/273225647_654725178981976_7227414255505015357_n.jpg",620,413,false]},"rttpg_author":{"display_name":"V\u00fcsal Rafiqo\u011flu","author_link":"https:\/\/arantv.az\/?author=2"},"rttpg_comment":0,"rttpg_category":"<a href=\"https:\/\/arantv.az\/?cat=7\" rel=\"category\">D\u00fcnya<\/a>","rttpg_excerpt":"Ukraynada Kiyev meriyas\u0131 \u015f\u0259h\u0259rin kritik v\u0259 sosial infrastrukturunu m\u00fcmk\u00fcn f\u00f6vq\u0259lad\u0259 v\u0259ziyy\u0259t\u0259 haz\u0131rlay\u0131b. Bu bar\u0259d\u0259 \u015f\u0259h\u0259r meri Vitali Kli\u00e7ko Kiyevin r\u0259smi portal\u0131nda bildirib. \u201c\u015e\u0259h\u0259r xidm\u0259tl\u0259ri bu g\u00fcn art\u0131q h\u0259rbi f\u00f6vq\u0259lad\u0259 v\u0259ziyy\u0259tin qar\u015f\u0131s\u0131n\u0131n al\u0131nmas\u0131 \u015f\u0259raitind\u0259 i\u015fl\u0259yir. Buna g\u00f6r\u0259 d\u0259, bizim s\u0259yl\u0259rimiz m\u00fcmk\u00fcn t\u0259xribatlar\u0131n qar\u015f\u0131s\u0131n\u0131 alma\u011fa v\u0259 ya aradan qald\u0131rma\u011fa, h\u0259rbi h\u00fccum \u015f\u0259rtl\u0259rin\u0259 tab g\u0259tirm\u0259y\u0259 y\u00f6n\u0259lib\u201d. Meriya h\u0259r&hellip;","_links":{"self":[{"href":"https:\/\/arantv.az\/index.php?rest_route=\/wp\/v2\/posts\/437949"}],"collection":[{"href":"https:\/\/arantv.az\/index.php?rest_route=\/wp\/v2\/posts"}],"about":[{"href":"https:\/\/arantv.az\/index.php?rest_route=\/wp\/v2\/types\/post"}],"author":[{"embeddable":true,"href":"https:\/\/arantv.az\/index.php?rest_route=\/wp\/v2\/users\/2"}],"replies":[{"embeddable":true,"href":"https:\/\/arantv.az\/index.php?rest_route=%2Fwp%2Fv2%2Fcomments&post=437949"}],"version-history":[{"count":0,"href":"https:\/\/arantv.az\/index.php?rest_route=\/wp\/v2\/posts\/437949\/revisions"}],"wp:featuredmedia":[{"embeddable":true,"href":"https:\/\/arantv.az\/index.php?rest_route=\/wp\/v2\/media\/437950"}],"wp:attachment":[{"href":"https:\/\/arantv.az\/index.php?rest_route=%2Fwp%2Fv2%2Fmedia&parent=437949"}],"wp:term":[{"taxonomy":"category","embeddable":true,"href":"https:\/\/arantv.az\/index.php?rest_route=%2Fwp%2Fv2%2Fcategories&post=437949"},{"taxonomy":"post_tag","embeddable":true,"href":"https:\/\/arantv.az\/index.php?rest_route=%2Fwp%2Fv2%2Ftags&post=437949"}],"curies":[{"name":"wp","href":"https:\/\/api.w.org\/{rel}","templated":true}]}}