{"id":437952,"date":"2022-02-12T08:28:30","date_gmt":"2022-02-12T05:28:30","guid":{"rendered":"http:\/\/arantv.az\/?p=437952"},"modified":"2022-02-12T08:28:30","modified_gmt":"2022-02-12T05:28:30","slug":"tehranda-hokum%c9%99t%c9%99-etiraz-xameneiy%c9%99-olum-diktatora-olum-video","status":"publish","type":"post","link":"https:\/\/arantv.az\/?p=437952","title":{"rendered":"Tehranda h\u00f6kum\u0259t\u0259 ET\u0130RAZ: \u201cXameneiy\u0259 \u00f6l\u00fcm, diktatora \u00f6l\u00fcm!\u201d &#8211; V\u0130DEO"},"content":{"rendered":"<p>\u0130randa ya\u015fay\u0131\u015f binalar\u0131ndan birind\u0259 \u00e7\u0259kil\u0259n video sosial \u015f\u0259b\u0259k\u0259l\u0259rin g\u00fcnd\u0259mini z\u0259bt edib.<\/p>\n<p>\u201cAzad \u0130ran\u201d \u201cTelegram\u201d kanal\u0131 x\u0259b\u0259r verir ki, bu bar\u0259d\u0259 \u201cIran International\u201d x\u0259b\u0259r agentliyi m\u0259lumat yay\u0131b.<\/p>\n<div class=\"AdviadNativeVideo\"><\/div>\n<p>\u0130randa inqilabdan sonra h\u0259r il 11 fevral (22 b\u0259hm\u0259n) islam inqilab\u0131n\u0131n q\u0259l\u0259b\u0259si g\u00fcn\u00fc kimi r\u0259smi \u015f\u0259kild\u0259 qeyd olunur.<\/p>\n<p>Bildirilir ki, fevral\u0131n 10-da, y\u0259ni inqilab\u0131n ild\u00f6n\u00fcm\u00fcnd\u0259n bir g\u00fcn qabaq Tehran \u015f\u0259h\u0259rind\u0259 insanlar evl\u0259rinin balkon v\u0259 p\u0259nc\u0259r\u0259l\u0259rin\u0259 \u00e7\u0131xaraq h\u00f6kum\u0259t\u0259 qar\u015f\u0131 bir s\u0131ra \u015f\u00fcarlar s\u0259sl\u0259ndiribl\u0259r.<\/p>\n<p>S\u0259sl\u0259ndiril\u0259n \u015f\u00fcarlar aras\u0131nda \u0259n diqq\u0259t\u00e7\u0259k\u0259nl\u0259ri is\u0259 \u201cXameneiy\u0259 \u00f6l\u00fcm\u201d, \u201cdiktatora \u00f6l\u00fcm\u201d v\u0259 \u201c\u0130slam C\u00fcmhuriyy\u0259tin\u0259 \u00f6l\u00fcm\u201d \u015f\u00fcarlar\u0131 olub.<\/p>\n<p>Qeyd ed\u0259k ki, \u00f6z\u0259llikl\u0259 son d\u00f6vrl\u0259rd\u0259 \u0130ran xalq\u0131 aras\u0131nda islam rejimin\u0259 qar\u015f\u0131 k\u0259skin nifr\u0259t m\u00fc\u015fahid\u0259 olunur. Bunu \u00f6lk\u0259 r\u0259hb\u0259rliyinin \u0130ran\u0131n m\u00fcxt\u0259lif \u015f\u0259h\u0259rl\u0259rind\u0259 qura\u015fd\u0131r\u0131lan \u015f\u0259kil v\u0259 heyk\u0259ll\u0259rinin sad\u0259 v\u0259t\u0259nda\u015flar t\u0259r\u0259find\u0259n d\u0259f\u0259l\u0259rl\u0259 yand\u0131r\u0131lmas\u0131nda da g\u00f6rm\u0259k olar.<\/p>\n<div><iframe loading=\"lazy\" id=\"telegram-post-AzadIranTelegram-5070\" src=\"https:\/\/t.me\/AzadIranTelegram\/5070?embed=1\" width=\"100%\" height=\"\" frameborder=\"0\" scrolling=\"no\" data-mce-fragment=\"1\"><\/iframe><\/div>\n<p>&nbsp;<\/p>\n","protected":false},"excerpt":{"rendered":"<p>\u0130randa ya\u015fay\u0131\u015f binalar\u0131ndan birind\u0259 \u00e7\u0259kil\u0259n video sosial \u015f\u0259b\u0259k\u0259l\u0259rin g\u00fcnd\u0259mini z\u0259bt edib. \u201cAzad \u0130ran\u201d \u201cTelegram\u201d kanal\u0131 x\u0259b\u0259r verir ki, bu bar\u0259d\u0259 \u201cIran International\u201d x\u0259b\u0259r agentliyi m\u0259lumat yay\u0131b. \u0130randa inqilabdan sonra h\u0259r il 11 fevral (22 b\u0259hm\u0259n) islam inqilab\u0131n\u0131n q\u0259l\u0259b\u0259si g\u00fcn\u00fc kimi r\u0259smi \u015f\u0259kild\u0259 qeyd olunur. Bildirilir ki, fevral\u0131n 10-da, y\u0259ni inqilab\u0131n ild\u00f6n\u00fcm\u00fcnd\u0259n bir g\u00fcn qabaq Tehran \u015f\u0259h\u0259rind\u0259 insanlar evl\u0259rinin balkon v\u0259 p\u0259nc\u0259r\u0259l\u0259rin\u0259 \u00e7\u0131xaraq h\u00f6kum\u0259t\u0259 qar\u015f\u0131 bir s\u0131ra \u015f\u00fcarlar s\u0259sl\u0259ndiribl\u0259r. S\u0259sl\u0259ndiril\u0259n \u015f\u00fcarlar aras\u0131nda \u0259n diqq\u0259t\u00e7\u0259k\u0259nl\u0259ri is\u0259 \u201cXameneiy\u0259 \u00f6l\u00fcm\u201d, \u201cdiktatora \u00f6l\u00fcm\u201d v\u0259 \u201c\u0130slam C\u00fcmhuriyy\u0259tin\u0259 \u00f6l\u00fcm\u201d \u015f\u00fcarlar\u0131 olub. Qeyd ed\u0259k ki, \u00f6z\u0259llikl\u0259 son d\u00f6vrl\u0259rd\u0259&hellip;<\/p>\n","protected":false},"author":2,"featured_media":437953,"comment_status":"closed","ping_status":"closed","sticky":false,"template":"","format":"standard","meta":{"om_disable_all_campaigns":false,"_monsterinsights_skip_tracking":false,"_monsterinsights_sitenote_active":false,"_monsterinsights_sitenote_note":"","_monsterinsights_sitenote_category":0},"categories":[7],"tags":[],"aioseo_notices":[],"gutentor_comment":0,"rttpg_featured_image_url":{"full":["https:\/\/arantv.az\/wp-content\/uploads\/2022\/02\/iraan.jpg",620,416,false],"landscape":["https:\/\/arantv.az\/wp-content\/uploads\/2022\/02\/iraan.jpg",620,416,false],"portraits":["https:\/\/arantv.az\/wp-content\/uploads\/2022\/02\/iraan.jpg",620,416,false],"thumbnail":["https:\/\/arantv.az\/wp-content\/uploads\/2022\/02\/iraan-500x280.jpg",500,280,true],"medium":["https:\/\/arantv.az\/wp-content\/uploads\/2022\/02\/iraan-544x365.jpg",544,365,true],"large":["https:\/\/arantv.az\/wp-content\/uploads\/2022\/02\/iraan.jpg",620,416,false],"1536x1536":["https:\/\/arantv.az\/wp-content\/uploads\/2022\/02\/iraan.jpg",620,416,false],"2048x2048":["https:\/\/arantv.az\/wp-content\/uploads\/2022\/02\/iraan.jpg",620,416,false],"post-thumbnail":["https:\/\/arantv.az\/wp-content\/uploads\/2022\/02\/iraan-240x172.jpg",240,172,true],"advps-thumb-one":["https:\/\/arantv.az\/wp-content\/uploads\/2022\/02\/iraan.jpg",620,416,false]},"rttpg_author":{"display_name":"V\u00fcsal Rafiqo\u011flu","author_link":"https:\/\/arantv.az\/?author=2"},"rttpg_comment":0,"rttpg_category":"<a href=\"https:\/\/arantv.az\/?cat=7\" rel=\"category\">D\u00fcnya<\/a>","rttpg_excerpt":"\u0130randa ya\u015fay\u0131\u015f binalar\u0131ndan birind\u0259 \u00e7\u0259kil\u0259n video sosial \u015f\u0259b\u0259k\u0259l\u0259rin g\u00fcnd\u0259mini z\u0259bt edib. \u201cAzad \u0130ran\u201d \u201cTelegram\u201d kanal\u0131 x\u0259b\u0259r verir ki, bu bar\u0259d\u0259 \u201cIran International\u201d x\u0259b\u0259r agentliyi m\u0259lumat yay\u0131b. \u0130randa inqilabdan sonra h\u0259r il 11 fevral (22 b\u0259hm\u0259n) islam inqilab\u0131n\u0131n q\u0259l\u0259b\u0259si g\u00fcn\u00fc kimi r\u0259smi \u015f\u0259kild\u0259 qeyd olunur. Bildirilir ki, fevral\u0131n 10-da, y\u0259ni inqilab\u0131n ild\u00f6n\u00fcm\u00fcnd\u0259n bir g\u00fcn qabaq Tehran&hellip;","_links":{"self":[{"href":"https:\/\/arantv.az\/index.php?rest_route=\/wp\/v2\/posts\/437952"}],"collection":[{"href":"https:\/\/arantv.az\/index.php?rest_route=\/wp\/v2\/posts"}],"about":[{"href":"https:\/\/arantv.az\/index.php?rest_route=\/wp\/v2\/types\/post"}],"author":[{"embeddable":true,"href":"https:\/\/arantv.az\/index.php?rest_route=\/wp\/v2\/users\/2"}],"replies":[{"embeddable":true,"href":"https:\/\/arantv.az\/index.php?rest_route=%2Fwp%2Fv2%2Fcomments&post=437952"}],"version-history":[{"count":0,"href":"https:\/\/arantv.az\/index.php?rest_route=\/wp\/v2\/posts\/437952\/revisions"}],"wp:featuredmedia":[{"embeddable":true,"href":"https:\/\/arantv.az\/index.php?rest_route=\/wp\/v2\/media\/437953"}],"wp:attachment":[{"href":"https:\/\/arantv.az\/index.php?rest_route=%2Fwp%2Fv2%2Fmedia&parent=437952"}],"wp:term":[{"taxonomy":"category","embeddable":true,"href":"https:\/\/arantv.az\/index.php?rest_route=%2Fwp%2Fv2%2Fcategories&post=437952"},{"taxonomy":"post_tag","embeddable":true,"href":"https:\/\/arantv.az\/index.php?rest_route=%2Fwp%2Fv2%2Ftags&post=437952"}],"curies":[{"name":"wp","href":"https:\/\/api.w.org\/{rel}","templated":true}]}}