{"id":437958,"date":"2022-02-12T08:37:24","date_gmt":"2022-02-12T05:37:24","guid":{"rendered":"http:\/\/arantv.az\/?p=437958"},"modified":"2022-02-12T08:37:24","modified_gmt":"2022-02-12T05:37:24","slug":"avropada-real-h%c9%99rbi-munaqis%c9%99-riski-var-nato-bas-katibi","status":"publish","type":"post","link":"https:\/\/arantv.az\/?p=437958","title":{"rendered":"\u201cAvropada real h\u0259rbi m\u00fcnaqi\u015f\u0259 riski var\u201d &#8211; NATO ba\u015f katibi"},"content":{"rendered":"<p><strong>NATO-nun ba\u015f katibi Yens Stoltenberq bildirib ki, Avropada yeni real h\u0259rbi m\u00fcnaqi\u015f\u0259 riski var, \u00e7\u00fcnki Rusiyan\u0131n h\u0259rbi g\u00fcc\u00fcn\u00fcn art\u0131r\u0131lmas\u0131 davam edir.<\/strong><\/p>\n<p>Bu bar\u0259d\u0259<strong> ARANTV.AZ\u00a0<\/strong> &#8220;Report&#8221;a istinad\u0259n x\u0259b\u0259r verir.<\/p>\n<p>Rusiyan\u0131 Ukrayna il\u0259 s\u0259rh\u0259dd\u0259 h\u0259rbi q\u00fcvv\u0259l\u0259ri c\u0259ml\u0259\u015fdirm\u0259kd\u0259 ittiham ed\u0259n NATO-nun ba\u015f katibi deyib ki, &#8220;h\u0259rt\u0259r\u0259fli i\u015f\u011fal riski var, lakin Kiyevd\u0259 h\u00f6kum\u0259ti devirm\u0259k c\u0259hdl\u0259ri d\u0259 daxil olmaqla, Rusiya t\u0259r\u0259find\u0259n hibrid v\u0259 informasiya h\u00fccumlar\u0131, bir \u00e7ox ba\u015fqa aqressiya da daxil olmaqla dig\u0259r aqressiv h\u0259r\u0259k\u0259t riskl\u0259ri d\u0259 var&#8221;.<\/p>\n<p>&#8220;Bizim ciddi narahatl\u0131q, ay\u0131q olmaq v\u0259 Ukraynaya qar\u015f\u0131 g\u00fcc t\u0259tbiq edil\u0259c\u0259yi t\u0259qdird\u0259 cavab verm\u0259y\u0259 haz\u0131r olmaq \u00fc\u00e7\u00fcn h\u0259r c\u00fcr \u0259sas\u0131m\u0131z var&#8221;, &#8211; o deyib.<\/p>\n<p>Stoltenberq bildirib ki, alyans\u0131n \u00fc\u00e7 m\u00fctt\u0259fiqi v\u0259 yax\u0131n ittifaq t\u0259r\u0259fda\u015flar\u0131 olan Ukrayna v\u0259 G\u00fcrc\u00fcstan\u0131n yerl\u0259\u015fdiyi Qara d\u0259niz regionu NATO \u00fc\u00e7\u00fcn strateji \u0259h\u0259miyy\u0259t\u0259 malik regiondur. Onun s\u00f6zl\u0259rin\u0259 g\u00f6r\u0259, Avropa t\u0259hl\u00fck\u0259sizliyi m\u0259s\u0259l\u0259l\u0259rinin m\u00fczakir\u0259si \u00fc\u00e7\u00fcn Rusiyaya t\u0259klif g\u00f6nd\u0259rilib, lakin NATO \u0259sas prinsipl\u0259rd\u0259n &#8211; h\u0259r bir \u00f6lk\u0259nin \u00f6z yolunu se\u00e7m\u0259k h\u00fcququndan v\u0259 alyans\u0131n m\u00fcdafi\u0259 imkanlar\u0131ndan g\u00fcz\u0259\u015ft\u0259 getm\u0259y\u0259c\u0259k.<\/p>\n<div>\n<div class=\"AdviadNativeVideo\"><\/div>\n<\/div>\n<p>Alyans\u0131n c\u0259nub-\u015f\u0259rq hiss\u0259sind\u0259, y\u0259ni Rum\u0131niyada v\u0259 Qara d\u0259niz zonas\u0131n\u0131n dig\u0259r \u00f6lk\u0259l\u0259rind\u0259 uzunm\u00fcdd\u0259tli h\u0259rbi qrupla\u015fmalar\u0131n yerl\u0259\u015fdirilm\u0259si planlar\u0131na toxunan Stoltenberq \u0259lav\u0259 edib ki, Fransa Rum\u0131niyada qrupla\u015fman\u0131n r\u0259hb\u0259rliyini \u00f6z \u00fcz\u0259rin\u0259 g\u00f6t\u00fcrm\u0259yi t\u0259klif edib: &#8220;Biz olduqca vacib olan bu t\u0259klifi alq\u0131\u015flay\u0131r\u0131q&#8221;.<\/p>\n","protected":false},"excerpt":{"rendered":"<p>NATO-nun ba\u015f katibi Yens Stoltenberq bildirib ki, Avropada yeni real h\u0259rbi m\u00fcnaqi\u015f\u0259 riski var, \u00e7\u00fcnki Rusiyan\u0131n h\u0259rbi g\u00fcc\u00fcn\u00fcn art\u0131r\u0131lmas\u0131 davam edir. Bu bar\u0259d\u0259 ARANTV.AZ\u00a0 &#8220;Report&#8221;a istinad\u0259n x\u0259b\u0259r verir. Rusiyan\u0131 Ukrayna il\u0259 s\u0259rh\u0259dd\u0259 h\u0259rbi q\u00fcvv\u0259l\u0259ri c\u0259ml\u0259\u015fdirm\u0259kd\u0259 ittiham ed\u0259n NATO-nun ba\u015f katibi deyib ki, &#8220;h\u0259rt\u0259r\u0259fli i\u015f\u011fal riski var, lakin Kiyevd\u0259 h\u00f6kum\u0259ti devirm\u0259k c\u0259hdl\u0259ri d\u0259 daxil olmaqla, Rusiya t\u0259r\u0259find\u0259n hibrid v\u0259 informasiya h\u00fccumlar\u0131, bir \u00e7ox ba\u015fqa aqressiya da daxil olmaqla dig\u0259r aqressiv h\u0259r\u0259k\u0259t riskl\u0259ri d\u0259 var&#8221;. &#8220;Bizim ciddi narahatl\u0131q, ay\u0131q olmaq v\u0259 Ukraynaya qar\u015f\u0131 g\u00fcc t\u0259tbiq edil\u0259c\u0259yi t\u0259qdird\u0259 cavab verm\u0259y\u0259 haz\u0131r olmaq \u00fc\u00e7\u00fcn&hellip;<\/p>\n","protected":false},"author":2,"featured_media":437959,"comment_status":"closed","ping_status":"closed","sticky":false,"template":"","format":"standard","meta":{"om_disable_all_campaigns":false,"_monsterinsights_skip_tracking":false,"_monsterinsights_sitenote_active":false,"_monsterinsights_sitenote_note":"","_monsterinsights_sitenote_category":0},"categories":[7],"tags":[],"aioseo_notices":[],"gutentor_comment":0,"rttpg_featured_image_url":{"full":["https:\/\/arantv.az\/wp-content\/uploads\/2022\/02\/1018995.jpg",800,600,false],"landscape":["https:\/\/arantv.az\/wp-content\/uploads\/2022\/02\/1018995.jpg",800,600,false],"portraits":["https:\/\/arantv.az\/wp-content\/uploads\/2022\/02\/1018995.jpg",800,600,false],"thumbnail":["https:\/\/arantv.az\/wp-content\/uploads\/2022\/02\/1018995-500x280.jpg",500,280,true],"medium":["https:\/\/arantv.az\/wp-content\/uploads\/2022\/02\/1018995-487x365.jpg",487,365,true],"large":["https:\/\/arantv.az\/wp-content\/uploads\/2022\/02\/1018995.jpg",640,480,false],"1536x1536":["https:\/\/arantv.az\/wp-content\/uploads\/2022\/02\/1018995.jpg",800,600,false],"2048x2048":["https:\/\/arantv.az\/wp-content\/uploads\/2022\/02\/1018995.jpg",800,600,false],"post-thumbnail":["https:\/\/arantv.az\/wp-content\/uploads\/2022\/02\/1018995-240x172.jpg",240,172,true],"advps-thumb-one":["https:\/\/arantv.az\/wp-content\/uploads\/2022\/02\/1018995.jpg",800,600,false]},"rttpg_author":{"display_name":"V\u00fcsal Rafiqo\u011flu","author_link":"https:\/\/arantv.az\/?author=2"},"rttpg_comment":0,"rttpg_category":"<a href=\"https:\/\/arantv.az\/?cat=7\" rel=\"category\">D\u00fcnya<\/a>","rttpg_excerpt":"NATO-nun ba\u015f katibi Yens Stoltenberq bildirib ki, Avropada yeni real h\u0259rbi m\u00fcnaqi\u015f\u0259 riski var, \u00e7\u00fcnki Rusiyan\u0131n h\u0259rbi g\u00fcc\u00fcn\u00fcn art\u0131r\u0131lmas\u0131 davam edir. Bu bar\u0259d\u0259 ARANTV.AZ\u00a0 &#8220;Report&#8221;a istinad\u0259n x\u0259b\u0259r verir. Rusiyan\u0131 Ukrayna il\u0259 s\u0259rh\u0259dd\u0259 h\u0259rbi q\u00fcvv\u0259l\u0259ri c\u0259ml\u0259\u015fdirm\u0259kd\u0259 ittiham ed\u0259n NATO-nun ba\u015f katibi deyib ki, &#8220;h\u0259rt\u0259r\u0259fli i\u015f\u011fal riski var, lakin Kiyevd\u0259 h\u00f6kum\u0259ti devirm\u0259k c\u0259hdl\u0259ri d\u0259 daxil olmaqla, Rusiya&hellip;","_links":{"self":[{"href":"https:\/\/arantv.az\/index.php?rest_route=\/wp\/v2\/posts\/437958"}],"collection":[{"href":"https:\/\/arantv.az\/index.php?rest_route=\/wp\/v2\/posts"}],"about":[{"href":"https:\/\/arantv.az\/index.php?rest_route=\/wp\/v2\/types\/post"}],"author":[{"embeddable":true,"href":"https:\/\/arantv.az\/index.php?rest_route=\/wp\/v2\/users\/2"}],"replies":[{"embeddable":true,"href":"https:\/\/arantv.az\/index.php?rest_route=%2Fwp%2Fv2%2Fcomments&post=437958"}],"version-history":[{"count":0,"href":"https:\/\/arantv.az\/index.php?rest_route=\/wp\/v2\/posts\/437958\/revisions"}],"wp:featuredmedia":[{"embeddable":true,"href":"https:\/\/arantv.az\/index.php?rest_route=\/wp\/v2\/media\/437959"}],"wp:attachment":[{"href":"https:\/\/arantv.az\/index.php?rest_route=%2Fwp%2Fv2%2Fmedia&parent=437958"}],"wp:term":[{"taxonomy":"category","embeddable":true,"href":"https:\/\/arantv.az\/index.php?rest_route=%2Fwp%2Fv2%2Fcategories&post=437958"},{"taxonomy":"post_tag","embeddable":true,"href":"https:\/\/arantv.az\/index.php?rest_route=%2Fwp%2Fv2%2Ftags&post=437958"}],"curies":[{"name":"wp","href":"https:\/\/api.w.org\/{rel}","templated":true}]}}